{"id":998,"date":"2017-03-23T21:55:53","date_gmt":"2017-03-23T20:55:53","guid":{"rendered":"http:\/\/sp1.kielce.eu\/?p=998"},"modified":"2017-03-23T21:56:47","modified_gmt":"2017-03-23T20:56:47","slug":"konkurs-plastyczny-hartuj","status":"publish","type":"post","link":"https:\/\/sp1.kielce.eu\/index.php\/2017\/03\/23\/konkurs-plastyczny-hartuj\/","title":{"rendered":"Konkurs Plastyczny \u201eHartuj si\u0119 kto mo\u017ce\u201d"},"content":{"rendered":"<p>27.02.2017<\/p>\n<p>Wewn\u0105trzszkolny Konkurs Plastyczny \u201eHartuj si\u0119 kto mo\u017ce\u201d zosta\u0142 zorganizowany przez p. Urszul\u0119 Wo\u017aniak we wsp\u00f3\u0142pracy z p. Mari\u0105 Cha\u0142upczak. G\u0142\u00f3wnym celem konkursu by\u0142o propagowanie zdrowego stylu \u017cycia oraz zach\u0119canie do aktywno\u015bci na \u015bwie\u017cym powietrzu w warunkach zimowych. Wp\u0142yn\u0119\u0142y bardzo \u0142adnie i pomys\u0142owo wykonane\u00a0 prace przedstawiaj\u0105ce r\u00f3\u017cne formy ruchu i zabaw na \u015bniegu. Oto wyniki: I miejsce zaj\u0119\u0142a Katarzyna Witka z klasy Va, II miejsce zaj\u0119\u0142a Aleksandra Bartosz z klasy Va, III miejsce Oliwia Maliszewska r\u00f3wnie\u017c z klasy Va. Uczennice otrzyma\u0142y dyplomy i drobne upominki.<br \/>\nSerdecznie gratulujemy!!!<\/p>\n<div style=\"text-align: right;\">Urszula Wo\u017aniak<\/div>\n<div style=\"text-align: center;\">\n<div id='gallery-1' class='gallery galleryid-998 gallery-columns-3 gallery-size-thumbnail'><figure class='gallery-item'>\n\t\t\t<div class='gallery-icon landscape'>\n\t\t\t\t<a href='https:\/\/sp1.kielce.eu\/wp-content\/uploads\/2017\/03\/hartuj1.jpg'><img loading=\"lazy\" decoding=\"async\" width=\"150\" height=\"150\" src=\"https:\/\/sp1.kielce.eu\/wp-content\/uploads\/2017\/03\/hartuj1-150x150.jpg\" class=\"attachment-thumbnail size-thumbnail\" alt=\"sp1 kielce\" \/><\/a>\n\t\t\t<\/div><\/figure><figure class='gallery-item'>\n\t\t\t<div class='gallery-icon landscape'>\n\t\t\t\t<a href='https:\/\/sp1.kielce.eu\/wp-content\/uploads\/2017\/03\/hartuj2.jpg'><img loading=\"lazy\" decoding=\"async\" width=\"150\" height=\"150\" src=\"https:\/\/sp1.kielce.eu\/wp-content\/uploads\/2017\/03\/hartuj2-150x150.jpg\" class=\"attachment-thumbnail size-thumbnail\" alt=\"\" \/><\/a>\n\t\t\t<\/div><\/figure><figure class='gallery-item'>\n\t\t\t<div class='gallery-icon landscape'>\n\t\t\t\t<a href='https:\/\/sp1.kielce.eu\/wp-content\/uploads\/2017\/03\/hartuj3.jpg'><img loading=\"lazy\" decoding=\"async\" width=\"150\" height=\"150\" src=\"https:\/\/sp1.kielce.eu\/wp-content\/uploads\/2017\/03\/hartuj3-150x150.jpg\" class=\"attachment-thumbnail size-thumbnail\" alt=\"sp1 kielce\" \/><\/a>\n\t\t\t<\/div><\/figure><figure class='gallery-item'>\n\t\t\t<div class='gallery-icon landscape'>\n\t\t\t\t<a href='https:\/\/sp1.kielce.eu\/wp-content\/uploads\/2017\/03\/hartuj4.jpg'><img loading=\"lazy\" decoding=\"async\" width=\"150\" height=\"150\" src=\"https:\/\/sp1.kielce.eu\/wp-content\/uploads\/2017\/03\/hartuj4-150x150.jpg\" class=\"attachment-thumbnail size-thumbnail\" alt=\"\" \/><\/a>\n\t\t\t<\/div><\/figure><figure class='gallery-item'>\n\t\t\t<div class='gallery-icon landscape'>\n\t\t\t\t<a href='https:\/\/sp1.kielce.eu\/wp-content\/uploads\/2017\/03\/hartuj5.jpg'><img loading=\"lazy\" decoding=\"async\" width=\"150\" height=\"150\" src=\"https:\/\/sp1.kielce.eu\/wp-content\/uploads\/2017\/03\/hartuj5-150x150.jpg\" class=\"attachment-thumbnail size-thumbnail\" alt=\"\" \/><\/a>\n\t\t\t<\/div><\/figure>\n\t\t<\/div>\n\n<\/div>\n","protected":false},"excerpt":{"rendered":"<p>27.02.2017 Wewn\u0105trzszkolny Konkurs Plastyczny \u201eHartuj si\u0119 kto mo\u017ce\u201d zosta\u0142 zorganizowany przez p. Urszul\u0119 Wo\u017aniak we [&hellip;]<\/p>\n","protected":false},"author":4,"featured_media":1001,"comment_status":"closed","ping_status":"open","sticky":false,"template":"","format":"standard","meta":{"footnotes":""},"categories":[11],"tags":[34],"class_list":["post-998","post","type-post","status-publish","format-standard","has-post-thumbnail","hentry","category-zawody-sportowe","tag-sport"],"_links":{"self":[{"href":"https:\/\/sp1.kielce.eu\/index.php\/wp-json\/wp\/v2\/posts\/998","targetHints":{"allow":["GET"]}}],"collection":[{"href":"https:\/\/sp1.kielce.eu\/index.php\/wp-json\/wp\/v2\/posts"}],"about":[{"href":"https:\/\/sp1.kielce.eu\/index.php\/wp-json\/wp\/v2\/types\/post"}],"author":[{"embeddable":true,"href":"https:\/\/sp1.kielce.eu\/index.php\/wp-json\/wp\/v2\/users\/4"}],"replies":[{"embeddable":true,"href":"https:\/\/sp1.kielce.eu\/index.php\/wp-json\/wp\/v2\/comments?post=998"}],"version-history":[{"count":2,"href":"https:\/\/sp1.kielce.eu\/index.php\/wp-json\/wp\/v2\/posts\/998\/revisions"}],"predecessor-version":[{"id":1005,"href":"https:\/\/sp1.kielce.eu\/index.php\/wp-json\/wp\/v2\/posts\/998\/revisions\/1005"}],"wp:featuredmedia":[{"embeddable":true,"href":"https:\/\/sp1.kielce.eu\/index.php\/wp-json\/wp\/v2\/media\/1001"}],"wp:attachment":[{"href":"https:\/\/sp1.kielce.eu\/index.php\/wp-json\/wp\/v2\/media?parent=998"}],"wp:term":[{"taxonomy":"category","embeddable":true,"href":"https:\/\/sp1.kielce.eu\/index.php\/wp-json\/wp\/v2\/categories?post=998"},{"taxonomy":"post_tag","embeddable":true,"href":"https:\/\/sp1.kielce.eu\/index.php\/wp-json\/wp\/v2\/tags?post=998"}],"curies":[{"name":"wp","href":"https:\/\/api.w.org\/{rel}","templated":true}]}}