{"id":9891,"date":"2019-12-13T02:43:47","date_gmt":"2019-12-13T01:43:47","guid":{"rendered":"http:\/\/sp1.kielce.eu\/?p=9891"},"modified":"2020-07-05T13:06:18","modified_gmt":"2020-07-05T11:06:18","slug":"miedzyszkolny-konkurs-recytatorski-rozstrzygniety","status":"publish","type":"post","link":"https:\/\/sp1.kielce.eu\/index.php\/2019\/12\/13\/miedzyszkolny-konkurs-recytatorski-rozstrzygniety\/","title":{"rendered":"Mi\u0119dzyszkolny Konkurs Recytatorski &#8211; rozstrzygni\u0119ty"},"content":{"rendered":"\n<p>12 grudnia 2019&nbsp;r. w&nbsp;Teatrze Lalki i&nbsp;Aktora \u201eKubu\u015b\u201d odby\u0142 koncert fina\u0142owy VII&nbsp;Mi\u0119dzyszkolnego Konkursu Recytatorskiego pod has\u0142em \u201eEch muzyka, muzyka, muzyka\u2026\u201d. Wyst\u0119py m\u0142odych recytator\u00f3w poprzedzone zosta\u0142y warsztatami teatralnymi. <br> W\u015br\u00f3d 13 finalist\u00f3w z&nbsp;kieleckich szk\u00f3\u0142 znalaz\u0142a si\u0119 reprezentantka naszej Szko\u0142y <strong>Aleksandra R\u0119bi\u015b<\/strong> z&nbsp;klasy Ib, kt\u00f3ra zaj\u0119\u0142a <strong>II&nbsp;miejsce<\/strong>.<br>Gratulujemy i \u017cyczymy dalszych sukces\u00f3w!<\/p>\n\n\n\n<p style=\"text-align:right\">El\u017cbieta Lis<\/p>\n\n\n\n<ul class=\"wp-block-gallery columns-3 is-cropped wp-block-gallery-1 is-layout-flex wp-block-gallery-is-layout-flex\"><li class=\"blocks-gallery-item\"><figure><a href=\"http:\/\/sp1.kielce.eu\/wp-content\/uploads\/2019\/12\/20191212_121559-Copy-506x900.jpg\"><img loading=\"lazy\" decoding=\"async\" width=\"506\" height=\"900\" src=\"http:\/\/sp1.kielce.eu\/wp-content\/uploads\/2019\/12\/20191212_121559-Copy-506x900.jpg\" alt=\"\" data-id=\"9892\" data-link=\"http:\/\/sp1.kielce.eu\/?attachment_id=9892\" class=\"wp-image-9892\" srcset=\"https:\/\/sp1.kielce.eu\/wp-content\/uploads\/2019\/12\/20191212_121559-Copy.jpg 506w, https:\/\/sp1.kielce.eu\/wp-content\/uploads\/2019\/12\/20191212_121559-Copy-169x300.jpg 169w\" sizes=\"auto, (max-width: 506px) 100vw, 506px\" \/><\/a><\/figure><\/li><li class=\"blocks-gallery-item\"><figure><a href=\"http:\/\/sp1.kielce.eu\/wp-content\/uploads\/2019\/12\/20191212_130010-Copy.jpg\"><img loading=\"lazy\" decoding=\"async\" width=\"1200\" height=\"675\" src=\"http:\/\/sp1.kielce.eu\/wp-content\/uploads\/2019\/12\/20191212_130010-Copy.jpg\" alt=\"\" data-id=\"9893\" data-link=\"http:\/\/sp1.kielce.eu\/?attachment_id=9893\" class=\"wp-image-9893\" srcset=\"https:\/\/sp1.kielce.eu\/wp-content\/uploads\/2019\/12\/20191212_130010-Copy.jpg 1200w, https:\/\/sp1.kielce.eu\/wp-content\/uploads\/2019\/12\/20191212_130010-Copy-300x169.jpg 300w, https:\/\/sp1.kielce.eu\/wp-content\/uploads\/2019\/12\/20191212_130010-Copy-768x432.jpg 768w, https:\/\/sp1.kielce.eu\/wp-content\/uploads\/2019\/12\/20191212_130010-Copy-820x461.jpg 820w\" sizes=\"auto, (max-width: 1200px) 100vw, 1200px\" \/><\/a><\/figure><\/li><li class=\"blocks-gallery-item\"><figure><a href=\"http:\/\/sp1.kielce.eu\/wp-content\/uploads\/2019\/12\/20191212_132416-Copy.jpg\"><img loading=\"lazy\" decoding=\"async\" width=\"1200\" height=\"675\" src=\"http:\/\/sp1.kielce.eu\/wp-content\/uploads\/2019\/12\/20191212_132416-Copy.jpg\" alt=\"\" data-id=\"9894\" data-link=\"http:\/\/sp1.kielce.eu\/?attachment_id=9894\" class=\"wp-image-9894\" srcset=\"https:\/\/sp1.kielce.eu\/wp-content\/uploads\/2019\/12\/20191212_132416-Copy.jpg 1200w, https:\/\/sp1.kielce.eu\/wp-content\/uploads\/2019\/12\/20191212_132416-Copy-300x169.jpg 300w, https:\/\/sp1.kielce.eu\/wp-content\/uploads\/2019\/12\/20191212_132416-Copy-768x432.jpg 768w, https:\/\/sp1.kielce.eu\/wp-content\/uploads\/2019\/12\/20191212_132416-Copy-820x461.jpg 820w\" sizes=\"auto, (max-width: 1200px) 100vw, 1200px\" \/><\/a><\/figure><\/li><li class=\"blocks-gallery-item\"><figure><a href=\"http:\/\/sp1.kielce.eu\/wp-content\/uploads\/2019\/12\/20191212_134008-Copy-506x900.jpg\"><img loading=\"lazy\" decoding=\"async\" width=\"506\" height=\"900\" src=\"http:\/\/sp1.kielce.eu\/wp-content\/uploads\/2019\/12\/20191212_134008-Copy-506x900.jpg\" alt=\"\" data-id=\"9895\" data-link=\"http:\/\/sp1.kielce.eu\/?attachment_id=9895\" class=\"wp-image-9895\" srcset=\"https:\/\/sp1.kielce.eu\/wp-content\/uploads\/2019\/12\/20191212_134008-Copy.jpg 506w, https:\/\/sp1.kielce.eu\/wp-content\/uploads\/2019\/12\/20191212_134008-Copy-169x300.jpg 169w\" sizes=\"auto, (max-width: 506px) 100vw, 506px\" \/><\/a><\/figure><\/li><li class=\"blocks-gallery-item\"><figure><a href=\"http:\/\/sp1.kielce.eu\/wp-content\/uploads\/2019\/12\/20191212_150705-Copy.jpg\"><img loading=\"lazy\" decoding=\"async\" width=\"1200\" height=\"675\" src=\"http:\/\/sp1.kielce.eu\/wp-content\/uploads\/2019\/12\/20191212_150705-Copy.jpg\" alt=\"\" data-id=\"9896\" data-link=\"http:\/\/sp1.kielce.eu\/?attachment_id=9896\" class=\"wp-image-9896\" srcset=\"https:\/\/sp1.kielce.eu\/wp-content\/uploads\/2019\/12\/20191212_150705-Copy.jpg 1200w, https:\/\/sp1.kielce.eu\/wp-content\/uploads\/2019\/12\/20191212_150705-Copy-300x169.jpg 300w, https:\/\/sp1.kielce.eu\/wp-content\/uploads\/2019\/12\/20191212_150705-Copy-768x432.jpg 768w, https:\/\/sp1.kielce.eu\/wp-content\/uploads\/2019\/12\/20191212_150705-Copy-820x461.jpg 820w\" sizes=\"auto, (max-width: 1200px) 100vw, 1200px\" \/><\/a><\/figure><\/li><li class=\"blocks-gallery-item\"><figure><a href=\"http:\/\/sp1.kielce.eu\/wp-content\/uploads\/2019\/12\/20191212_151631-Copy-506x900.jpg\"><img loading=\"lazy\" decoding=\"async\" width=\"506\" height=\"900\" src=\"http:\/\/sp1.kielce.eu\/wp-content\/uploads\/2019\/12\/20191212_151631-Copy-506x900.jpg\" alt=\"\" data-id=\"9897\" data-link=\"http:\/\/sp1.kielce.eu\/?attachment_id=9897\" class=\"wp-image-9897\" srcset=\"https:\/\/sp1.kielce.eu\/wp-content\/uploads\/2019\/12\/20191212_151631-Copy.jpg 506w, https:\/\/sp1.kielce.eu\/wp-content\/uploads\/2019\/12\/20191212_151631-Copy-169x300.jpg 169w\" sizes=\"auto, (max-width: 506px) 100vw, 506px\" \/><\/a><\/figure><\/li><li class=\"blocks-gallery-item\"><figure><a href=\"http:\/\/sp1.kielce.eu\/wp-content\/uploads\/2019\/12\/20191212_151910-Copy-506x900.jpg\"><img loading=\"lazy\" decoding=\"async\" width=\"506\" height=\"900\" src=\"http:\/\/sp1.kielce.eu\/wp-content\/uploads\/2019\/12\/20191212_151910-Copy-506x900.jpg\" alt=\"\" data-id=\"9898\" data-link=\"http:\/\/sp1.kielce.eu\/?attachment_id=9898\" class=\"wp-image-9898\" srcset=\"https:\/\/sp1.kielce.eu\/wp-content\/uploads\/2019\/12\/20191212_151910-Copy.jpg 506w, https:\/\/sp1.kielce.eu\/wp-content\/uploads\/2019\/12\/20191212_151910-Copy-169x300.jpg 169w\" sizes=\"auto, (max-width: 506px) 100vw, 506px\" \/><\/a><\/figure><\/li><li class=\"blocks-gallery-item\"><figure><a href=\"http:\/\/sp1.kielce.eu\/wp-content\/uploads\/2019\/12\/20191212_1519260-Copy-506x900.jpg\"><img loading=\"lazy\" decoding=\"async\" width=\"506\" height=\"900\" src=\"http:\/\/sp1.kielce.eu\/wp-content\/uploads\/2019\/12\/20191212_1519260-Copy-506x900.jpg\" alt=\"\" data-id=\"9899\" data-link=\"http:\/\/sp1.kielce.eu\/?attachment_id=9899\" class=\"wp-image-9899\" srcset=\"https:\/\/sp1.kielce.eu\/wp-content\/uploads\/2019\/12\/20191212_1519260-Copy.jpg 506w, https:\/\/sp1.kielce.eu\/wp-content\/uploads\/2019\/12\/20191212_1519260-Copy-169x300.jpg 169w\" sizes=\"auto, (max-width: 506px) 100vw, 506px\" \/><\/a><\/figure><\/li><li class=\"blocks-gallery-item\"><figure><a href=\"http:\/\/sp1.kielce.eu\/wp-content\/uploads\/2019\/12\/20191212_182843-Copy-953x900.jpg\"><img loading=\"lazy\" decoding=\"async\" width=\"953\" height=\"900\" src=\"http:\/\/sp1.kielce.eu\/wp-content\/uploads\/2019\/12\/20191212_182843-Copy-953x900.jpg\" alt=\"\" data-id=\"9900\" data-link=\"http:\/\/sp1.kielce.eu\/?attachment_id=9900\" class=\"wp-image-9900\" srcset=\"https:\/\/sp1.kielce.eu\/wp-content\/uploads\/2019\/12\/20191212_182843-Copy.jpg 953w, https:\/\/sp1.kielce.eu\/wp-content\/uploads\/2019\/12\/20191212_182843-Copy-300x283.jpg 300w, https:\/\/sp1.kielce.eu\/wp-content\/uploads\/2019\/12\/20191212_182843-Copy-768x725.jpg 768w, https:\/\/sp1.kielce.eu\/wp-content\/uploads\/2019\/12\/20191212_182843-Copy-820x774.jpg 820w\" sizes=\"auto, (max-width: 953px) 100vw, 953px\" \/><\/a><\/figure><\/li><\/ul>\n","protected":false},"excerpt":{"rendered":"<p>12 grudnia 2019&nbsp;r. w&nbsp;Teatrze Lalki i&nbsp;Aktora \u201eKubu\u015b\u201d odby\u0142 koncert fina\u0142owy VII&nbsp;Mi\u0119dzyszkolnego Konkursu Recytatorskiego pod has\u0142em [&hellip;]<\/p>\n","protected":false},"author":13,"featured_media":9899,"comment_status":"closed","ping_status":"open","sticky":false,"template":"","format":"standard","meta":{"footnotes":""},"categories":[36,10,21],"tags":[],"class_list":["post-9891","post","type-post","status-publish","format-standard","has-post-thumbnail","hentry","category-wydarzenia","category-konkursy-przedmiotowe","category-konkursy"],"_links":{"self":[{"href":"https:\/\/sp1.kielce.eu\/index.php\/wp-json\/wp\/v2\/posts\/9891","targetHints":{"allow":["GET"]}}],"collection":[{"href":"https:\/\/sp1.kielce.eu\/index.php\/wp-json\/wp\/v2\/posts"}],"about":[{"href":"https:\/\/sp1.kielce.eu\/index.php\/wp-json\/wp\/v2\/types\/post"}],"author":[{"embeddable":true,"href":"https:\/\/sp1.kielce.eu\/index.php\/wp-json\/wp\/v2\/users\/13"}],"replies":[{"embeddable":true,"href":"https:\/\/sp1.kielce.eu\/index.php\/wp-json\/wp\/v2\/comments?post=9891"}],"version-history":[{"count":5,"href":"https:\/\/sp1.kielce.eu\/index.php\/wp-json\/wp\/v2\/posts\/9891\/revisions"}],"predecessor-version":[{"id":12603,"href":"https:\/\/sp1.kielce.eu\/index.php\/wp-json\/wp\/v2\/posts\/9891\/revisions\/12603"}],"wp:featuredmedia":[{"embeddable":true,"href":"https:\/\/sp1.kielce.eu\/index.php\/wp-json\/wp\/v2\/media\/9899"}],"wp:attachment":[{"href":"https:\/\/sp1.kielce.eu\/index.php\/wp-json\/wp\/v2\/media?parent=9891"}],"wp:term":[{"taxonomy":"category","embeddable":true,"href":"https:\/\/sp1.kielce.eu\/index.php\/wp-json\/wp\/v2\/categories?post=9891"},{"taxonomy":"post_tag","embeddable":true,"href":"https:\/\/sp1.kielce.eu\/index.php\/wp-json\/wp\/v2\/tags?post=9891"}],"curies":[{"name":"wp","href":"https:\/\/api.w.org\/{rel}","templated":true}]}}