{"id":9886,"date":"2019-12-13T02:38:13","date_gmt":"2019-12-13T01:38:13","guid":{"rendered":"http:\/\/sp1.kielce.eu\/?p=9886"},"modified":"2019-12-15T19:11:07","modified_gmt":"2019-12-15T18:11:07","slug":"akcja-pluszowy-mis-2019-zakonczona","status":"publish","type":"post","link":"https:\/\/sp1.kielce.eu\/index.php\/2019\/12\/13\/akcja-pluszowy-mis-2019-zakonczona\/","title":{"rendered":"Akcja ,,PLUSZOWY MI\u015a 2019\u2019\u2019 \u2013 zako\u0144czona"},"content":{"rendered":"\n<p>To ju\u017c 20 edycja tej akcji w\u00a0Szkole Podstawowej nr\u00a01 w\u00a0Kielcach. W\u00a0listopadzie i\u00a0grudniu trwa\u0142a akcja ,,PLUSZOWY MI\u015a\u201d, ca\u0142a spo\u0142eczno\u015b\u0107 szkolna zbiera\u0142a zabawki, gry, ksi\u0105\u017cki i\u00a0przybory szkolne. Ogromn\u0105 ilo\u015b\u0107 zebranych dar\u00f3w przekazali 12 grudnia 2019\u00a0r. reprezentanci szko\u0142y &#8211; klasa III\u00a0b wraz z\u00a0wychowawc\u0105 \u2013 pani\u0105 Ma\u0142gorzat\u0105 Kasz\u0105. Zawie\u017ali zgromadzone dary do Redakcji ,,Echa Dnia\u201d. Zdj\u0119cie i\u00a0notatka o\u00a0udziale w\u00a0akcji\u00a0 uka\u017c\u0105 si\u0119 wkr\u00f3tce w\u00a0grudniowym wydaniu tej gazety. Koordynatorka akcji dzi\u0119kuje za tak liczny odzew wszystkim darczy\u0144com i\u00a0ich rodzicom oraz wychowawcom klas.<\/p>\n\n\n\n<p>Media o nas:<br><a href=\"https:\/\/kielce.naszemiasto.pl\/akcja-pluszowy-mis-uczniowie-szkoly-podstawowej-numer-1-w\/ar\/c1-7467019\">https:\/\/kielce.naszemiasto.pl\/akcja-pluszowy-mis-uczniowie-szkoly-podstawowej-numer-1-w\/ar\/c1-7467019<\/a><\/p>\n\n\n\n<p style=\"text-align:right\">Koordynator akcji &#8211; Ma\u0142gorzata Kasza<\/p>\n\n\n\n<ul class=\"wp-block-gallery columns-3 is-cropped wp-block-gallery-1 is-layout-flex wp-block-gallery-is-layout-flex\"><li class=\"blocks-gallery-item\"><figure><a href=\"http:\/\/sp1.kielce.eu\/wp-content\/uploads\/2019\/12\/DSC05958-Copy-915x900.jpg\"><img loading=\"lazy\" decoding=\"async\" width=\"915\" height=\"900\" src=\"http:\/\/sp1.kielce.eu\/wp-content\/uploads\/2019\/12\/DSC05958-Copy-915x900.jpg\" alt=\"\" data-id=\"9887\" data-link=\"http:\/\/sp1.kielce.eu\/?attachment_id=9887\" class=\"wp-image-9887\" srcset=\"https:\/\/sp1.kielce.eu\/wp-content\/uploads\/2019\/12\/DSC05958-Copy.jpg 915w, https:\/\/sp1.kielce.eu\/wp-content\/uploads\/2019\/12\/DSC05958-Copy-300x295.jpg 300w, https:\/\/sp1.kielce.eu\/wp-content\/uploads\/2019\/12\/DSC05958-Copy-768x755.jpg 768w, https:\/\/sp1.kielce.eu\/wp-content\/uploads\/2019\/12\/DSC05958-Copy-820x807.jpg 820w\" sizes=\"auto, (max-width: 915px) 100vw, 915px\" \/><\/a><\/figure><\/li><li class=\"blocks-gallery-item\"><figure><a href=\"http:\/\/sp1.kielce.eu\/wp-content\/uploads\/2019\/12\/DSC05959-Copy-675x900.jpg\"><img loading=\"lazy\" decoding=\"async\" width=\"675\" height=\"900\" src=\"http:\/\/sp1.kielce.eu\/wp-content\/uploads\/2019\/12\/DSC05959-Copy-675x900.jpg\" alt=\"\" data-id=\"9888\" data-link=\"http:\/\/sp1.kielce.eu\/?attachment_id=9888\" class=\"wp-image-9888\" srcset=\"https:\/\/sp1.kielce.eu\/wp-content\/uploads\/2019\/12\/DSC05959-Copy.jpg 675w, https:\/\/sp1.kielce.eu\/wp-content\/uploads\/2019\/12\/DSC05959-Copy-225x300.jpg 225w\" sizes=\"auto, (max-width: 675px) 100vw, 675px\" \/><\/a><\/figure><\/li><li class=\"blocks-gallery-item\"><figure><a href=\"http:\/\/sp1.kielce.eu\/wp-content\/uploads\/2019\/12\/DSC05960-Copy-1200x900.jpg\"><img loading=\"lazy\" decoding=\"async\" width=\"1200\" height=\"900\" src=\"http:\/\/sp1.kielce.eu\/wp-content\/uploads\/2019\/12\/DSC05960-Copy-1200x900.jpg\" alt=\"\" data-id=\"9889\" data-link=\"http:\/\/sp1.kielce.eu\/?attachment_id=9889\" class=\"wp-image-9889\" srcset=\"https:\/\/sp1.kielce.eu\/wp-content\/uploads\/2019\/12\/DSC05960-Copy.jpg 1200w, https:\/\/sp1.kielce.eu\/wp-content\/uploads\/2019\/12\/DSC05960-Copy-300x225.jpg 300w, https:\/\/sp1.kielce.eu\/wp-content\/uploads\/2019\/12\/DSC05960-Copy-768x576.jpg 768w, https:\/\/sp1.kielce.eu\/wp-content\/uploads\/2019\/12\/DSC05960-Copy-820x615.jpg 820w\" sizes=\"auto, (max-width: 1200px) 100vw, 1200px\" \/><\/a><\/figure><\/li><\/ul>\n","protected":false},"excerpt":{"rendered":"<p>To ju\u017c 20 edycja tej akcji w\u00a0Szkole Podstawowej nr\u00a01 w\u00a0Kielcach. W\u00a0listopadzie i\u00a0grudniu trwa\u0142a akcja ,,PLUSZOWY [&hellip;]<\/p>\n","protected":false},"author":13,"featured_media":9889,"comment_status":"closed","ping_status":"open","sticky":false,"template":"","format":"standard","meta":{"footnotes":""},"categories":[36,23],"tags":[],"class_list":["post-9886","post","type-post","status-publish","format-standard","has-post-thumbnail","hentry","category-wydarzenia","category-charytatywne"],"_links":{"self":[{"href":"https:\/\/sp1.kielce.eu\/index.php\/wp-json\/wp\/v2\/posts\/9886","targetHints":{"allow":["GET"]}}],"collection":[{"href":"https:\/\/sp1.kielce.eu\/index.php\/wp-json\/wp\/v2\/posts"}],"about":[{"href":"https:\/\/sp1.kielce.eu\/index.php\/wp-json\/wp\/v2\/types\/post"}],"author":[{"embeddable":true,"href":"https:\/\/sp1.kielce.eu\/index.php\/wp-json\/wp\/v2\/users\/13"}],"replies":[{"embeddable":true,"href":"https:\/\/sp1.kielce.eu\/index.php\/wp-json\/wp\/v2\/comments?post=9886"}],"version-history":[{"count":3,"href":"https:\/\/sp1.kielce.eu\/index.php\/wp-json\/wp\/v2\/posts\/9886\/revisions"}],"predecessor-version":[{"id":9932,"href":"https:\/\/sp1.kielce.eu\/index.php\/wp-json\/wp\/v2\/posts\/9886\/revisions\/9932"}],"wp:featuredmedia":[{"embeddable":true,"href":"https:\/\/sp1.kielce.eu\/index.php\/wp-json\/wp\/v2\/media\/9889"}],"wp:attachment":[{"href":"https:\/\/sp1.kielce.eu\/index.php\/wp-json\/wp\/v2\/media?parent=9886"}],"wp:term":[{"taxonomy":"category","embeddable":true,"href":"https:\/\/sp1.kielce.eu\/index.php\/wp-json\/wp\/v2\/categories?post=9886"},{"taxonomy":"post_tag","embeddable":true,"href":"https:\/\/sp1.kielce.eu\/index.php\/wp-json\/wp\/v2\/tags?post=9886"}],"curies":[{"name":"wp","href":"https:\/\/api.w.org\/{rel}","templated":true}]}}