{"id":9880,"date":"2019-12-13T02:35:39","date_gmt":"2019-12-13T01:35:39","guid":{"rendered":"http:\/\/sp1.kielce.eu\/?p=9880"},"modified":"2020-01-20T16:29:48","modified_gmt":"2020-01-20T15:29:48","slug":"swietlicowy-konkurs-wiedzy-przyrodniczej-pory-roku","status":"publish","type":"post","link":"https:\/\/sp1.kielce.eu\/index.php\/2019\/12\/13\/swietlicowy-konkurs-wiedzy-przyrodniczej-pory-roku\/","title":{"rendered":"\u015awietlicowy konkurs wiedzy przyrodniczej \u201ePory roku\u201d"},"content":{"rendered":"\n<p>28 listopada nast\u0105pi\u0142o rozstrzygni\u0119cie \u015bwietlicowego konkursu\nwiedzy przyrodniczej \u201ePory roku\u201d. W&nbsp;konkursie udzia\u0142 wzi\u0119\u0142o 15 uczni\u00f3w\nklas I i&nbsp;II. Uczniowie rozwi\u0105zywali zagadki przyrodnicze, a&nbsp;tak\u017ce\ndopasowywali wylosowane fotografie do odpowiedniej pory roku uzasadniaj\u0105c swoje\ndecyzje. Rywalizacja okaza\u0142a si\u0119 wci\u0105gaj\u0105ca i&nbsp;zaci\u0119ta. Najwi\u0119ksz\u0105\nznajomo\u015bci\u0105 przyrody wykaza\u0142a si\u0119 uczennica \u2013 Zuzia Chechelska z&nbsp;klasy I&nbsp;b,\nkt\u00f3ra zaj\u0119\u0142a I&nbsp;miejsce. Kolejne miejsca zaj\u0119\u0142y uczennice: Julia Jankowska\nz&nbsp;klasy II&nbsp;b (II miejsce) oraz Aleksandra R\u0119bi\u015b z&nbsp;klasy I&nbsp;b\n(III&nbsp;miejsce). Wszystkim uczestnikom dzi\u0119kuj\u0119 za wzi\u0119cie udzia\u0142u, a\nzwyci\u0119zcom- serdecznie gratuluj\u0119 wygranej.<\/p>\n\n\n\n<p style=\"text-align:right\">Organizator : Monika Go\u0142\u0105bek<\/p>\n\n\n\n<ul class=\"wp-block-gallery columns-4 is-cropped wp-block-gallery-1 is-layout-flex wp-block-gallery-is-layout-flex\"><li class=\"blocks-gallery-item\"><figure><a href=\"http:\/\/sp1.kielce.eu\/wp-content\/uploads\/2019\/12\/IMG_20191120_121522-Copy-746x900.jpg\"><img loading=\"lazy\" decoding=\"async\" width=\"746\" height=\"900\" src=\"http:\/\/sp1.kielce.eu\/wp-content\/uploads\/2019\/12\/IMG_20191120_121522-Copy-746x900.jpg\" alt=\"\" data-id=\"9881\" data-link=\"http:\/\/sp1.kielce.eu\/index.php\/2019\/12\/13\/swietlicowy-konkurs-wiedzy-przyrodniczej-pory-roku\/img_20191120_121522-copy\/\" class=\"wp-image-9881\" srcset=\"https:\/\/sp1.kielce.eu\/wp-content\/uploads\/2019\/12\/IMG_20191120_121522-Copy.jpg 746w, https:\/\/sp1.kielce.eu\/wp-content\/uploads\/2019\/12\/IMG_20191120_121522-Copy-249x300.jpg 249w\" sizes=\"auto, (max-width: 746px) 100vw, 746px\" \/><\/a><\/figure><\/li><li class=\"blocks-gallery-item\"><figure><a href=\"http:\/\/sp1.kielce.eu\/wp-content\/uploads\/2019\/12\/IMG_20191120_121734-Copy.jpg\"><img loading=\"lazy\" decoding=\"async\" width=\"1200\" height=\"600\" src=\"http:\/\/sp1.kielce.eu\/wp-content\/uploads\/2019\/12\/IMG_20191120_121734-Copy.jpg\" alt=\"\" data-id=\"9882\" data-link=\"http:\/\/sp1.kielce.eu\/index.php\/2019\/12\/13\/swietlicowy-konkurs-wiedzy-przyrodniczej-pory-roku\/img_20191120_121734-copy\/\" class=\"wp-image-9882\" srcset=\"https:\/\/sp1.kielce.eu\/wp-content\/uploads\/2019\/12\/IMG_20191120_121734-Copy.jpg 1200w, https:\/\/sp1.kielce.eu\/wp-content\/uploads\/2019\/12\/IMG_20191120_121734-Copy-300x150.jpg 300w, https:\/\/sp1.kielce.eu\/wp-content\/uploads\/2019\/12\/IMG_20191120_121734-Copy-768x384.jpg 768w, https:\/\/sp1.kielce.eu\/wp-content\/uploads\/2019\/12\/IMG_20191120_121734-Copy-820x410.jpg 820w\" sizes=\"auto, (max-width: 1200px) 100vw, 1200px\" \/><\/a><\/figure><\/li><li class=\"blocks-gallery-item\"><figure><a href=\"http:\/\/sp1.kielce.eu\/wp-content\/uploads\/2019\/12\/IMG_20191120_130121-Copy-450x900.jpg\"><img loading=\"lazy\" decoding=\"async\" width=\"450\" height=\"900\" src=\"http:\/\/sp1.kielce.eu\/wp-content\/uploads\/2019\/12\/IMG_20191120_130121-Copy-450x900.jpg\" alt=\"\" data-id=\"9883\" data-link=\"http:\/\/sp1.kielce.eu\/index.php\/2019\/12\/13\/swietlicowy-konkurs-wiedzy-przyrodniczej-pory-roku\/img_20191120_130121-copy\/\" class=\"wp-image-9883\" srcset=\"https:\/\/sp1.kielce.eu\/wp-content\/uploads\/2019\/12\/IMG_20191120_130121-Copy.jpg 450w, https:\/\/sp1.kielce.eu\/wp-content\/uploads\/2019\/12\/IMG_20191120_130121-Copy-150x300.jpg 150w\" sizes=\"auto, (max-width: 450px) 100vw, 450px\" \/><\/a><\/figure><\/li><li class=\"blocks-gallery-item\"><figure><a href=\"http:\/\/sp1.kielce.eu\/wp-content\/uploads\/2019\/12\/IMG_20191127_130246-Copy.jpg\"><img loading=\"lazy\" decoding=\"async\" width=\"1200\" height=\"637\" src=\"http:\/\/sp1.kielce.eu\/wp-content\/uploads\/2019\/12\/IMG_20191127_130246-Copy.jpg\" alt=\"\" data-id=\"10680\" data-link=\"http:\/\/sp1.kielce.eu\/index.php\/2019\/12\/13\/swietlicowy-konkurs-wiedzy-przyrodniczej-pory-roku\/img_20191127_130246-copy\/\" class=\"wp-image-10680\" srcset=\"https:\/\/sp1.kielce.eu\/wp-content\/uploads\/2019\/12\/IMG_20191127_130246-Copy.jpg 1200w, https:\/\/sp1.kielce.eu\/wp-content\/uploads\/2019\/12\/IMG_20191127_130246-Copy-300x159.jpg 300w, https:\/\/sp1.kielce.eu\/wp-content\/uploads\/2019\/12\/IMG_20191127_130246-Copy-768x408.jpg 768w, https:\/\/sp1.kielce.eu\/wp-content\/uploads\/2019\/12\/IMG_20191127_130246-Copy-820x435.jpg 820w\" sizes=\"auto, (max-width: 1200px) 100vw, 1200px\" \/><\/a><\/figure><\/li><\/ul>\n","protected":false},"excerpt":{"rendered":"<p>28 listopada nast\u0105pi\u0142o rozstrzygni\u0119cie \u015bwietlicowego konkursu wiedzy przyrodniczej \u201ePory roku\u201d. W&nbsp;konkursie udzia\u0142 wzi\u0119\u0142o 15 uczni\u00f3w [&hellip;]<\/p>\n","protected":false},"author":13,"featured_media":10680,"comment_status":"closed","ping_status":"open","sticky":false,"template":"","format":"standard","meta":{"footnotes":""},"categories":[25],"tags":[],"class_list":["post-9880","post","type-post","status-publish","format-standard","has-post-thumbnail","hentry","category-swietlica"],"_links":{"self":[{"href":"https:\/\/sp1.kielce.eu\/index.php\/wp-json\/wp\/v2\/posts\/9880","targetHints":{"allow":["GET"]}}],"collection":[{"href":"https:\/\/sp1.kielce.eu\/index.php\/wp-json\/wp\/v2\/posts"}],"about":[{"href":"https:\/\/sp1.kielce.eu\/index.php\/wp-json\/wp\/v2\/types\/post"}],"author":[{"embeddable":true,"href":"https:\/\/sp1.kielce.eu\/index.php\/wp-json\/wp\/v2\/users\/13"}],"replies":[{"embeddable":true,"href":"https:\/\/sp1.kielce.eu\/index.php\/wp-json\/wp\/v2\/comments?post=9880"}],"version-history":[{"count":3,"href":"https:\/\/sp1.kielce.eu\/index.php\/wp-json\/wp\/v2\/posts\/9880\/revisions"}],"predecessor-version":[{"id":10681,"href":"https:\/\/sp1.kielce.eu\/index.php\/wp-json\/wp\/v2\/posts\/9880\/revisions\/10681"}],"wp:featuredmedia":[{"embeddable":true,"href":"https:\/\/sp1.kielce.eu\/index.php\/wp-json\/wp\/v2\/media\/10680"}],"wp:attachment":[{"href":"https:\/\/sp1.kielce.eu\/index.php\/wp-json\/wp\/v2\/media?parent=9880"}],"wp:term":[{"taxonomy":"category","embeddable":true,"href":"https:\/\/sp1.kielce.eu\/index.php\/wp-json\/wp\/v2\/categories?post=9880"},{"taxonomy":"post_tag","embeddable":true,"href":"https:\/\/sp1.kielce.eu\/index.php\/wp-json\/wp\/v2\/tags?post=9880"}],"curies":[{"name":"wp","href":"https:\/\/api.w.org\/{rel}","templated":true}]}}