{"id":9850,"date":"2019-12-12T09:32:32","date_gmt":"2019-12-12T08:32:32","guid":{"rendered":"http:\/\/sp1.kielce.eu\/?p=9850"},"modified":"2020-07-05T13:06:53","modified_gmt":"2020-07-05T11:06:53","slug":"wyroznienie-eryka-kubickiego-z-klasy-6b-w-xiv-miedzyszkolnym-konkursie-literacko-plastycznym-w-swiecie-utworow-mistrza-adama","status":"publish","type":"post","link":"https:\/\/sp1.kielce.eu\/index.php\/2019\/12\/12\/wyroznienie-eryka-kubickiego-z-klasy-6b-w-xiv-miedzyszkolnym-konkursie-literacko-plastycznym-w-swiecie-utworow-mistrza-adama\/","title":{"rendered":"Wyr\u00f3\u017cnienie Eryka Kubickiego  z klasy 6b w XIV Mi\u0119dzyszkolnym Konkursie Literacko \u2013 Plastycznym  ,,W \u015bwiecie utwor\u00f3w Mistrza Adama\u201d"},"content":{"rendered":"\n<p>W dniu 11.12.19 r. w Szkole Podstawowej nr 34 w Kielcach odby\u0142o si\u0119 podsumowanie XIV Mi\u0119dzyszkolnego Konkursu Literacko \u2013 Plastycznego&nbsp; ,,W \u015bwiecie utwor\u00f3w Mistrza Adama\u201d. Celem konkursu by\u0142o m.in. popularyzowanie w\u015br\u00f3d dzieci tw\u00f3rczo\u015bci wieszcza. Uroczysto\u015b\u0107 by\u0142a po\u0142\u0105czona ze \u015bwi\u0119tem patrona szko\u0142y. Z tej okazji uczniowie SP 34 przygotowali pi\u0119kn\u0105 inscenizacj\u0105 s\u0142owno- muzyczn\u0105. <strong>Eryk Kubicki<\/strong> <strong>z kl. 6b <\/strong>otrzyma\u0142 wyr\u00f3\u017cnienie &nbsp;w kategorii ilustracja do wybranego utworu Adama Mickiewicza wykonana &nbsp;w edytorze graficznym Paint.&nbsp; Prac\u0119 konkursow\u0105 mo\u017cna podziwia\u0107 w galerii zdj\u0119\u0107. To kolejny sukces Eryka w tym roku szkolnym. Gratulujemy serdecznie. <\/p>\n\n\n\n<p style=\"text-align:right\">&nbsp;&nbsp;&nbsp;&nbsp;&nbsp;&nbsp;&nbsp;&nbsp;&nbsp;&nbsp;&nbsp;&nbsp;&nbsp;&nbsp;&nbsp;&nbsp;&nbsp;&nbsp;&nbsp;&nbsp;&nbsp;&nbsp;&nbsp;&nbsp;&nbsp;&nbsp;&nbsp;&nbsp;&nbsp;&nbsp;&nbsp;&nbsp;&nbsp;&nbsp;&nbsp;&nbsp;&nbsp;&nbsp;&nbsp;&nbsp;&nbsp;&nbsp;&nbsp;&nbsp;&nbsp;&nbsp;&nbsp;&nbsp;&nbsp;&nbsp;&nbsp;&nbsp;&nbsp;&nbsp;&nbsp;&nbsp;&nbsp;&nbsp;&nbsp;\nDorota Broni\u015b- nauczyciel j. polskiego<\/p>\n\n\n\n<ul class=\"wp-block-gallery columns-3 is-cropped wp-block-gallery-1 is-layout-flex wp-block-gallery-is-layout-flex\"><li class=\"blocks-gallery-item\"><figure><a href=\"http:\/\/sp1.kielce.eu\/wp-content\/uploads\/2019\/12\/DSC_1661-Medium-598x900.jpg\"><img loading=\"lazy\" decoding=\"async\" width=\"598\" height=\"900\" src=\"http:\/\/sp1.kielce.eu\/wp-content\/uploads\/2019\/12\/DSC_1661-Medium-598x900.jpg\" alt=\"\" data-id=\"9851\" data-link=\"http:\/\/sp1.kielce.eu\/?attachment_id=9851\" class=\"wp-image-9851\" srcset=\"https:\/\/sp1.kielce.eu\/wp-content\/uploads\/2019\/12\/DSC_1661-Medium-598x900.jpg 598w, https:\/\/sp1.kielce.eu\/wp-content\/uploads\/2019\/12\/DSC_1661-Medium-199x300.jpg 199w, https:\/\/sp1.kielce.eu\/wp-content\/uploads\/2019\/12\/DSC_1661-Medium.jpg 768w\" sizes=\"auto, (max-width: 598px) 100vw, 598px\" \/><\/a><figcaption>1<\/figcaption><\/figure><\/li><li class=\"blocks-gallery-item\"><figure><a href=\"http:\/\/sp1.kielce.eu\/wp-content\/uploads\/2019\/12\/DSC_1662-Medium-598x900.jpg\"><img loading=\"lazy\" decoding=\"async\" width=\"598\" height=\"900\" src=\"http:\/\/sp1.kielce.eu\/wp-content\/uploads\/2019\/12\/DSC_1662-Medium-598x900.jpg\" alt=\"\" data-id=\"9852\" data-link=\"http:\/\/sp1.kielce.eu\/?attachment_id=9852\" class=\"wp-image-9852\" srcset=\"https:\/\/sp1.kielce.eu\/wp-content\/uploads\/2019\/12\/DSC_1662-Medium-598x900.jpg 598w, https:\/\/sp1.kielce.eu\/wp-content\/uploads\/2019\/12\/DSC_1662-Medium-199x300.jpg 199w, https:\/\/sp1.kielce.eu\/wp-content\/uploads\/2019\/12\/DSC_1662-Medium.jpg 768w\" sizes=\"auto, (max-width: 598px) 100vw, 598px\" \/><\/a><figcaption>2<\/figcaption><\/figure><\/li><li class=\"blocks-gallery-item\"><figure><a href=\"http:\/\/sp1.kielce.eu\/wp-content\/uploads\/2019\/12\/DSC_1664-Medium-598x900.jpg\"><img loading=\"lazy\" decoding=\"async\" width=\"598\" height=\"900\" src=\"http:\/\/sp1.kielce.eu\/wp-content\/uploads\/2019\/12\/DSC_1664-Medium-598x900.jpg\" alt=\"\" data-id=\"9853\" data-link=\"http:\/\/sp1.kielce.eu\/?attachment_id=9853\" class=\"wp-image-9853\" srcset=\"https:\/\/sp1.kielce.eu\/wp-content\/uploads\/2019\/12\/DSC_1664-Medium-598x900.jpg 598w, https:\/\/sp1.kielce.eu\/wp-content\/uploads\/2019\/12\/DSC_1664-Medium-199x300.jpg 199w, https:\/\/sp1.kielce.eu\/wp-content\/uploads\/2019\/12\/DSC_1664-Medium.jpg 768w\" sizes=\"auto, (max-width: 598px) 100vw, 598px\" \/><\/a><figcaption>3<\/figcaption><\/figure><\/li><li class=\"blocks-gallery-item\"><figure><a href=\"http:\/\/sp1.kielce.eu\/wp-content\/uploads\/2019\/12\/DSC_1666-Medium-598x900.jpg\"><img loading=\"lazy\" decoding=\"async\" width=\"598\" height=\"900\" src=\"http:\/\/sp1.kielce.eu\/wp-content\/uploads\/2019\/12\/DSC_1666-Medium-598x900.jpg\" alt=\"\" data-id=\"9854\" data-link=\"http:\/\/sp1.kielce.eu\/?attachment_id=9854\" class=\"wp-image-9854\" srcset=\"https:\/\/sp1.kielce.eu\/wp-content\/uploads\/2019\/12\/DSC_1666-Medium-598x900.jpg 598w, https:\/\/sp1.kielce.eu\/wp-content\/uploads\/2019\/12\/DSC_1666-Medium-199x300.jpg 199w, https:\/\/sp1.kielce.eu\/wp-content\/uploads\/2019\/12\/DSC_1666-Medium.jpg 768w\" sizes=\"auto, (max-width: 598px) 100vw, 598px\" \/><\/a><figcaption>4<\/figcaption><\/figure><\/li><li class=\"blocks-gallery-item\"><figure><a href=\"http:\/\/sp1.kielce.eu\/wp-content\/uploads\/2019\/12\/DSC_1670-Medium-598x900.jpg\"><img loading=\"lazy\" decoding=\"async\" width=\"598\" height=\"900\" src=\"http:\/\/sp1.kielce.eu\/wp-content\/uploads\/2019\/12\/DSC_1670-Medium-598x900.jpg\" alt=\"\" data-id=\"9855\" data-link=\"http:\/\/sp1.kielce.eu\/?attachment_id=9855\" class=\"wp-image-9855\" srcset=\"https:\/\/sp1.kielce.eu\/wp-content\/uploads\/2019\/12\/DSC_1670-Medium-598x900.jpg 598w, https:\/\/sp1.kielce.eu\/wp-content\/uploads\/2019\/12\/DSC_1670-Medium-199x300.jpg 199w, https:\/\/sp1.kielce.eu\/wp-content\/uploads\/2019\/12\/DSC_1670-Medium.jpg 768w\" sizes=\"auto, (max-width: 598px) 100vw, 598px\" \/><\/a><figcaption>5<\/figcaption><\/figure><\/li><li class=\"blocks-gallery-item\"><figure><a href=\"http:\/\/sp1.kielce.eu\/wp-content\/uploads\/2019\/12\/DSC_1675-Medium.jpg\"><img loading=\"lazy\" decoding=\"async\" width=\"1155\" height=\"768\" src=\"http:\/\/sp1.kielce.eu\/wp-content\/uploads\/2019\/12\/DSC_1675-Medium.jpg\" alt=\"\" data-id=\"9856\" data-link=\"http:\/\/sp1.kielce.eu\/?attachment_id=9856\" class=\"wp-image-9856\" srcset=\"https:\/\/sp1.kielce.eu\/wp-content\/uploads\/2019\/12\/DSC_1675-Medium.jpg 1155w, https:\/\/sp1.kielce.eu\/wp-content\/uploads\/2019\/12\/DSC_1675-Medium-300x199.jpg 300w, https:\/\/sp1.kielce.eu\/wp-content\/uploads\/2019\/12\/DSC_1675-Medium-768x511.jpg 768w, https:\/\/sp1.kielce.eu\/wp-content\/uploads\/2019\/12\/DSC_1675-Medium-600x400.jpg 600w, https:\/\/sp1.kielce.eu\/wp-content\/uploads\/2019\/12\/DSC_1675-Medium-820x545.jpg 820w\" sizes=\"auto, (max-width: 1155px) 100vw, 1155px\" \/><\/a><figcaption>6<\/figcaption><\/figure><\/li><\/ul>\n","protected":false},"excerpt":{"rendered":"<p>W dniu 11.12.19 r. w Szkole Podstawowej nr 34 w Kielcach odby\u0142o si\u0119 podsumowanie XIV [&hellip;]<\/p>\n","protected":false},"author":5,"featured_media":9855,"comment_status":"closed","ping_status":"open","sticky":false,"template":"","format":"standard","meta":{"footnotes":""},"categories":[36,10,21],"tags":[],"class_list":["post-9850","post","type-post","status-publish","format-standard","has-post-thumbnail","hentry","category-wydarzenia","category-konkursy-przedmiotowe","category-konkursy"],"_links":{"self":[{"href":"https:\/\/sp1.kielce.eu\/index.php\/wp-json\/wp\/v2\/posts\/9850","targetHints":{"allow":["GET"]}}],"collection":[{"href":"https:\/\/sp1.kielce.eu\/index.php\/wp-json\/wp\/v2\/posts"}],"about":[{"href":"https:\/\/sp1.kielce.eu\/index.php\/wp-json\/wp\/v2\/types\/post"}],"author":[{"embeddable":true,"href":"https:\/\/sp1.kielce.eu\/index.php\/wp-json\/wp\/v2\/users\/5"}],"replies":[{"embeddable":true,"href":"https:\/\/sp1.kielce.eu\/index.php\/wp-json\/wp\/v2\/comments?post=9850"}],"version-history":[{"count":2,"href":"https:\/\/sp1.kielce.eu\/index.php\/wp-json\/wp\/v2\/posts\/9850\/revisions"}],"predecessor-version":[{"id":12604,"href":"https:\/\/sp1.kielce.eu\/index.php\/wp-json\/wp\/v2\/posts\/9850\/revisions\/12604"}],"wp:featuredmedia":[{"embeddable":true,"href":"https:\/\/sp1.kielce.eu\/index.php\/wp-json\/wp\/v2\/media\/9855"}],"wp:attachment":[{"href":"https:\/\/sp1.kielce.eu\/index.php\/wp-json\/wp\/v2\/media?parent=9850"}],"wp:term":[{"taxonomy":"category","embeddable":true,"href":"https:\/\/sp1.kielce.eu\/index.php\/wp-json\/wp\/v2\/categories?post=9850"},{"taxonomy":"post_tag","embeddable":true,"href":"https:\/\/sp1.kielce.eu\/index.php\/wp-json\/wp\/v2\/tags?post=9850"}],"curies":[{"name":"wp","href":"https:\/\/api.w.org\/{rel}","templated":true}]}}