{"id":9780,"date":"2019-12-06T19:18:52","date_gmt":"2019-12-06T18:18:52","guid":{"rendered":"http:\/\/sp1.kielce.eu\/?p=9780"},"modified":"2020-01-20T16:33:32","modified_gmt":"2020-01-20T15:33:32","slug":"mikolajki-pierwszakow","status":"publish","type":"post","link":"https:\/\/sp1.kielce.eu\/index.php\/2019\/12\/06\/mikolajki-pierwszakow\/","title":{"rendered":"Miko\u0142ajki pierwszak\u00f3w"},"content":{"rendered":"\n<p>5 grudnia 2019 r. klasa 1a oraz 1b wraz z&nbsp;wychowawcami\np. El\u017cbiet\u0105 Lis oraz p. King\u0105 Kozie\u0142 uda\u0142a si\u0119 do kina Helios na animacj\u0119 pt.\n\u201e\u015anie\u017cna paczka\u201d. Na miejscu zaskoczy\u0142 uczni\u00f3w panuj\u0105cy \u015bwi\u0105teczny nastr\u00f3j\ni&nbsp;przywitanie przez weso\u0142ego \u015awi\u0119tego Miko\u0142aja, kt\u00f3ry rozda\u0142 dzieciom\ncukierki. Po mi\u0142ym pocz\u0105tku, kiedy w&nbsp;ko\u0144cu zasiedli\u015bmy w&nbsp;wygodnych\nkanapach, przyszed\u0142 czas na du\u017c\u0105 porcj\u0119 \u015bmiechu i&nbsp;dobrych wra\u017ce\u0144. Pobyt\nzako\u0144czyli\u015bmy w&nbsp;\u201eRaju Urwisa\u201d.<\/p>\n\n\n\n<p style=\"text-align:right\">Kinga Kozie\u0142<br> El\u017cbieta Lis<\/p>\n\n\n\n<ul class=\"wp-block-gallery columns-4 is-cropped wp-block-gallery-1 is-layout-flex wp-block-gallery-is-layout-flex\"><li class=\"blocks-gallery-item\"><figure><a href=\"http:\/\/sp1.kielce.eu\/wp-content\/uploads\/2019\/12\/20191205_114750-Copy-1200x900.jpg\"><img loading=\"lazy\" decoding=\"async\" width=\"1200\" height=\"900\" src=\"http:\/\/sp1.kielce.eu\/wp-content\/uploads\/2019\/12\/20191205_114750-Copy-1200x900.jpg\" alt=\"\" data-id=\"9782\" data-link=\"http:\/\/sp1.kielce.eu\/?attachment_id=9782\" class=\"wp-image-9782\" srcset=\"https:\/\/sp1.kielce.eu\/wp-content\/uploads\/2019\/12\/20191205_114750-Copy.jpg 1200w, https:\/\/sp1.kielce.eu\/wp-content\/uploads\/2019\/12\/20191205_114750-Copy-300x225.jpg 300w, https:\/\/sp1.kielce.eu\/wp-content\/uploads\/2019\/12\/20191205_114750-Copy-768x576.jpg 768w, https:\/\/sp1.kielce.eu\/wp-content\/uploads\/2019\/12\/20191205_114750-Copy-820x615.jpg 820w\" sizes=\"auto, (max-width: 1200px) 100vw, 1200px\" \/><\/a><\/figure><\/li><li class=\"blocks-gallery-item\"><figure><a href=\"http:\/\/sp1.kielce.eu\/wp-content\/uploads\/2019\/12\/20191205_113005-Copy-675x900.jpg\"><img loading=\"lazy\" decoding=\"async\" width=\"675\" height=\"900\" src=\"http:\/\/sp1.kielce.eu\/wp-content\/uploads\/2019\/12\/20191205_113005-Copy-675x900.jpg\" alt=\"\" data-id=\"9781\" data-link=\"http:\/\/sp1.kielce.eu\/?attachment_id=9781\" class=\"wp-image-9781\" srcset=\"https:\/\/sp1.kielce.eu\/wp-content\/uploads\/2019\/12\/20191205_113005-Copy.jpg 675w, https:\/\/sp1.kielce.eu\/wp-content\/uploads\/2019\/12\/20191205_113005-Copy-225x300.jpg 225w\" sizes=\"auto, (max-width: 675px) 100vw, 675px\" \/><\/a><\/figure><\/li><li class=\"blocks-gallery-item\"><figure><a href=\"http:\/\/sp1.kielce.eu\/wp-content\/uploads\/2019\/12\/received_821772614902664-Copy.jpg\"><img loading=\"lazy\" decoding=\"async\" width=\"1200\" height=\"675\" src=\"http:\/\/sp1.kielce.eu\/wp-content\/uploads\/2019\/12\/received_821772614902664-Copy.jpg\" alt=\"\" data-id=\"9784\" data-link=\"http:\/\/sp1.kielce.eu\/?attachment_id=9784\" class=\"wp-image-9784\" srcset=\"https:\/\/sp1.kielce.eu\/wp-content\/uploads\/2019\/12\/received_821772614902664-Copy.jpg 1200w, https:\/\/sp1.kielce.eu\/wp-content\/uploads\/2019\/12\/received_821772614902664-Copy-300x169.jpg 300w, https:\/\/sp1.kielce.eu\/wp-content\/uploads\/2019\/12\/received_821772614902664-Copy-768x432.jpg 768w, https:\/\/sp1.kielce.eu\/wp-content\/uploads\/2019\/12\/received_821772614902664-Copy-820x461.jpg 820w\" sizes=\"auto, (max-width: 1200px) 100vw, 1200px\" \/><\/a><\/figure><\/li><li class=\"blocks-gallery-item\"><figure><a href=\"http:\/\/sp1.kielce.eu\/wp-content\/uploads\/2019\/12\/received_979127429152878-Copy-499x900.jpg\"><img loading=\"lazy\" decoding=\"async\" width=\"499\" height=\"900\" src=\"http:\/\/sp1.kielce.eu\/wp-content\/uploads\/2019\/12\/received_979127429152878-Copy-499x900.jpg\" alt=\"\" data-id=\"9785\" data-link=\"http:\/\/sp1.kielce.eu\/?attachment_id=9785\" class=\"wp-image-9785\" srcset=\"https:\/\/sp1.kielce.eu\/wp-content\/uploads\/2019\/12\/received_979127429152878-Copy.jpg 499w, https:\/\/sp1.kielce.eu\/wp-content\/uploads\/2019\/12\/received_979127429152878-Copy-166x300.jpg 166w\" sizes=\"auto, (max-width: 499px) 100vw, 499px\" \/><\/a><\/figure><\/li><\/ul>\n","protected":false},"excerpt":{"rendered":"<p>5 grudnia 2019 r. klasa 1a oraz 1b wraz z&nbsp;wychowawcami p. El\u017cbiet\u0105 Lis oraz p. [&hellip;]<\/p>\n","protected":false},"author":13,"featured_media":9782,"comment_status":"closed","ping_status":"open","sticky":false,"template":"","format":"standard","meta":{"footnotes":""},"categories":[36,3],"tags":[],"class_list":["post-9780","post","type-post","status-publish","format-standard","has-post-thumbnail","hentry","category-wydarzenia","category-wycieczki"],"_links":{"self":[{"href":"https:\/\/sp1.kielce.eu\/index.php\/wp-json\/wp\/v2\/posts\/9780","targetHints":{"allow":["GET"]}}],"collection":[{"href":"https:\/\/sp1.kielce.eu\/index.php\/wp-json\/wp\/v2\/posts"}],"about":[{"href":"https:\/\/sp1.kielce.eu\/index.php\/wp-json\/wp\/v2\/types\/post"}],"author":[{"embeddable":true,"href":"https:\/\/sp1.kielce.eu\/index.php\/wp-json\/wp\/v2\/users\/13"}],"replies":[{"embeddable":true,"href":"https:\/\/sp1.kielce.eu\/index.php\/wp-json\/wp\/v2\/comments?post=9780"}],"version-history":[{"count":3,"href":"https:\/\/sp1.kielce.eu\/index.php\/wp-json\/wp\/v2\/posts\/9780\/revisions"}],"predecessor-version":[{"id":10687,"href":"https:\/\/sp1.kielce.eu\/index.php\/wp-json\/wp\/v2\/posts\/9780\/revisions\/10687"}],"wp:featuredmedia":[{"embeddable":true,"href":"https:\/\/sp1.kielce.eu\/index.php\/wp-json\/wp\/v2\/media\/9782"}],"wp:attachment":[{"href":"https:\/\/sp1.kielce.eu\/index.php\/wp-json\/wp\/v2\/media?parent=9780"}],"wp:term":[{"taxonomy":"category","embeddable":true,"href":"https:\/\/sp1.kielce.eu\/index.php\/wp-json\/wp\/v2\/categories?post=9780"},{"taxonomy":"post_tag","embeddable":true,"href":"https:\/\/sp1.kielce.eu\/index.php\/wp-json\/wp\/v2\/tags?post=9780"}],"curies":[{"name":"wp","href":"https:\/\/api.w.org\/{rel}","templated":true}]}}