{"id":9637,"date":"2019-12-06T13:05:41","date_gmt":"2019-12-06T12:05:41","guid":{"rendered":"http:\/\/sp1.kielce.eu\/?p=9637"},"modified":"2019-12-06T13:05:41","modified_gmt":"2019-12-06T12:05:41","slug":"mikolajkowe-muzykowanie-w-swietlicy","status":"publish","type":"post","link":"https:\/\/sp1.kielce.eu\/index.php\/2019\/12\/06\/mikolajkowe-muzykowanie-w-swietlicy\/","title":{"rendered":"MIKO\u0141AJKOWE MUZYKOWANIE  W \u015aWIETLICY"},"content":{"rendered":"\n<p>W radosnym nastroju dzieci na zaj\u0119ciach \u015bwietlicowych ch\u0119tnie \u015bpiewa\u0142y i interpretowa\u0142y ruchowo piosenki o tematyce miko\u0142ajkowej przy akompaniamencie akordeonu oraz instrumentow perkusyjnych. <\/p>\n\n\n\n<p style=\"text-align:right\">Wychowawca \u015bwietlicy-El\u017cbieta Litwinek<\/p>\n\n\n\n<ul class=\"wp-block-gallery columns-2 is-cropped wp-block-gallery-1 is-layout-flex wp-block-gallery-is-layout-flex\"><li class=\"blocks-gallery-item\"><figure><a href=\"http:\/\/sp1.kielce.eu\/wp-content\/uploads\/2019\/12\/IMG_20191206_084353.jpg\"><img loading=\"lazy\" decoding=\"async\" width=\"640\" height=\"480\" src=\"http:\/\/sp1.kielce.eu\/wp-content\/uploads\/2019\/12\/IMG_20191206_084353.jpg\" alt=\"\" data-id=\"9638\" data-link=\"http:\/\/sp1.kielce.eu\/?attachment_id=9638\" class=\"wp-image-9638\" srcset=\"https:\/\/sp1.kielce.eu\/wp-content\/uploads\/2019\/12\/IMG_20191206_084353.jpg 640w, https:\/\/sp1.kielce.eu\/wp-content\/uploads\/2019\/12\/IMG_20191206_084353-300x225.jpg 300w\" sizes=\"auto, (max-width: 640px) 100vw, 640px\" \/><\/a><figcaption>1<\/figcaption><\/figure><\/li><li class=\"blocks-gallery-item\"><figure><a href=\"http:\/\/sp1.kielce.eu\/wp-content\/uploads\/2019\/12\/IMG_20191206_084448.jpg\"><img loading=\"lazy\" decoding=\"async\" width=\"640\" height=\"480\" src=\"http:\/\/sp1.kielce.eu\/wp-content\/uploads\/2019\/12\/IMG_20191206_084448.jpg\" alt=\"\" data-id=\"9639\" data-link=\"http:\/\/sp1.kielce.eu\/?attachment_id=9639\" class=\"wp-image-9639\" srcset=\"https:\/\/sp1.kielce.eu\/wp-content\/uploads\/2019\/12\/IMG_20191206_084448.jpg 640w, https:\/\/sp1.kielce.eu\/wp-content\/uploads\/2019\/12\/IMG_20191206_084448-300x225.jpg 300w\" sizes=\"auto, (max-width: 640px) 100vw, 640px\" \/><\/a><figcaption>2<\/figcaption><\/figure><\/li><\/ul>\n","protected":false},"excerpt":{"rendered":"<p>W radosnym nastroju dzieci na zaj\u0119ciach \u015bwietlicowych ch\u0119tnie \u015bpiewa\u0142y i interpretowa\u0142y ruchowo piosenki o tematyce [&hellip;]<\/p>\n","protected":false},"author":5,"featured_media":9639,"comment_status":"closed","ping_status":"open","sticky":false,"template":"","format":"standard","meta":{"footnotes":""},"categories":[36,25],"tags":[],"class_list":["post-9637","post","type-post","status-publish","format-standard","has-post-thumbnail","hentry","category-wydarzenia","category-swietlica"],"_links":{"self":[{"href":"https:\/\/sp1.kielce.eu\/index.php\/wp-json\/wp\/v2\/posts\/9637","targetHints":{"allow":["GET"]}}],"collection":[{"href":"https:\/\/sp1.kielce.eu\/index.php\/wp-json\/wp\/v2\/posts"}],"about":[{"href":"https:\/\/sp1.kielce.eu\/index.php\/wp-json\/wp\/v2\/types\/post"}],"author":[{"embeddable":true,"href":"https:\/\/sp1.kielce.eu\/index.php\/wp-json\/wp\/v2\/users\/5"}],"replies":[{"embeddable":true,"href":"https:\/\/sp1.kielce.eu\/index.php\/wp-json\/wp\/v2\/comments?post=9637"}],"version-history":[{"count":1,"href":"https:\/\/sp1.kielce.eu\/index.php\/wp-json\/wp\/v2\/posts\/9637\/revisions"}],"predecessor-version":[{"id":9640,"href":"https:\/\/sp1.kielce.eu\/index.php\/wp-json\/wp\/v2\/posts\/9637\/revisions\/9640"}],"wp:featuredmedia":[{"embeddable":true,"href":"https:\/\/sp1.kielce.eu\/index.php\/wp-json\/wp\/v2\/media\/9639"}],"wp:attachment":[{"href":"https:\/\/sp1.kielce.eu\/index.php\/wp-json\/wp\/v2\/media?parent=9637"}],"wp:term":[{"taxonomy":"category","embeddable":true,"href":"https:\/\/sp1.kielce.eu\/index.php\/wp-json\/wp\/v2\/categories?post=9637"},{"taxonomy":"post_tag","embeddable":true,"href":"https:\/\/sp1.kielce.eu\/index.php\/wp-json\/wp\/v2\/tags?post=9637"}],"curies":[{"name":"wp","href":"https:\/\/api.w.org\/{rel}","templated":true}]}}