{"id":9512,"date":"2019-12-02T16:18:10","date_gmt":"2019-12-02T15:18:10","guid":{"rendered":"http:\/\/sp1.kielce.eu\/?p=9512"},"modified":"2020-07-05T13:07:11","modified_gmt":"2020-07-05T11:07:11","slug":"jezyk-owocowy-smaczny-i-zdrowy","status":"publish","type":"post","link":"https:\/\/sp1.kielce.eu\/index.php\/2019\/12\/02\/jezyk-owocowy-smaczny-i-zdrowy\/","title":{"rendered":"Je\u017cyk owocowy smaczny i zdrowy!"},"content":{"rendered":"\n<p>28.11.2019 r. w&nbsp;SP nr&nbsp;18\nw&nbsp;Kielcach odby\u0142 si\u0119 XIX&nbsp;Mi\u0119dzy\u015bwietlicowy Konkurs <em>\u017byj Zdrowo pod\nhas\u0142em: \u201eM\u00f3j ulubiony deser\u201d. <\/em>Zadaniem uczestnik\u00f3w by\u0142o przygotowanie pysznego, zdrowego deseru\noraz nadanie mu oryginalnej nazwy. Gratulujemy Gabrieli Mata\u0142owskiej z&nbsp;klasy\nIIIb zaj\u0119cia III&nbsp;miejsca w&nbsp;Mi\u0119dzyszkolnym konkursie \u015bwietlicowym \ud83d\ude42<\/p>\n\n\n\n<p><a href=\"https:\/\/kielce.tvp.pl\/45552027\/zyj-zdrowo-kulinarny-konkurs-w-ktorym-dzieciaki-przygotowywaly-desery\">https:\/\/kielce.tvp.pl\/45552027\/zyj-zdrowo-kulinarny-konkurs-w-ktorym-dzieciaki-przygotowywaly-desery<\/a><\/p>\n\n\n\n<p><a href=\"https:\/\/echodnia.eu\/swietokrzyskie\/zyj-zdrowo-moj-ulubiony-deser-kieleccy-uczniowie-w-wyjatkowym-konkursie-wideo-zdjecia\/ar\/c17-14615275\">https:\/\/echodnia.eu\/swietokrzyskie\/zyj-zdrowo-moj-ulubiony-deser-kieleccy-uczniowie-w-wyjatkowym-konkursie-wideo-zdjecia\/ar\/c17-14615275<\/a><\/p>\n\n\n\n<p style=\"text-align:right\">Kamila Kami\u0144ska<br> nauczyciel bibliotekarz, wychowawca \u015bwietlicy szkolnej<\/p>\n\n\n\n<ul class=\"wp-block-gallery columns-4 is-cropped wp-block-gallery-1 is-layout-flex wp-block-gallery-is-layout-flex\"><li class=\"blocks-gallery-item\"><figure><a href=\"http:\/\/sp1.kielce.eu\/wp-content\/uploads\/2019\/12\/1-Copy-675x900.jpg\"><img loading=\"lazy\" decoding=\"async\" width=\"675\" height=\"900\" src=\"http:\/\/sp1.kielce.eu\/wp-content\/uploads\/2019\/12\/1-Copy-675x900.jpg\" alt=\"\" data-id=\"9514\" data-link=\"http:\/\/sp1.kielce.eu\/?attachment_id=9514\" class=\"wp-image-9514\" srcset=\"https:\/\/sp1.kielce.eu\/wp-content\/uploads\/2019\/12\/1-Copy.jpg 675w, https:\/\/sp1.kielce.eu\/wp-content\/uploads\/2019\/12\/1-Copy-225x300.jpg 225w\" sizes=\"auto, (max-width: 675px) 100vw, 675px\" \/><\/a><\/figure><\/li><li class=\"blocks-gallery-item\"><figure><a href=\"http:\/\/sp1.kielce.eu\/wp-content\/uploads\/2019\/12\/2-Copy-675x900.jpg\"><img loading=\"lazy\" decoding=\"async\" width=\"675\" height=\"900\" src=\"http:\/\/sp1.kielce.eu\/wp-content\/uploads\/2019\/12\/2-Copy-675x900.jpg\" alt=\"\" data-id=\"9515\" data-link=\"http:\/\/sp1.kielce.eu\/?attachment_id=9515\" class=\"wp-image-9515\" srcset=\"https:\/\/sp1.kielce.eu\/wp-content\/uploads\/2019\/12\/2-Copy.jpg 675w, https:\/\/sp1.kielce.eu\/wp-content\/uploads\/2019\/12\/2-Copy-225x300.jpg 225w\" sizes=\"auto, (max-width: 675px) 100vw, 675px\" \/><\/a><\/figure><\/li><li class=\"blocks-gallery-item\"><figure><a href=\"http:\/\/sp1.kielce.eu\/wp-content\/uploads\/2019\/12\/3-Copy-1200x900.jpg\"><img loading=\"lazy\" decoding=\"async\" width=\"1200\" height=\"900\" src=\"http:\/\/sp1.kielce.eu\/wp-content\/uploads\/2019\/12\/3-Copy-1200x900.jpg\" alt=\"\" data-id=\"9516\" data-link=\"http:\/\/sp1.kielce.eu\/?attachment_id=9516\" class=\"wp-image-9516\" srcset=\"https:\/\/sp1.kielce.eu\/wp-content\/uploads\/2019\/12\/3-Copy.jpg 1200w, https:\/\/sp1.kielce.eu\/wp-content\/uploads\/2019\/12\/3-Copy-300x225.jpg 300w, https:\/\/sp1.kielce.eu\/wp-content\/uploads\/2019\/12\/3-Copy-768x576.jpg 768w, https:\/\/sp1.kielce.eu\/wp-content\/uploads\/2019\/12\/3-Copy-820x615.jpg 820w\" sizes=\"auto, (max-width: 1200px) 100vw, 1200px\" \/><\/a><\/figure><\/li><li class=\"blocks-gallery-item\"><figure><a href=\"http:\/\/sp1.kielce.eu\/wp-content\/uploads\/2019\/12\/6-Copy-1015x900.jpg\"><img loading=\"lazy\" decoding=\"async\" width=\"1015\" height=\"900\" src=\"http:\/\/sp1.kielce.eu\/wp-content\/uploads\/2019\/12\/6-Copy-1015x900.jpg\" alt=\"\" data-id=\"9517\" data-link=\"http:\/\/sp1.kielce.eu\/?attachment_id=9517\" class=\"wp-image-9517\" srcset=\"https:\/\/sp1.kielce.eu\/wp-content\/uploads\/2019\/12\/6-Copy.jpg 1015w, https:\/\/sp1.kielce.eu\/wp-content\/uploads\/2019\/12\/6-Copy-300x266.jpg 300w, https:\/\/sp1.kielce.eu\/wp-content\/uploads\/2019\/12\/6-Copy-768x681.jpg 768w, https:\/\/sp1.kielce.eu\/wp-content\/uploads\/2019\/12\/6-Copy-820x727.jpg 820w\" sizes=\"auto, (max-width: 1015px) 100vw, 1015px\" \/><\/a><\/figure><\/li><\/ul>\n","protected":false},"excerpt":{"rendered":"<p>28.11.2019 r. w&nbsp;SP nr&nbsp;18 w&nbsp;Kielcach odby\u0142 si\u0119 XIX&nbsp;Mi\u0119dzy\u015bwietlicowy Konkurs \u017byj Zdrowo pod has\u0142em: \u201eM\u00f3j ulubiony [&hellip;]<\/p>\n","protected":false},"author":13,"featured_media":9515,"comment_status":"closed","ping_status":"open","sticky":false,"template":"","format":"standard","meta":{"footnotes":""},"categories":[25,21,24],"tags":[],"class_list":["post-9512","post","type-post","status-publish","format-standard","has-post-thumbnail","hentry","category-swietlica","category-konkursy","category-zdrowie"],"_links":{"self":[{"href":"https:\/\/sp1.kielce.eu\/index.php\/wp-json\/wp\/v2\/posts\/9512","targetHints":{"allow":["GET"]}}],"collection":[{"href":"https:\/\/sp1.kielce.eu\/index.php\/wp-json\/wp\/v2\/posts"}],"about":[{"href":"https:\/\/sp1.kielce.eu\/index.php\/wp-json\/wp\/v2\/types\/post"}],"author":[{"embeddable":true,"href":"https:\/\/sp1.kielce.eu\/index.php\/wp-json\/wp\/v2\/users\/13"}],"replies":[{"embeddable":true,"href":"https:\/\/sp1.kielce.eu\/index.php\/wp-json\/wp\/v2\/comments?post=9512"}],"version-history":[{"count":4,"href":"https:\/\/sp1.kielce.eu\/index.php\/wp-json\/wp\/v2\/posts\/9512\/revisions"}],"predecessor-version":[{"id":12605,"href":"https:\/\/sp1.kielce.eu\/index.php\/wp-json\/wp\/v2\/posts\/9512\/revisions\/12605"}],"wp:featuredmedia":[{"embeddable":true,"href":"https:\/\/sp1.kielce.eu\/index.php\/wp-json\/wp\/v2\/media\/9515"}],"wp:attachment":[{"href":"https:\/\/sp1.kielce.eu\/index.php\/wp-json\/wp\/v2\/media?parent=9512"}],"wp:term":[{"taxonomy":"category","embeddable":true,"href":"https:\/\/sp1.kielce.eu\/index.php\/wp-json\/wp\/v2\/categories?post=9512"},{"taxonomy":"post_tag","embeddable":true,"href":"https:\/\/sp1.kielce.eu\/index.php\/wp-json\/wp\/v2\/tags?post=9512"}],"curies":[{"name":"wp","href":"https:\/\/api.w.org\/{rel}","templated":true}]}}