{"id":9355,"date":"2019-11-27T08:42:33","date_gmt":"2019-11-27T07:42:33","guid":{"rendered":"http:\/\/sp1.kielce.eu\/?p=9355"},"modified":"2020-07-05T13:07:24","modified_gmt":"2020-07-05T11:07:24","slug":"sukces-jedynki-w-miejskim-konkursie-czytelniczym-nowele-polskie","status":"publish","type":"post","link":"https:\/\/sp1.kielce.eu\/index.php\/2019\/11\/27\/sukces-jedynki-w-miejskim-konkursie-czytelniczym-nowele-polskie\/","title":{"rendered":"Sukces Jedynki w Miejskim Konkursie Czytelniczym ,,Nowele Polskie\u201d"},"content":{"rendered":"\n<p><strong>W dniu<\/strong> 26 listopada w SP nr 20 im. Natalii Macha\u0142owej w&nbsp;Kielcach odby\u0142 si\u0119 Miejski Konkurs Czytelniczy\n,,Nowele Polskie\u201d zorganizowany pod patronatem Samorz\u0105dowego\nO\u015brodka Doradztwa Metodycznego&nbsp;i&nbsp;Doskonalenia Nauczycieli\nw&nbsp;Kielcach. <\/p>\n\n\n\n<p>Celem\ninicjatywy by\u0142o rozbudzanie zainteresowa\u0144, kszta\u0142towanie wra\u017cliwo\u015bci moralnej\ni&nbsp;estetycznej, pobudzanie wyobra\u017ani uczni\u00f3w oraz popularyzacja\nwarto\u015bciowej literatury w\u015br\u00f3d dzieci i&nbsp;m\u0142odzie\u017cy. W konkursie uczniowie\nmusieli wykaza\u0107 si\u0119 doskona\u0142\u0105 znajomo\u015bci\u0105 pi\u0119ciu nowel wybranych spo\u015br\u00f3d\nzaproponowanych przez Par\u0119 Prezydenck\u0105 do tegorocznego Narodowego Czytania (M.\nKonopnicka \u2013 \u201eDym\u201d, E. Orzeszkowa \u2013 \u201eDobra pani\u201d, B. Prus \u2013 \u201eKatarynka\u201d, W\u0142.\nSt. Reymont \u2013 \u201eOrka\u201d, H. Sienkiewicz \u2013 \u201eSachem\u201d). Konkurencje odnosi\u0142y si\u0119\ntak\u017ce do kontekst\u00f3w biograficznych oraz genezy utwor\u00f3w. <\/p>\n\n\n\n<p>Dru\u017cyna reprezentuj\u0105ca nasz\u0105 szko\u0142\u0119 w sk\u0142adzie<strong>:<\/strong><\/p>\n\n\n\n<p><strong> Karolina Komasara (8b)&nbsp;&nbsp;oraz Miko\u0142aj Kurp (8a) i Wiktor Jab\u0142o\u0144ski (8a) zaj\u0119\u0142a II miejsce. <\/strong><\/p>\n\n\n\n<p>Gratulujemy\nserdecznie. <\/p>\n\n\n\n<p>&nbsp;&nbsp;&nbsp;&nbsp;&nbsp;&nbsp;&nbsp;&nbsp;&nbsp;&nbsp;&nbsp;&nbsp;&nbsp;&nbsp;&nbsp;&nbsp;&nbsp;&nbsp;&nbsp;&nbsp;&nbsp;&nbsp;&nbsp;&nbsp;&nbsp;&nbsp;&nbsp;&nbsp;&nbsp;&nbsp;&nbsp;&nbsp;&nbsp;&nbsp;&nbsp;&nbsp;&nbsp;&nbsp;&nbsp;&nbsp;&nbsp;&nbsp;&nbsp;&nbsp;&nbsp;&nbsp;&nbsp;&nbsp;&nbsp;&nbsp;&nbsp;&nbsp;&nbsp;&nbsp;&nbsp;&nbsp;&nbsp;&nbsp;&nbsp;&nbsp;&nbsp;&nbsp;&nbsp;&nbsp;&nbsp;&nbsp;&nbsp;&nbsp;&nbsp;&nbsp;&nbsp;&nbsp;&nbsp;&nbsp;&nbsp;&nbsp;&nbsp;&nbsp;&nbsp;&nbsp;&nbsp;&nbsp;&nbsp; Dorota Broni\u015b, Renata Kozie\u0142 <\/p>\n\n\n\n<ul class=\"wp-block-gallery columns-1 is-cropped wp-block-gallery-1 is-layout-flex wp-block-gallery-is-layout-flex\"><li class=\"blocks-gallery-item\"><figure><a href=\"http:\/\/sp1.kielce.eu\/wp-content\/uploads\/2019\/11\/Resized_20191127_075122-675x900.jpeg\"><img loading=\"lazy\" decoding=\"async\" width=\"675\" height=\"900\" src=\"http:\/\/sp1.kielce.eu\/wp-content\/uploads\/2019\/11\/Resized_20191127_075122-675x900.jpeg\" alt=\"\" data-id=\"9359\" data-link=\"http:\/\/sp1.kielce.eu\/?attachment_id=9359\" class=\"wp-image-9359\" srcset=\"https:\/\/sp1.kielce.eu\/wp-content\/uploads\/2019\/11\/Resized_20191127_075122-675x900.jpeg 675w, https:\/\/sp1.kielce.eu\/wp-content\/uploads\/2019\/11\/Resized_20191127_075122-225x300.jpeg 225w, https:\/\/sp1.kielce.eu\/wp-content\/uploads\/2019\/11\/Resized_20191127_075122-768x1024.jpeg 768w, https:\/\/sp1.kielce.eu\/wp-content\/uploads\/2019\/11\/Resized_20191127_075122-820x1093.jpeg 820w, https:\/\/sp1.kielce.eu\/wp-content\/uploads\/2019\/11\/Resized_20191127_075122.jpeg 864w\" sizes=\"auto, (max-width: 675px) 100vw, 675px\" \/><\/a><figcaption>4<\/figcaption><\/figure><\/li><\/ul>\n","protected":false},"excerpt":{"rendered":"<p>W dniu 26 listopada w SP nr 20 im. Natalii Macha\u0142owej w&nbsp;Kielcach odby\u0142 si\u0119 Miejski [&hellip;]<\/p>\n","protected":false},"author":5,"featured_media":9356,"comment_status":"closed","ping_status":"open","sticky":false,"template":"","format":"standard","meta":{"footnotes":""},"categories":[36,10,21],"tags":[],"class_list":["post-9355","post","type-post","status-publish","format-standard","has-post-thumbnail","hentry","category-wydarzenia","category-konkursy-przedmiotowe","category-konkursy"],"_links":{"self":[{"href":"https:\/\/sp1.kielce.eu\/index.php\/wp-json\/wp\/v2\/posts\/9355","targetHints":{"allow":["GET"]}}],"collection":[{"href":"https:\/\/sp1.kielce.eu\/index.php\/wp-json\/wp\/v2\/posts"}],"about":[{"href":"https:\/\/sp1.kielce.eu\/index.php\/wp-json\/wp\/v2\/types\/post"}],"author":[{"embeddable":true,"href":"https:\/\/sp1.kielce.eu\/index.php\/wp-json\/wp\/v2\/users\/5"}],"replies":[{"embeddable":true,"href":"https:\/\/sp1.kielce.eu\/index.php\/wp-json\/wp\/v2\/comments?post=9355"}],"version-history":[{"count":3,"href":"https:\/\/sp1.kielce.eu\/index.php\/wp-json\/wp\/v2\/posts\/9355\/revisions"}],"predecessor-version":[{"id":12606,"href":"https:\/\/sp1.kielce.eu\/index.php\/wp-json\/wp\/v2\/posts\/9355\/revisions\/12606"}],"wp:featuredmedia":[{"embeddable":true,"href":"https:\/\/sp1.kielce.eu\/index.php\/wp-json\/wp\/v2\/media\/9356"}],"wp:attachment":[{"href":"https:\/\/sp1.kielce.eu\/index.php\/wp-json\/wp\/v2\/media?parent=9355"}],"wp:term":[{"taxonomy":"category","embeddable":true,"href":"https:\/\/sp1.kielce.eu\/index.php\/wp-json\/wp\/v2\/categories?post=9355"},{"taxonomy":"post_tag","embeddable":true,"href":"https:\/\/sp1.kielce.eu\/index.php\/wp-json\/wp\/v2\/tags?post=9355"}],"curies":[{"name":"wp","href":"https:\/\/api.w.org\/{rel}","templated":true}]}}