{"id":9347,"date":"2019-11-27T08:37:31","date_gmt":"2019-11-27T07:37:31","guid":{"rendered":"http:\/\/sp1.kielce.eu\/?p=9347"},"modified":"2020-07-05T13:07:42","modified_gmt":"2020-07-05T11:07:42","slug":"nasze-sukcesy","status":"publish","type":"post","link":"https:\/\/sp1.kielce.eu\/index.php\/2019\/11\/27\/nasze-sukcesy\/","title":{"rendered":"Nasze sukcesy"},"content":{"rendered":"\n<p>W pa\u017adzierniku i listopadzie bie\u017c\u0105cego roku szkolnego odby\u0142a si\u0119 kolejna, si\u00f3dma ju\u017c edycja Og\u00f3lnopolskiego Dyktanda Niepodleg\u0142o\u015bciowego,, Po polsku o historii&#8221;, kt\u00f3rego organizatorem jest Fundacja,, Zawsze Warto&#8221;, Stowarzyszenie Polonist\u00f3w przy Wydziale Polonistyki UJ w Krakowie oraz Partnerzy( w woj. \u015bwi\u0119tokrzyskim- Katolickie Liceum Og\u00f3lnokszta\u0142c\u0105ce im. \u015bw. Stanis\u0142awa Kostki w Kielcach).    Jego celem jest popularyzacja wiedzy na temat poprawnej polszczyzny, wiedzy z zakresu kultury i historii narodowej, doskonalenie umiej\u0119tno\u015bci w\u0142a\u015bciwej pisowni polskiej z uwzgl\u0119dnieniem nazw w\u0142asnych, zwi\u0105zanych z histori\u0105 odzyskiwania przez Polsk\u0119 niepodleg\u0142o\u015bci( 1914\/18- 1989).    Konkurs jest dwustopniowy. Uczniowie reprezentuj\u0105cy nasz\u0105 szko\u0142\u0119 na etapie wojew\u00f3dzkim doskonale poradzili sobie z ortograficznymi zawi\u0142o\u015bciami: Bianka Be\u0144 z kl. 7 c zosta\u0142a laureatk\u0105( opiekun &#8211; Renata Petrus), dzi\u0119ki czemu ju\u017c otrzymuje 2 punkty w procesie rekrutacji do szko\u0142y \u015bredniej, a Wojciech Graba, r\u00f3wnie\u017c z kl. 7 c( opiekun- Renata Petrus) i Eryk Kubicki z kl. 6 b( opiekun &#8211; Dorota Broni\u015b)- zostali wyr\u00f3\u017cnieni.    Uroczysta Gala fina\u0142owa, w trakcie kt\u00f3rej wr\u0119czano dyplomy i nagrody, by\u0142a uwie\u0144czeniem konkursu.    Jeste\u015bmy dumne!                                                          <\/p>\n\n\n\n<p>Nauczycielki j\u0119zyka polskiego:  Renata Petrus, Dorota Broni\u015b<\/p>\n\n\n\n<p>Media o nas:<\/p>\n\n\n\n<p>Strona OMPio <a rel=\"noreferrer noopener\" aria-label=\" (otwiera si\u0119 na nowej zak\u0142adce)\" href=\"http:\/\/ompio.pl\/2019\/11\/po-polsku-o-historii\/\" target=\"_blank\">tutaj<\/a><\/p>\n\n\n\n<p>Radio Em Kielce <a rel=\"noreferrer noopener\" aria-label=\" (otwiera si\u0119 na nowej zak\u0142adce)\" href=\"https:\/\/www.em.kielce.pl\/region\/foto-uczniowie-napisali-dyktando-nie-bylo-latwo\" target=\"_blank\">tutaj<\/a><\/p>\n\n\n\n<p>Zesp\u00f3\u0142 Szk\u00f3\u0142 Katolickich Diecezji Kieleckiej <a rel=\"noreferrer noopener\" aria-label=\" (otwiera si\u0119 na nowej zak\u0142adce)\" href=\"https:\/\/www.kostka-kielce.pl\/article\/dyktando-niepodleg-o-ciowe-fina-20191028-081219\" target=\"_blank\">tutaj<\/a><\/p>\n\n\n\n<p>TVP 3 Kielce <a rel=\"noreferrer noopener\" aria-label=\" (otwiera si\u0119 na nowej zak\u0142adce)\" href=\"https:\/\/kielce.tvp.pl\/45441368\/po-polsku-o-historii-czyli-gala-podsumowujaca-niepodleglosciowe-dyktando\" target=\"_blank\">tutaj<\/a><\/p>\n\n\n\n<p>Diecezja Kielecka <a rel=\"noreferrer noopener\" aria-label=\" (otwiera si\u0119 na nowej zak\u0142adce)\" href=\"https:\/\/www.diecezja.kielce.pl\/dyktando-niepodleglosciowe-w-katoliku\" target=\"_blank\">tutaj<\/a><\/p>\n\n\n\n<p>CKInfo <a rel=\"noreferrer noopener\" aria-label=\" (otwiera si\u0119 na nowej zak\u0142adce)\" href=\"https:\/\/ckinfo.pl\/laureaci-dyktanda-niepodleglosciowego-nagrodzeni\/\" target=\"_blank\">tutaj<\/a><\/p>\n\n\n\n<ul class=\"wp-block-gallery columns-3 is-cropped wp-block-gallery-1 is-layout-flex wp-block-gallery-is-layout-flex\"><li class=\"blocks-gallery-item\"><figure><a href=\"http:\/\/sp1.kielce.eu\/wp-content\/uploads\/2019\/11\/IMG_20191121_115234-1200x900.jpg\"><img loading=\"lazy\" decoding=\"async\" width=\"1200\" height=\"900\" src=\"http:\/\/sp1.kielce.eu\/wp-content\/uploads\/2019\/11\/IMG_20191121_115234-1200x900.jpg\" alt=\"\" data-id=\"9348\" data-link=\"http:\/\/sp1.kielce.eu\/?attachment_id=9348\" class=\"wp-image-9348\" srcset=\"https:\/\/sp1.kielce.eu\/wp-content\/uploads\/2019\/11\/IMG_20191121_115234-1200x900.jpg 1200w, https:\/\/sp1.kielce.eu\/wp-content\/uploads\/2019\/11\/IMG_20191121_115234-300x225.jpg 300w, https:\/\/sp1.kielce.eu\/wp-content\/uploads\/2019\/11\/IMG_20191121_115234-768x576.jpg 768w, https:\/\/sp1.kielce.eu\/wp-content\/uploads\/2019\/11\/IMG_20191121_115234-820x615.jpg 820w\" sizes=\"auto, (max-width: 1200px) 100vw, 1200px\" \/><\/a><figcaption>1<\/figcaption><\/figure><\/li><li class=\"blocks-gallery-item\"><figure><a href=\"http:\/\/sp1.kielce.eu\/wp-content\/uploads\/2019\/11\/IMG_20191121_115234a-675x900.jpg\"><img loading=\"lazy\" decoding=\"async\" width=\"675\" height=\"900\" src=\"http:\/\/sp1.kielce.eu\/wp-content\/uploads\/2019\/11\/IMG_20191121_115234a-675x900.jpg\" alt=\"\" data-id=\"9349\" data-link=\"http:\/\/sp1.kielce.eu\/?attachment_id=9349\" class=\"wp-image-9349\" srcset=\"https:\/\/sp1.kielce.eu\/wp-content\/uploads\/2019\/11\/IMG_20191121_115234a-675x900.jpg 675w, https:\/\/sp1.kielce.eu\/wp-content\/uploads\/2019\/11\/IMG_20191121_115234a-225x300.jpg 225w, https:\/\/sp1.kielce.eu\/wp-content\/uploads\/2019\/11\/IMG_20191121_115234a-768x1024.jpg 768w, https:\/\/sp1.kielce.eu\/wp-content\/uploads\/2019\/11\/IMG_20191121_115234a-820x1093.jpg 820w, https:\/\/sp1.kielce.eu\/wp-content\/uploads\/2019\/11\/IMG_20191121_115234a.jpg 1910w\" sizes=\"auto, (max-width: 675px) 100vw, 675px\" \/><\/a><figcaption>2<\/figcaption><\/figure><\/li><li class=\"blocks-gallery-item\"><figure><a href=\"http:\/\/sp1.kielce.eu\/wp-content\/uploads\/2019\/11\/IMG_20191121_115257-675x900.jpg\"><img loading=\"lazy\" decoding=\"async\" width=\"675\" height=\"900\" src=\"http:\/\/sp1.kielce.eu\/wp-content\/uploads\/2019\/11\/IMG_20191121_115257-675x900.jpg\" alt=\"\" data-id=\"9350\" data-link=\"http:\/\/sp1.kielce.eu\/?attachment_id=9350\" class=\"wp-image-9350\" srcset=\"https:\/\/sp1.kielce.eu\/wp-content\/uploads\/2019\/11\/IMG_20191121_115257-675x900.jpg 675w, https:\/\/sp1.kielce.eu\/wp-content\/uploads\/2019\/11\/IMG_20191121_115257-225x300.jpg 225w, https:\/\/sp1.kielce.eu\/wp-content\/uploads\/2019\/11\/IMG_20191121_115257-768x1024.jpg 768w, https:\/\/sp1.kielce.eu\/wp-content\/uploads\/2019\/11\/IMG_20191121_115257-820x1093.jpg 820w\" sizes=\"auto, (max-width: 675px) 100vw, 675px\" \/><\/a><figcaption>3<\/figcaption><\/figure><\/li><li class=\"blocks-gallery-item\"><figure><a href=\"http:\/\/sp1.kielce.eu\/wp-content\/uploads\/2019\/11\/Resized_20191125_135402.jpeg\"><img loading=\"lazy\" decoding=\"async\" width=\"1152\" height=\"864\" src=\"http:\/\/sp1.kielce.eu\/wp-content\/uploads\/2019\/11\/Resized_20191125_135402.jpeg\" alt=\"\" data-id=\"9351\" data-link=\"http:\/\/sp1.kielce.eu\/?attachment_id=9351\" class=\"wp-image-9351\" srcset=\"https:\/\/sp1.kielce.eu\/wp-content\/uploads\/2019\/11\/Resized_20191125_135402.jpeg 1152w, https:\/\/sp1.kielce.eu\/wp-content\/uploads\/2019\/11\/Resized_20191125_135402-300x225.jpeg 300w, https:\/\/sp1.kielce.eu\/wp-content\/uploads\/2019\/11\/Resized_20191125_135402-768x576.jpeg 768w, https:\/\/sp1.kielce.eu\/wp-content\/uploads\/2019\/11\/Resized_20191125_135402-820x615.jpeg 820w\" sizes=\"auto, (max-width: 1152px) 100vw, 1152px\" \/><\/a><figcaption>4<\/figcaption><\/figure><\/li><li class=\"blocks-gallery-item\"><figure><a href=\"http:\/\/sp1.kielce.eu\/wp-content\/uploads\/2019\/11\/Resized_20191125_135436-675x900.jpeg\"><img loading=\"lazy\" decoding=\"async\" width=\"675\" height=\"900\" src=\"http:\/\/sp1.kielce.eu\/wp-content\/uploads\/2019\/11\/Resized_20191125_135436-675x900.jpeg\" alt=\"\" data-id=\"9352\" data-link=\"http:\/\/sp1.kielce.eu\/?attachment_id=9352\" class=\"wp-image-9352\" srcset=\"https:\/\/sp1.kielce.eu\/wp-content\/uploads\/2019\/11\/Resized_20191125_135436-675x900.jpeg 675w, https:\/\/sp1.kielce.eu\/wp-content\/uploads\/2019\/11\/Resized_20191125_135436-225x300.jpeg 225w, https:\/\/sp1.kielce.eu\/wp-content\/uploads\/2019\/11\/Resized_20191125_135436-768x1024.jpeg 768w, https:\/\/sp1.kielce.eu\/wp-content\/uploads\/2019\/11\/Resized_20191125_135436-820x1093.jpeg 820w, https:\/\/sp1.kielce.eu\/wp-content\/uploads\/2019\/11\/Resized_20191125_135436.jpeg 864w\" sizes=\"auto, (max-width: 675px) 100vw, 675px\" \/><\/a><figcaption>5<\/figcaption><\/figure><\/li><\/ul>\n","protected":false},"excerpt":{"rendered":"<p>W pa\u017adzierniku i listopadzie bie\u017c\u0105cego roku szkolnego odby\u0142a si\u0119 kolejna, si\u00f3dma ju\u017c edycja Og\u00f3lnopolskiego Dyktanda [&hellip;]<\/p>\n","protected":false},"author":5,"featured_media":9354,"comment_status":"closed","ping_status":"open","sticky":false,"template":"","format":"standard","meta":{"footnotes":""},"categories":[36,10,21],"tags":[],"class_list":["post-9347","post","type-post","status-publish","format-standard","has-post-thumbnail","hentry","category-wydarzenia","category-konkursy-przedmiotowe","category-konkursy"],"_links":{"self":[{"href":"https:\/\/sp1.kielce.eu\/index.php\/wp-json\/wp\/v2\/posts\/9347","targetHints":{"allow":["GET"]}}],"collection":[{"href":"https:\/\/sp1.kielce.eu\/index.php\/wp-json\/wp\/v2\/posts"}],"about":[{"href":"https:\/\/sp1.kielce.eu\/index.php\/wp-json\/wp\/v2\/types\/post"}],"author":[{"embeddable":true,"href":"https:\/\/sp1.kielce.eu\/index.php\/wp-json\/wp\/v2\/users\/5"}],"replies":[{"embeddable":true,"href":"https:\/\/sp1.kielce.eu\/index.php\/wp-json\/wp\/v2\/comments?post=9347"}],"version-history":[{"count":2,"href":"https:\/\/sp1.kielce.eu\/index.php\/wp-json\/wp\/v2\/posts\/9347\/revisions"}],"predecessor-version":[{"id":12607,"href":"https:\/\/sp1.kielce.eu\/index.php\/wp-json\/wp\/v2\/posts\/9347\/revisions\/12607"}],"wp:featuredmedia":[{"embeddable":true,"href":"https:\/\/sp1.kielce.eu\/index.php\/wp-json\/wp\/v2\/media\/9354"}],"wp:attachment":[{"href":"https:\/\/sp1.kielce.eu\/index.php\/wp-json\/wp\/v2\/media?parent=9347"}],"wp:term":[{"taxonomy":"category","embeddable":true,"href":"https:\/\/sp1.kielce.eu\/index.php\/wp-json\/wp\/v2\/categories?post=9347"},{"taxonomy":"post_tag","embeddable":true,"href":"https:\/\/sp1.kielce.eu\/index.php\/wp-json\/wp\/v2\/tags?post=9347"}],"curies":[{"name":"wp","href":"https:\/\/api.w.org\/{rel}","templated":true}]}}