{"id":9344,"date":"2019-11-27T08:21:15","date_gmt":"2019-11-27T07:21:15","guid":{"rendered":"http:\/\/sp1.kielce.eu\/?p=9344"},"modified":"2019-11-27T08:21:15","modified_gmt":"2019-11-27T07:21:15","slug":"uwaga-konkurs-4","status":"publish","type":"post","link":"https:\/\/sp1.kielce.eu\/index.php\/2019\/11\/27\/uwaga-konkurs-4\/","title":{"rendered":"UWAGA KONKURS"},"content":{"rendered":"\n<p><strong>REGULAMIN<\/strong> <strong>konkursu \u00a0na<\/strong> <strong>OZDOB\u0118 CHOINKOW\u0104 \u201eEKO-bombka\u201d<\/strong> <strong>,, EKO-stroik \u015bwi\u0105teczny\u201d<\/strong><\/p>\n\n\n\n<p><strong>Organizatorzy:<\/strong> <strong>Aneta Trzci\u0144ska<\/strong>, <strong>Anna Materny<\/strong><\/p>\n\n\n\n<p><strong><em>CEL:<\/em><\/strong><strong>&nbsp; <\/strong>Kultywowanie\ntradycji bo\u017conarodzeniowej, rozpowszechnienie wiedzy z zakresu ochrony\n\u015brodowiska oraz zach\u0119cenie dzieci i m\u0142odzie\u017cy do tw\u00f3rczo\u015bci plastycznej, rozwijaj\u0105cej\nw\u015br\u00f3d uczestnik\u00f3w w\u0142a\u015bciwe wzorce zachowa\u0144 i postaw sprzyjaj\u0105cych dba\u0142o\u015bci o\nprzyrod\u0119.<strong><em><\/em><\/strong><\/p>\n\n\n\n<p><strong><em>TERMINARZ <\/em><\/strong><\/p>\n\n\n\n<p>Termin\nnadsy\u0142ania prac \u2013&nbsp; do <strong>16&nbsp; grudnia 2019<\/strong><\/p>\n\n\n\n<p>Og\u0142oszenie wynik\u00f3w i wr\u0119czenie&nbsp; nagr\u00f3d&nbsp; \u2013 20<strong> grudnia 2019 r. <\/strong><strong><em><\/em><\/strong><\/p>\n\n\n\n<p><strong><em>NAGRODY<\/em><\/strong><\/p>\n\n\n\n<p>Organizatorzy\nkonkursu przewiduj\u0105 dla&nbsp; laureat\u00f3w\nkonkursu nagrody rzeczowe i dyplomy za I, II i III miejsca <strong><em><\/em><\/strong><\/p>\n\n\n\n<p>Do\nkonkursu zg\u0142oszone mog\u0105 zosta\u0107 prace, wykonane dowoln\u0105 technik\u0105, z materia\u0142\u00f3w\nwt\u00f3rnie wykorzystywanych (np. opakowa\u0144 papierowych, szklanych, plastikowych)\nlub materia\u0142\u00f3w naturalnych (np. drewno, siano, s\u0142oma, papie sznurek)<\/p>\n\n\n\n<p>Eko-bombka powinna by\u0107 zaopatrzona w solidnie\nprzymocowan\u0105 \u201ezawieszk\u0119\u201d umo\u017cliwiaj\u0105c\u0105 zawieszenie ozdoby na&nbsp;&nbsp; ga\u0142\u0105zce choinki.<\/p>\n\n\n\n<p>.Kryteria oceny: nawi\u0105zanie do tradycji,\npomys\u0142owo\u015b\u0107 i oryginalno\u015b\u0107 pracy, dekoracyjno\u015b\u0107 i kolorystyka, estetyka\nwykonania, dob\u00f3r materia\u0142\u00f3w.<\/p>\n\n\n\n<ol class=\"wp-block-list\"><li>Do ka\u017cdej pracy powinna by\u0107 za\u0142\u0105czona karta\ninformacyjna z imieniem i nazwiskiem, klas\u0105, <\/li><li>Prace nale\u017cy sk\u0142ada\u0107 do p. Anety Trzci\u0144skiej&nbsp; i Anny Materny .<\/li><li>Wybrane prace zostan\u0105 zawieszone na &nbsp;szkolnej choince ,\nkt\u00f3ra we\u017amie udzia\u0142 w konkursie na naj\u0142adniejsz\u0105 choink\u0119 zorganizowanym przez\nUrz\u0105d Miasta Kielce.<\/li><li>Oceny prac dokona jury powo\u0142ane przez organizatora.<\/li><li>Wszyscy laureaci zostan\u0105 powiadomieni o werdykcie\njury.<\/li><\/ol>\n","protected":false},"excerpt":{"rendered":"<p>REGULAMIN konkursu \u00a0na OZDOB\u0118 CHOINKOW\u0104 \u201eEKO-bombka\u201d ,, EKO-stroik \u015bwi\u0105teczny\u201d Organizatorzy: Aneta Trzci\u0144ska, Anna Materny CEL:&nbsp; [&hellip;]<\/p>\n","protected":false},"author":5,"featured_media":9345,"comment_status":"closed","ping_status":"open","sticky":false,"template":"","format":"standard","meta":{"footnotes":""},"categories":[1,36],"tags":[],"class_list":["post-9344","post","type-post","status-publish","format-standard","has-post-thumbnail","hentry","category-bez-kategorii","category-wydarzenia"],"_links":{"self":[{"href":"https:\/\/sp1.kielce.eu\/index.php\/wp-json\/wp\/v2\/posts\/9344","targetHints":{"allow":["GET"]}}],"collection":[{"href":"https:\/\/sp1.kielce.eu\/index.php\/wp-json\/wp\/v2\/posts"}],"about":[{"href":"https:\/\/sp1.kielce.eu\/index.php\/wp-json\/wp\/v2\/types\/post"}],"author":[{"embeddable":true,"href":"https:\/\/sp1.kielce.eu\/index.php\/wp-json\/wp\/v2\/users\/5"}],"replies":[{"embeddable":true,"href":"https:\/\/sp1.kielce.eu\/index.php\/wp-json\/wp\/v2\/comments?post=9344"}],"version-history":[{"count":1,"href":"https:\/\/sp1.kielce.eu\/index.php\/wp-json\/wp\/v2\/posts\/9344\/revisions"}],"predecessor-version":[{"id":9346,"href":"https:\/\/sp1.kielce.eu\/index.php\/wp-json\/wp\/v2\/posts\/9344\/revisions\/9346"}],"wp:featuredmedia":[{"embeddable":true,"href":"https:\/\/sp1.kielce.eu\/index.php\/wp-json\/wp\/v2\/media\/9345"}],"wp:attachment":[{"href":"https:\/\/sp1.kielce.eu\/index.php\/wp-json\/wp\/v2\/media?parent=9344"}],"wp:term":[{"taxonomy":"category","embeddable":true,"href":"https:\/\/sp1.kielce.eu\/index.php\/wp-json\/wp\/v2\/categories?post=9344"},{"taxonomy":"post_tag","embeddable":true,"href":"https:\/\/sp1.kielce.eu\/index.php\/wp-json\/wp\/v2\/tags?post=9344"}],"curies":[{"name":"wp","href":"https:\/\/api.w.org\/{rel}","templated":true}]}}