{"id":9307,"date":"2019-11-25T23:42:46","date_gmt":"2019-11-25T22:42:46","guid":{"rendered":"http:\/\/sp1.kielce.eu\/?p=9307"},"modified":"2020-07-05T13:08:12","modified_gmt":"2020-07-05T11:08:12","slug":"final-konkursu-jestem-bezpieczny-na-drodze","status":"publish","type":"post","link":"https:\/\/sp1.kielce.eu\/index.php\/2019\/11\/25\/final-konkursu-jestem-bezpieczny-na-drodze\/","title":{"rendered":"Fina\u0142 konkursu &#8222;Jestem bezpieczny na drodze&#8221;"},"content":{"rendered":"\n<p>W pi\u0105tek &#8211; 22 listopada 2019 roku <strong>&#8211;<\/strong> w&nbsp;kieleckim\nkinie \u201eMoskwa\u201d odby\u0142 si\u0119 uroczysty fina\u0142 konkursu plastycznego \u201eJestem\nbezpieczny na drodze\u201d<strong>, <\/strong>zorganizowanego\nprzez Komend\u0119 Stra\u017cy Miejskiej w&nbsp;Kielcach,\nkt\u00f3rego celem by\u0142o rozwijanie i&nbsp;popularyzowanie w\u015br\u00f3d dzieci \u015bwiadomego i&nbsp;bezpiecznego\nuczestnictwa w&nbsp;ruchu drogowym. Konkurs zosta\u0142 skierowany do dzieci z&nbsp;kieleckich\nprzedszkoli i&nbsp;szk\u00f3\u0142 podstawowych. My r\u00f3wnie\u017c odnotowali\u015bmy w&nbsp;nim sw\u00f3j\nudzia\u0142, albowiem w\u015br\u00f3d laureat\u00f3w znale\u017ali si\u0119 Nikola\nSosowska oraz Mi\u0142osz Czechowicz z&nbsp;klasy IA. Serdecznie gratulujemy\nlaureatom i&nbsp;\u017cyczymy wielu sukces\u00f3w w&nbsp;r\u00f3\u017cnego rodzaju\nwsp\u00f3\u0142zawodnictwie.<\/p>\n\n\n\n<p style=\"text-align:right\">Kinga Kozie\u0142<\/p>\n\n\n\n<ul class=\"wp-block-gallery columns-3 is-cropped wp-block-gallery-1 is-layout-flex wp-block-gallery-is-layout-flex\"><li class=\"blocks-gallery-item\"><figure><a href=\"http:\/\/sp1.kielce.eu\/wp-content\/uploads\/2019\/11\/20191122_103557-Copy-1200x900.jpg\"><img loading=\"lazy\" decoding=\"async\" width=\"1200\" height=\"900\" src=\"http:\/\/sp1.kielce.eu\/wp-content\/uploads\/2019\/11\/20191122_103557-Copy-1200x900.jpg\" alt=\"\" data-id=\"9308\" data-link=\"http:\/\/sp1.kielce.eu\/?attachment_id=9308\" class=\"wp-image-9308\" srcset=\"https:\/\/sp1.kielce.eu\/wp-content\/uploads\/2019\/11\/20191122_103557-Copy.jpg 1200w, https:\/\/sp1.kielce.eu\/wp-content\/uploads\/2019\/11\/20191122_103557-Copy-300x225.jpg 300w, https:\/\/sp1.kielce.eu\/wp-content\/uploads\/2019\/11\/20191122_103557-Copy-768x576.jpg 768w, https:\/\/sp1.kielce.eu\/wp-content\/uploads\/2019\/11\/20191122_103557-Copy-820x615.jpg 820w\" sizes=\"auto, (max-width: 1200px) 100vw, 1200px\" \/><\/a><\/figure><\/li><li class=\"blocks-gallery-item\"><figure><a href=\"http:\/\/sp1.kielce.eu\/wp-content\/uploads\/2019\/11\/20191122_103602-Copy-1200x900.jpg\"><img loading=\"lazy\" decoding=\"async\" width=\"1200\" height=\"900\" src=\"http:\/\/sp1.kielce.eu\/wp-content\/uploads\/2019\/11\/20191122_103602-Copy-1200x900.jpg\" alt=\"\" data-id=\"9309\" data-link=\"http:\/\/sp1.kielce.eu\/?attachment_id=9309\" class=\"wp-image-9309\" srcset=\"https:\/\/sp1.kielce.eu\/wp-content\/uploads\/2019\/11\/20191122_103602-Copy.jpg 1200w, https:\/\/sp1.kielce.eu\/wp-content\/uploads\/2019\/11\/20191122_103602-Copy-300x225.jpg 300w, https:\/\/sp1.kielce.eu\/wp-content\/uploads\/2019\/11\/20191122_103602-Copy-768x576.jpg 768w, https:\/\/sp1.kielce.eu\/wp-content\/uploads\/2019\/11\/20191122_103602-Copy-820x615.jpg 820w\" sizes=\"auto, (max-width: 1200px) 100vw, 1200px\" \/><\/a><\/figure><\/li><li class=\"blocks-gallery-item\"><figure><a href=\"http:\/\/sp1.kielce.eu\/wp-content\/uploads\/2019\/11\/20191122_104029-Copy-1200x900.jpg\"><img loading=\"lazy\" decoding=\"async\" width=\"1200\" height=\"900\" src=\"http:\/\/sp1.kielce.eu\/wp-content\/uploads\/2019\/11\/20191122_104029-Copy-1200x900.jpg\" alt=\"\" data-id=\"9310\" data-link=\"http:\/\/sp1.kielce.eu\/?attachment_id=9310\" class=\"wp-image-9310\" srcset=\"https:\/\/sp1.kielce.eu\/wp-content\/uploads\/2019\/11\/20191122_104029-Copy.jpg 1200w, https:\/\/sp1.kielce.eu\/wp-content\/uploads\/2019\/11\/20191122_104029-Copy-300x225.jpg 300w, https:\/\/sp1.kielce.eu\/wp-content\/uploads\/2019\/11\/20191122_104029-Copy-768x576.jpg 768w, https:\/\/sp1.kielce.eu\/wp-content\/uploads\/2019\/11\/20191122_104029-Copy-820x615.jpg 820w\" sizes=\"auto, (max-width: 1200px) 100vw, 1200px\" \/><\/a><\/figure><\/li><\/ul>\n","protected":false},"excerpt":{"rendered":"<p>W pi\u0105tek &#8211; 22 listopada 2019 roku &#8211; w&nbsp;kieleckim kinie \u201eMoskwa\u201d odby\u0142 si\u0119 uroczysty fina\u0142 [&hellip;]<\/p>\n","protected":false},"author":13,"featured_media":9309,"comment_status":"closed","ping_status":"closed","sticky":false,"template":"","format":"standard","meta":{"footnotes":""},"categories":[10,21],"tags":[],"class_list":["post-9307","post","type-post","status-publish","format-standard","has-post-thumbnail","hentry","category-konkursy-przedmiotowe","category-konkursy"],"_links":{"self":[{"href":"https:\/\/sp1.kielce.eu\/index.php\/wp-json\/wp\/v2\/posts\/9307","targetHints":{"allow":["GET"]}}],"collection":[{"href":"https:\/\/sp1.kielce.eu\/index.php\/wp-json\/wp\/v2\/posts"}],"about":[{"href":"https:\/\/sp1.kielce.eu\/index.php\/wp-json\/wp\/v2\/types\/post"}],"author":[{"embeddable":true,"href":"https:\/\/sp1.kielce.eu\/index.php\/wp-json\/wp\/v2\/users\/13"}],"replies":[{"embeddable":true,"href":"https:\/\/sp1.kielce.eu\/index.php\/wp-json\/wp\/v2\/comments?post=9307"}],"version-history":[{"count":3,"href":"https:\/\/sp1.kielce.eu\/index.php\/wp-json\/wp\/v2\/posts\/9307\/revisions"}],"predecessor-version":[{"id":12608,"href":"https:\/\/sp1.kielce.eu\/index.php\/wp-json\/wp\/v2\/posts\/9307\/revisions\/12608"}],"wp:featuredmedia":[{"embeddable":true,"href":"https:\/\/sp1.kielce.eu\/index.php\/wp-json\/wp\/v2\/media\/9309"}],"wp:attachment":[{"href":"https:\/\/sp1.kielce.eu\/index.php\/wp-json\/wp\/v2\/media?parent=9307"}],"wp:term":[{"taxonomy":"category","embeddable":true,"href":"https:\/\/sp1.kielce.eu\/index.php\/wp-json\/wp\/v2\/categories?post=9307"},{"taxonomy":"post_tag","embeddable":true,"href":"https:\/\/sp1.kielce.eu\/index.php\/wp-json\/wp\/v2\/tags?post=9307"}],"curies":[{"name":"wp","href":"https:\/\/api.w.org\/{rel}","templated":true}]}}