{"id":9293,"date":"2019-11-25T08:47:37","date_gmt":"2019-11-25T07:47:37","guid":{"rendered":"http:\/\/sp1.kielce.eu\/?p=9293"},"modified":"2019-11-25T08:47:37","modified_gmt":"2019-11-25T07:47:37","slug":"akcja-paka-dla-psiaka-w-swietlicy-4-katy","status":"publish","type":"post","link":"https:\/\/sp1.kielce.eu\/index.php\/2019\/11\/25\/akcja-paka-dla-psiaka-w-swietlicy-4-katy\/","title":{"rendered":"AKCJA &#8222;PAKA DLA PSIAKA &#8222;W \u015aWIETLICY 4 K\u0104TY"},"content":{"rendered":"\n<p>Nasza szkolna akcja charytatywna &#8222;Paka dla psiaka&#8221; wykroczy\u0142a poza mury naszej szko\u0142y!Wolontariusz Franek Ko\u0142oma\u0144ski umie\u015bci\u0142 w \u015bwietlicy &#8222;4 k\u0105ty&#8221; na ul Konopnickiej 5 pud\u0142o na dary dla bezdomnych zwierz\u0105t, kt\u00f3re znalaz\u0142y dom w schronisku w Dyminach. Je\u015bli macie pomys\u0142y gdzie jeszcze mo\u017cna zbiera\u0107 karm\u0119 dla podopiecznych schroniska lub chcecie do\u0142\u0105czy\u0107 do wolontariatu- zapraszam na rozmow\u0119 w ka\u017cdy pi\u0105tek o 13.30 ( sala nr 13).<\/p>\n\n\n\n<p style=\"text-align:right\"> Anna Materny-opiekun Szkolnego Ko\u0142a Wolontariatu &#8222;Jedynka&#8221;<\/p>\n\n\n\n<ul class=\"wp-block-gallery columns-2 is-cropped wp-block-gallery-1 is-layout-flex wp-block-gallery-is-layout-flex\"><li class=\"blocks-gallery-item\"><figure><a href=\"http:\/\/sp1.kielce.eu\/wp-content\/uploads\/2019\/11\/IMG_20191121_155232-Medium.jpg\"><img loading=\"lazy\" decoding=\"async\" width=\"1024\" height=\"768\" src=\"http:\/\/sp1.kielce.eu\/wp-content\/uploads\/2019\/11\/IMG_20191121_155232-Medium.jpg\" alt=\"\" data-id=\"9294\" data-link=\"http:\/\/sp1.kielce.eu\/?attachment_id=9294\" class=\"wp-image-9294\" srcset=\"https:\/\/sp1.kielce.eu\/wp-content\/uploads\/2019\/11\/IMG_20191121_155232-Medium.jpg 1024w, https:\/\/sp1.kielce.eu\/wp-content\/uploads\/2019\/11\/IMG_20191121_155232-Medium-300x225.jpg 300w, https:\/\/sp1.kielce.eu\/wp-content\/uploads\/2019\/11\/IMG_20191121_155232-Medium-768x576.jpg 768w, https:\/\/sp1.kielce.eu\/wp-content\/uploads\/2019\/11\/IMG_20191121_155232-Medium-820x615.jpg 820w\" sizes=\"auto, (max-width: 1024px) 100vw, 1024px\" \/><\/a><figcaption>1<\/figcaption><\/figure><\/li><li class=\"blocks-gallery-item\"><figure><a href=\"http:\/\/sp1.kielce.eu\/wp-content\/uploads\/2019\/11\/IMG_20191121_155236-Medium.jpg\"><img loading=\"lazy\" decoding=\"async\" width=\"1024\" height=\"768\" src=\"http:\/\/sp1.kielce.eu\/wp-content\/uploads\/2019\/11\/IMG_20191121_155236-Medium.jpg\" alt=\"\" data-id=\"9295\" data-link=\"http:\/\/sp1.kielce.eu\/?attachment_id=9295\" class=\"wp-image-9295\" srcset=\"https:\/\/sp1.kielce.eu\/wp-content\/uploads\/2019\/11\/IMG_20191121_155236-Medium.jpg 1024w, https:\/\/sp1.kielce.eu\/wp-content\/uploads\/2019\/11\/IMG_20191121_155236-Medium-300x225.jpg 300w, https:\/\/sp1.kielce.eu\/wp-content\/uploads\/2019\/11\/IMG_20191121_155236-Medium-768x576.jpg 768w, https:\/\/sp1.kielce.eu\/wp-content\/uploads\/2019\/11\/IMG_20191121_155236-Medium-820x615.jpg 820w\" sizes=\"auto, (max-width: 1024px) 100vw, 1024px\" \/><\/a><figcaption>2<\/figcaption><\/figure><\/li><\/ul>\n","protected":false},"excerpt":{"rendered":"<p>Nasza szkolna akcja charytatywna &#8222;Paka dla psiaka&#8221; wykroczy\u0142a poza mury naszej szko\u0142y!Wolontariusz Franek Ko\u0142oma\u0144ski umie\u015bci\u0142 [&hellip;]<\/p>\n","protected":false},"author":5,"featured_media":9294,"comment_status":"closed","ping_status":"open","sticky":false,"template":"","format":"standard","meta":{"footnotes":""},"categories":[23],"tags":[],"class_list":["post-9293","post","type-post","status-publish","format-standard","has-post-thumbnail","hentry","category-charytatywne"],"_links":{"self":[{"href":"https:\/\/sp1.kielce.eu\/index.php\/wp-json\/wp\/v2\/posts\/9293","targetHints":{"allow":["GET"]}}],"collection":[{"href":"https:\/\/sp1.kielce.eu\/index.php\/wp-json\/wp\/v2\/posts"}],"about":[{"href":"https:\/\/sp1.kielce.eu\/index.php\/wp-json\/wp\/v2\/types\/post"}],"author":[{"embeddable":true,"href":"https:\/\/sp1.kielce.eu\/index.php\/wp-json\/wp\/v2\/users\/5"}],"replies":[{"embeddable":true,"href":"https:\/\/sp1.kielce.eu\/index.php\/wp-json\/wp\/v2\/comments?post=9293"}],"version-history":[{"count":1,"href":"https:\/\/sp1.kielce.eu\/index.php\/wp-json\/wp\/v2\/posts\/9293\/revisions"}],"predecessor-version":[{"id":9296,"href":"https:\/\/sp1.kielce.eu\/index.php\/wp-json\/wp\/v2\/posts\/9293\/revisions\/9296"}],"wp:featuredmedia":[{"embeddable":true,"href":"https:\/\/sp1.kielce.eu\/index.php\/wp-json\/wp\/v2\/media\/9294"}],"wp:attachment":[{"href":"https:\/\/sp1.kielce.eu\/index.php\/wp-json\/wp\/v2\/media?parent=9293"}],"wp:term":[{"taxonomy":"category","embeddable":true,"href":"https:\/\/sp1.kielce.eu\/index.php\/wp-json\/wp\/v2\/categories?post=9293"},{"taxonomy":"post_tag","embeddable":true,"href":"https:\/\/sp1.kielce.eu\/index.php\/wp-json\/wp\/v2\/tags?post=9293"}],"curies":[{"name":"wp","href":"https:\/\/api.w.org\/{rel}","templated":true}]}}