{"id":9290,"date":"2019-11-25T08:43:18","date_gmt":"2019-11-25T07:43:18","guid":{"rendered":"http:\/\/sp1.kielce.eu\/?p=9290"},"modified":"2019-11-25T08:43:18","modified_gmt":"2019-11-25T07:43:18","slug":"wspolpraca-z-diecezjalnym-centrum-wolontariatu","status":"publish","type":"post","link":"https:\/\/sp1.kielce.eu\/index.php\/2019\/11\/25\/wspolpraca-z-diecezjalnym-centrum-wolontariatu\/","title":{"rendered":"WSP\u00d3\u0141PRACA Z DIECEZJALNYM CENTRUM WOLONTARIATU"},"content":{"rendered":"\n<p>W ramach wsp\u00f3\u0142pracy z Diecezjalnym Centrum Wolontariatu opiekun Szkolnego Ko\u0142a Wolontariatu Anna Materny uczestniczy\u0142a w szkoleniu dla koordynator\u00f3w wolontariatu w ramach programu Korpus Solidarno\u015bci. Program ten ma na celu wspieranie wolontariatu d\u0142ugoterminowego.W szkoleniu wzi\u0119\u0142y udzia\u0142 osoby z r\u00f3\u017cnych instytucji i plac\u00f3wek, w kt\u00f3rych dzia\u0142aj\u0105 wolontariusze.By\u0142a to okazja zar\u00f3wno do wymiany do\u015bwiadcze\u0144, jak i om\u00f3wienia prawnych aspekt\u00f3w pracy wolontariusza. <\/p>\n\n\n\n<p style=\"text-align:right\">Anna Materny<\/p>\n\n\n\n<ul class=\"wp-block-gallery columns-1 is-cropped wp-block-gallery-1 is-layout-flex wp-block-gallery-is-layout-flex\"><li class=\"blocks-gallery-item\"><figure><a href=\"http:\/\/sp1.kielce.eu\/wp-content\/uploads\/2019\/11\/20191122_215731.jpg\"><img loading=\"lazy\" decoding=\"async\" width=\"528\" height=\"136\" src=\"http:\/\/sp1.kielce.eu\/wp-content\/uploads\/2019\/11\/20191122_215731.jpg\" alt=\"\" data-id=\"9291\" data-link=\"http:\/\/sp1.kielce.eu\/?attachment_id=9291\" class=\"wp-image-9291\" srcset=\"https:\/\/sp1.kielce.eu\/wp-content\/uploads\/2019\/11\/20191122_215731.jpg 528w, https:\/\/sp1.kielce.eu\/wp-content\/uploads\/2019\/11\/20191122_215731-300x77.jpg 300w\" sizes=\"auto, (max-width: 528px) 100vw, 528px\" \/><\/a><figcaption>1<\/figcaption><\/figure><\/li><\/ul>\n","protected":false},"excerpt":{"rendered":"<p>W ramach wsp\u00f3\u0142pracy z Diecezjalnym Centrum Wolontariatu opiekun Szkolnego Ko\u0142a Wolontariatu Anna Materny uczestniczy\u0142a w [&hellip;]<\/p>\n","protected":false},"author":5,"featured_media":9291,"comment_status":"closed","ping_status":"open","sticky":false,"template":"","format":"standard","meta":{"footnotes":""},"categories":[163],"tags":[],"class_list":["post-9290","post","type-post","status-publish","format-standard","has-post-thumbnail","hentry","category-skw"],"_links":{"self":[{"href":"https:\/\/sp1.kielce.eu\/index.php\/wp-json\/wp\/v2\/posts\/9290","targetHints":{"allow":["GET"]}}],"collection":[{"href":"https:\/\/sp1.kielce.eu\/index.php\/wp-json\/wp\/v2\/posts"}],"about":[{"href":"https:\/\/sp1.kielce.eu\/index.php\/wp-json\/wp\/v2\/types\/post"}],"author":[{"embeddable":true,"href":"https:\/\/sp1.kielce.eu\/index.php\/wp-json\/wp\/v2\/users\/5"}],"replies":[{"embeddable":true,"href":"https:\/\/sp1.kielce.eu\/index.php\/wp-json\/wp\/v2\/comments?post=9290"}],"version-history":[{"count":1,"href":"https:\/\/sp1.kielce.eu\/index.php\/wp-json\/wp\/v2\/posts\/9290\/revisions"}],"predecessor-version":[{"id":9292,"href":"https:\/\/sp1.kielce.eu\/index.php\/wp-json\/wp\/v2\/posts\/9290\/revisions\/9292"}],"wp:featuredmedia":[{"embeddable":true,"href":"https:\/\/sp1.kielce.eu\/index.php\/wp-json\/wp\/v2\/media\/9291"}],"wp:attachment":[{"href":"https:\/\/sp1.kielce.eu\/index.php\/wp-json\/wp\/v2\/media?parent=9290"}],"wp:term":[{"taxonomy":"category","embeddable":true,"href":"https:\/\/sp1.kielce.eu\/index.php\/wp-json\/wp\/v2\/categories?post=9290"},{"taxonomy":"post_tag","embeddable":true,"href":"https:\/\/sp1.kielce.eu\/index.php\/wp-json\/wp\/v2\/tags?post=9290"}],"curies":[{"name":"wp","href":"https:\/\/api.w.org\/{rel}","templated":true}]}}