{"id":926,"date":"2017-03-19T15:00:53","date_gmt":"2017-03-19T14:00:53","guid":{"rendered":"http:\/\/sp1.kielce.eu\/?p=926"},"modified":"2017-03-19T15:00:53","modified_gmt":"2017-03-19T14:00:53","slug":"akcja-pluszowy-mis","status":"publish","type":"post","link":"https:\/\/sp1.kielce.eu\/index.php\/2017\/03\/19\/akcja-pluszowy-mis\/","title":{"rendered":"Akcja ,,PLUSZOWY MI\u015a\u2019\u2019"},"content":{"rendered":"<p style=\"text-align: justify;\">W listopadzie i grudniu trwa\u0142a akcja ,,PLUSZOWY MI\u015a\u201d, ca\u0142a spo\u0142eczno\u015b\u0107 szkolna zbiera\u0142a zabawki, gry, ksi\u0105\u017cki i przybory szkolne. Rekordow\u0105 ilo\u015b\u0107 zebranych dar\u00f3w przekazano\u00a0 15grudnia 2016r.\u00a0 Reprezentanci klas III b, IV a i IV b wraz z nauczycielkami \u2013 pani\u0105\u00a0 Ma\u0142gorzat\u0105 Kasz\u0105 i pani\u0105 El\u017cbiet\u0105 W\u00f3jcik zawie\u017ali zgromadzone zabawki\u00a0 do Redakcji ,,Echa Dnia\u201d. Zdj\u0119cie i notatka o udziale w akcji\u00a0 ukaza\u0142y si\u0119 29 grudnia 2016 r. w czwartkowym\u00a0 wydaniu tej gazety. Koordynatorki akcji dzi\u0119kuj\u0105 za tak liczny odzew wszystkim darczy\u0144com i ich rodzicom oraz wychowawcom klas.<br \/>\n.<br \/>\n<big><\/big><\/p>\n<div style=\"text-align: right;\">Ma\u0142gorzata Kasza<\/div>\n<div style=\"text-align: center;\">\n<div id='gallery-1' class='gallery galleryid-926 gallery-columns-2 gallery-size-thumbnail'><figure class='gallery-item'>\n\t\t\t<div class='gallery-icon landscape'>\n\t\t\t\t<a href='https:\/\/sp1.kielce.eu\/wp-content\/uploads\/2017\/03\/pluszowy1.jpg'><img loading=\"lazy\" decoding=\"async\" width=\"150\" height=\"150\" src=\"https:\/\/sp1.kielce.eu\/wp-content\/uploads\/2017\/03\/pluszowy1-150x150.jpg\" class=\"attachment-thumbnail size-thumbnail\" alt=\"sp1 kielce\" \/><\/a>\n\t\t\t<\/div><\/figure><figure class='gallery-item'>\n\t\t\t<div class='gallery-icon landscape'>\n\t\t\t\t<a href='https:\/\/sp1.kielce.eu\/wp-content\/uploads\/2017\/03\/pluszowy2.jpg'><img loading=\"lazy\" decoding=\"async\" width=\"150\" height=\"150\" src=\"https:\/\/sp1.kielce.eu\/wp-content\/uploads\/2017\/03\/pluszowy2-150x150.jpg\" class=\"attachment-thumbnail size-thumbnail\" alt=\"sp1 kielce\" \/><\/a>\n\t\t\t<\/div><\/figure>\n\t\t<\/div>\n\n<\/div>\n","protected":false},"excerpt":{"rendered":"<p>W listopadzie i grudniu trwa\u0142a akcja ,,PLUSZOWY MI\u015a\u201d, ca\u0142a spo\u0142eczno\u015b\u0107 szkolna zbiera\u0142a zabawki, gry, ksi\u0105\u017cki [&hellip;]<\/p>\n","protected":false},"author":4,"featured_media":928,"comment_status":"closed","ping_status":"open","sticky":false,"template":"","format":"standard","meta":{"footnotes":""},"categories":[23],"tags":[44],"class_list":["post-926","post","type-post","status-publish","format-standard","has-post-thumbnail","hentry","category-charytatywne","tag-pluszowy-mis"],"_links":{"self":[{"href":"https:\/\/sp1.kielce.eu\/index.php\/wp-json\/wp\/v2\/posts\/926","targetHints":{"allow":["GET"]}}],"collection":[{"href":"https:\/\/sp1.kielce.eu\/index.php\/wp-json\/wp\/v2\/posts"}],"about":[{"href":"https:\/\/sp1.kielce.eu\/index.php\/wp-json\/wp\/v2\/types\/post"}],"author":[{"embeddable":true,"href":"https:\/\/sp1.kielce.eu\/index.php\/wp-json\/wp\/v2\/users\/4"}],"replies":[{"embeddable":true,"href":"https:\/\/sp1.kielce.eu\/index.php\/wp-json\/wp\/v2\/comments?post=926"}],"version-history":[{"count":1,"href":"https:\/\/sp1.kielce.eu\/index.php\/wp-json\/wp\/v2\/posts\/926\/revisions"}],"predecessor-version":[{"id":929,"href":"https:\/\/sp1.kielce.eu\/index.php\/wp-json\/wp\/v2\/posts\/926\/revisions\/929"}],"wp:featuredmedia":[{"embeddable":true,"href":"https:\/\/sp1.kielce.eu\/index.php\/wp-json\/wp\/v2\/media\/928"}],"wp:attachment":[{"href":"https:\/\/sp1.kielce.eu\/index.php\/wp-json\/wp\/v2\/media?parent=926"}],"wp:term":[{"taxonomy":"category","embeddable":true,"href":"https:\/\/sp1.kielce.eu\/index.php\/wp-json\/wp\/v2\/categories?post=926"},{"taxonomy":"post_tag","embeddable":true,"href":"https:\/\/sp1.kielce.eu\/index.php\/wp-json\/wp\/v2\/tags?post=926"}],"curies":[{"name":"wp","href":"https:\/\/api.w.org\/{rel}","templated":true}]}}