{"id":9161,"date":"2019-11-20T11:59:16","date_gmt":"2019-11-20T10:59:16","guid":{"rendered":"http:\/\/sp1.kielce.eu\/?p=9161"},"modified":"2019-11-20T11:59:16","modified_gmt":"2019-11-20T10:59:16","slug":"miedzynarodowy-dzien-praw-dziecka-z-unicef","status":"publish","type":"post","link":"https:\/\/sp1.kielce.eu\/index.php\/2019\/11\/20\/miedzynarodowy-dzien-praw-dziecka-z-unicef\/","title":{"rendered":"Mi\u0119dzynarodowy Dzie\u0144 Praw Dziecka z UNICEF"},"content":{"rendered":"\n<p>20 listopada przypada rocznica uchwalenia najwa\u017cniejszego dokumentu stanowi\u0105cego o prawach najm\u0142odszych &#8211; Konwencji o prawach dziecka. Jest to dzie\u0144, w kt\u00f3rym uwaga wszystkich kierowana jest na dzieci i ich prawa.  W celu uczczenia tego dnia zorganizowano w naszej szkole happening : ca\u0142a spo\u0142eczno\u015b\u0107 szkolna spotka\u0142a si\u0119 na sali gimnastycznej w niebieskich strojach. Po przemowie pani dyrektor \u017banety Szczepaniak pani Kinga Kozie\u0142 przeprowadzi\u0142a quiz dotycz\u0105cy praw dziecka. Zdj\u0119cia wykona\u0142 pan Piotr Surma<\/p>\n\n\n\n<p>Kamila Kami\u0144ska- nauczyciel bibliotekarz, wychowawca \u015bwietlicy szkolnej<br>Renata Kozie\u0142 \u2013 nauczyciel bibliotekarz <\/p>\n\n\n\n<ul class=\"wp-block-gallery columns-2 is-cropped wp-block-gallery-1 is-layout-flex wp-block-gallery-is-layout-flex\"><li class=\"blocks-gallery-item\"><figure><a href=\"http:\/\/sp1.kielce.eu\/wp-content\/uploads\/2019\/11\/20191120_111247-Large-1400x788.jpg\"><img loading=\"lazy\" decoding=\"async\" width=\"1400\" height=\"788\" src=\"http:\/\/sp1.kielce.eu\/wp-content\/uploads\/2019\/11\/20191120_111247-Large-1400x788.jpg\" alt=\"\" data-id=\"9162\" data-link=\"http:\/\/sp1.kielce.eu\/?attachment_id=9162\" class=\"wp-image-9162\" srcset=\"https:\/\/sp1.kielce.eu\/wp-content\/uploads\/2019\/11\/20191120_111247-Large-1400x788.jpg 1400w, https:\/\/sp1.kielce.eu\/wp-content\/uploads\/2019\/11\/20191120_111247-Large-300x169.jpg 300w, https:\/\/sp1.kielce.eu\/wp-content\/uploads\/2019\/11\/20191120_111247-Large-768x432.jpg 768w, https:\/\/sp1.kielce.eu\/wp-content\/uploads\/2019\/11\/20191120_111247-Large-820x461.jpg 820w, https:\/\/sp1.kielce.eu\/wp-content\/uploads\/2019\/11\/20191120_111247-Large.jpg 1920w\" sizes=\"auto, (max-width: 1400px) 100vw, 1400px\" \/><\/a><figcaption>1<\/figcaption><\/figure><\/li><li class=\"blocks-gallery-item\"><figure><a href=\"http:\/\/sp1.kielce.eu\/wp-content\/uploads\/2019\/11\/DSC_9988-Large-1355x900.jpg\"><img loading=\"lazy\" decoding=\"async\" width=\"1355\" height=\"900\" src=\"http:\/\/sp1.kielce.eu\/wp-content\/uploads\/2019\/11\/DSC_9988-Large-1355x900.jpg\" alt=\"\" data-id=\"9163\" data-link=\"http:\/\/sp1.kielce.eu\/?attachment_id=9163\" class=\"wp-image-9163\" srcset=\"https:\/\/sp1.kielce.eu\/wp-content\/uploads\/2019\/11\/DSC_9988-Large-1355x900.jpg 1355w, https:\/\/sp1.kielce.eu\/wp-content\/uploads\/2019\/11\/DSC_9988-Large-300x199.jpg 300w, https:\/\/sp1.kielce.eu\/wp-content\/uploads\/2019\/11\/DSC_9988-Large-768x510.jpg 768w, https:\/\/sp1.kielce.eu\/wp-content\/uploads\/2019\/11\/DSC_9988-Large-600x400.jpg 600w, https:\/\/sp1.kielce.eu\/wp-content\/uploads\/2019\/11\/DSC_9988-Large-820x545.jpg 820w, https:\/\/sp1.kielce.eu\/wp-content\/uploads\/2019\/11\/DSC_9988-Large.jpg 1626w\" sizes=\"auto, (max-width: 1355px) 100vw, 1355px\" \/><\/a><figcaption>2<\/figcaption><\/figure><\/li><\/ul>\n","protected":false},"excerpt":{"rendered":"<p>20 listopada przypada rocznica uchwalenia najwa\u017cniejszego dokumentu stanowi\u0105cego o prawach najm\u0142odszych &#8211; Konwencji o prawach [&hellip;]<\/p>\n","protected":false},"author":5,"featured_media":9162,"comment_status":"closed","ping_status":"open","sticky":false,"template":"","format":"standard","meta":{"footnotes":""},"categories":[36],"tags":[],"class_list":["post-9161","post","type-post","status-publish","format-standard","has-post-thumbnail","hentry","category-wydarzenia"],"_links":{"self":[{"href":"https:\/\/sp1.kielce.eu\/index.php\/wp-json\/wp\/v2\/posts\/9161","targetHints":{"allow":["GET"]}}],"collection":[{"href":"https:\/\/sp1.kielce.eu\/index.php\/wp-json\/wp\/v2\/posts"}],"about":[{"href":"https:\/\/sp1.kielce.eu\/index.php\/wp-json\/wp\/v2\/types\/post"}],"author":[{"embeddable":true,"href":"https:\/\/sp1.kielce.eu\/index.php\/wp-json\/wp\/v2\/users\/5"}],"replies":[{"embeddable":true,"href":"https:\/\/sp1.kielce.eu\/index.php\/wp-json\/wp\/v2\/comments?post=9161"}],"version-history":[{"count":1,"href":"https:\/\/sp1.kielce.eu\/index.php\/wp-json\/wp\/v2\/posts\/9161\/revisions"}],"predecessor-version":[{"id":9164,"href":"https:\/\/sp1.kielce.eu\/index.php\/wp-json\/wp\/v2\/posts\/9161\/revisions\/9164"}],"wp:featuredmedia":[{"embeddable":true,"href":"https:\/\/sp1.kielce.eu\/index.php\/wp-json\/wp\/v2\/media\/9162"}],"wp:attachment":[{"href":"https:\/\/sp1.kielce.eu\/index.php\/wp-json\/wp\/v2\/media?parent=9161"}],"wp:term":[{"taxonomy":"category","embeddable":true,"href":"https:\/\/sp1.kielce.eu\/index.php\/wp-json\/wp\/v2\/categories?post=9161"},{"taxonomy":"post_tag","embeddable":true,"href":"https:\/\/sp1.kielce.eu\/index.php\/wp-json\/wp\/v2\/tags?post=9161"}],"curies":[{"name":"wp","href":"https:\/\/api.w.org\/{rel}","templated":true}]}}