{"id":916,"date":"2017-03-19T14:57:01","date_gmt":"2017-03-19T13:57:01","guid":{"rendered":"http:\/\/sp1.kielce.eu\/?p=916"},"modified":"2017-03-19T14:57:01","modified_gmt":"2017-03-19T13:57:01","slug":"konkurs-na-najpiekniejsza-choinke","status":"publish","type":"post","link":"https:\/\/sp1.kielce.eu\/index.php\/2017\/03\/19\/konkurs-na-najpiekniejsza-choinke\/","title":{"rendered":"Konkurs na najpi\u0119kniejsz\u0105 choink\u0119"},"content":{"rendered":"<p style=\"text-align: justify;\">17 grudnia 2016r. Samorz\u0105d Uczniowski naszej szko\u0142y wzi\u0105\u0142 udzia\u0142 w konkursie na najpi\u0119kniejsz\u0105 choink\u0119. Impreza zosta\u0142a zorganizowana na Rynku w czasie otwarcia Jarmarku Bo\u017conarodzeniowego. Mi\u0142o nam poinformowa\u0107, \u017ce choinka ozdobiona przez Marcelin\u0119 K\u0119p\u0119, Zuzann\u0119 Ku\u015bmierczyk i Juli\u0119 Przygodzk\u0105 z kl. 4a, Ann\u0119 Koz\u0142owsk\u0105 z kl. 5a, Aleksandr\u0119 Janikowsk\u0105, Aleksandr\u0119 Ibe i Zuzann\u0119 W\u00f3jcik z kl. 5c oraz Magdalene Cichy, Zuzann\u0119 Dytrych i Natali\u0119 Szlufik z kl. 6b zdoby\u0142a wyr\u00f3\u017cnienie. Dzi\u0119kujemy wszystkim zaanga\u017cowanym uczniom i rodzicom, kt\u00f3rzy nam kibicowali.<\/p>\n<div style=\"text-align: right;\">El\u017cbieta W\u00f3jcik<\/div>\n<div style=\"text-align: center;\">\n<div id='gallery-1' class='gallery galleryid-916 gallery-columns-3 gallery-size-thumbnail'><figure class='gallery-item'>\n\t\t\t<div class='gallery-icon landscape'>\n\t\t\t\t<a href='https:\/\/sp1.kielce.eu\/wp-content\/uploads\/2017\/03\/kchoinka1.jpg'><img loading=\"lazy\" decoding=\"async\" width=\"150\" height=\"150\" src=\"https:\/\/sp1.kielce.eu\/wp-content\/uploads\/2017\/03\/kchoinka1-150x150.jpg\" class=\"attachment-thumbnail size-thumbnail\" alt=\"sp1 kielce\" \/><\/a>\n\t\t\t<\/div><\/figure><figure class='gallery-item'>\n\t\t\t<div class='gallery-icon landscape'>\n\t\t\t\t<a href='https:\/\/sp1.kielce.eu\/wp-content\/uploads\/2017\/03\/kchoinka2.jpg'><img loading=\"lazy\" decoding=\"async\" width=\"150\" height=\"150\" src=\"https:\/\/sp1.kielce.eu\/wp-content\/uploads\/2017\/03\/kchoinka2-150x150.jpg\" class=\"attachment-thumbnail size-thumbnail\" alt=\"\" \/><\/a>\n\t\t\t<\/div><\/figure><figure class='gallery-item'>\n\t\t\t<div class='gallery-icon landscape'>\n\t\t\t\t<a href='https:\/\/sp1.kielce.eu\/wp-content\/uploads\/2017\/03\/kchoinka3.jpg'><img loading=\"lazy\" decoding=\"async\" width=\"150\" height=\"150\" src=\"https:\/\/sp1.kielce.eu\/wp-content\/uploads\/2017\/03\/kchoinka3-150x150.jpg\" class=\"attachment-thumbnail size-thumbnail\" alt=\"\" \/><\/a>\n\t\t\t<\/div><\/figure><figure class='gallery-item'>\n\t\t\t<div class='gallery-icon landscape'>\n\t\t\t\t<a href='https:\/\/sp1.kielce.eu\/wp-content\/uploads\/2017\/03\/kchoinka4.jpg'><img loading=\"lazy\" decoding=\"async\" width=\"150\" height=\"150\" src=\"https:\/\/sp1.kielce.eu\/wp-content\/uploads\/2017\/03\/kchoinka4-150x150.jpg\" class=\"attachment-thumbnail size-thumbnail\" alt=\"\" \/><\/a>\n\t\t\t<\/div><\/figure><figure class='gallery-item'>\n\t\t\t<div class='gallery-icon landscape'>\n\t\t\t\t<a href='https:\/\/sp1.kielce.eu\/wp-content\/uploads\/2017\/03\/kchoinka5.jpg'><img loading=\"lazy\" decoding=\"async\" width=\"150\" height=\"150\" src=\"https:\/\/sp1.kielce.eu\/wp-content\/uploads\/2017\/03\/kchoinka5-150x150.jpg\" class=\"attachment-thumbnail size-thumbnail\" alt=\"sp1 kielce\" \/><\/a>\n\t\t\t<\/div><\/figure>\n\t\t<\/div>\n\n<\/div>\n","protected":false},"excerpt":{"rendered":"<p>17 grudnia 2016r. Samorz\u0105d Uczniowski naszej szko\u0142y wzi\u0105\u0142 udzia\u0142 w konkursie na najpi\u0119kniejsz\u0105 choink\u0119. Impreza [&hellip;]<\/p>\n","protected":false},"author":4,"featured_media":921,"comment_status":"closed","ping_status":"open","sticky":false,"template":"","format":"standard","meta":{"footnotes":""},"categories":[18,21],"tags":[43],"class_list":["post-916","post","type-post","status-publish","format-standard","has-post-thumbnail","hentry","category-samorzad-uczniowoski","category-konkursy","tag-choinka"],"_links":{"self":[{"href":"https:\/\/sp1.kielce.eu\/index.php\/wp-json\/wp\/v2\/posts\/916","targetHints":{"allow":["GET"]}}],"collection":[{"href":"https:\/\/sp1.kielce.eu\/index.php\/wp-json\/wp\/v2\/posts"}],"about":[{"href":"https:\/\/sp1.kielce.eu\/index.php\/wp-json\/wp\/v2\/types\/post"}],"author":[{"embeddable":true,"href":"https:\/\/sp1.kielce.eu\/index.php\/wp-json\/wp\/v2\/users\/4"}],"replies":[{"embeddable":true,"href":"https:\/\/sp1.kielce.eu\/index.php\/wp-json\/wp\/v2\/comments?post=916"}],"version-history":[{"count":1,"href":"https:\/\/sp1.kielce.eu\/index.php\/wp-json\/wp\/v2\/posts\/916\/revisions"}],"predecessor-version":[{"id":922,"href":"https:\/\/sp1.kielce.eu\/index.php\/wp-json\/wp\/v2\/posts\/916\/revisions\/922"}],"wp:featuredmedia":[{"embeddable":true,"href":"https:\/\/sp1.kielce.eu\/index.php\/wp-json\/wp\/v2\/media\/921"}],"wp:attachment":[{"href":"https:\/\/sp1.kielce.eu\/index.php\/wp-json\/wp\/v2\/media?parent=916"}],"wp:term":[{"taxonomy":"category","embeddable":true,"href":"https:\/\/sp1.kielce.eu\/index.php\/wp-json\/wp\/v2\/categories?post=916"},{"taxonomy":"post_tag","embeddable":true,"href":"https:\/\/sp1.kielce.eu\/index.php\/wp-json\/wp\/v2\/tags?post=916"}],"curies":[{"name":"wp","href":"https:\/\/api.w.org\/{rel}","templated":true}]}}