{"id":9074,"date":"2019-11-18T08:26:56","date_gmt":"2019-11-18T07:26:56","guid":{"rendered":"http:\/\/sp1.kielce.eu\/?p=9074"},"modified":"2020-06-30T10:32:59","modified_gmt":"2020-06-30T08:32:59","slug":"13-14-listopada-dni-czystego-powietrza","status":"publish","type":"post","link":"https:\/\/sp1.kielce.eu\/index.php\/2019\/11\/18\/13-14-listopada-dni-czystego-powietrza\/","title":{"rendered":"13-14 listopada &#8222;Dni Czystego Powietrza&#8221;"},"content":{"rendered":"\n<p>W dniach 13-14 listopada na terenie naszej szko\u0142y odby\u0142y si\u0119 &#8222;Dni Czystego Powietrza&#8221;. G\u0142\u00f3wnym celem tej akcji jest zwr\u00f3cenie uwagi na problem smogu, kt\u00f3ry negatywnie wp\u0142ywa na nasze zdrowie. Wiemy doskonale, \u017ce Polska zajmuje czo\u0142owe miejsce po\u015br\u00f3d najbardziej zanieczyszczonych pa\u0144stw Europy, dlatego tak wa\u017cna jest edukacja na ten temat.<br> Szkolne Ko\u0142o LOP wraz z nauczycielami przygotowa\u0142o informacje w formie gazetki z kt\u00f3rej uczniowie mieli mo\u017cliwo\u015b\u0107 pog\u0142\u0119bienia swojej wiedzy na temat czysto\u015bci powietrza. Ponadto mo\u017cna by\u0142o sprawdzi\u0107 swoj\u0105 znajomo\u015b\u0107 zjawiska smogu, losuj\u0105c pytanie i na nie odpowiadaj\u0105c. Opr\u00f3cz tego nasi uczniowie wzieli r\u00f3wnie\u017c udzia\u0142 w konkursie na has\u0142o promuj\u0105ce walk\u0119 ze smogiem zorganizowanym przez Urz\u0105d Miasta Kielce.<\/p>\n\n\n\n<p> Krystyna Banasik \u2013 nauczyciel biologii  <\/p>\n\n\n\n<p>El\u017cbieta Biesiada \u2013 nauczyciel fizyki   <\/p>\n\n\n\n<p style=\"text-align:left\">  Monika Go\u0142\u0105bek \u2013 nauczyciel geografii  <\/p>\n\n\n\n<p> Anna Mazur \u2013 nauczyciel matematyki  <\/p>\n\n\n\n<p> Urszula Sodel \u2013 nauczyciel matematyki  <\/p>\n\n\n\n<p>  Dariusz St\u0119pie\u0144 \u2013 nauczyciel informatyki<\/p>\n\n\n\n<ul class=\"wp-block-gallery columns-3 is-cropped wp-block-gallery-1 is-layout-flex wp-block-gallery-is-layout-flex\"><li class=\"blocks-gallery-item\"><figure><a href=\"http:\/\/sp1.kielce.eu\/wp-content\/uploads\/2019\/11\/IMG_7321-Large-1200x900.jpg\"><img loading=\"lazy\" decoding=\"async\" width=\"1200\" height=\"900\" src=\"http:\/\/sp1.kielce.eu\/wp-content\/uploads\/2019\/11\/IMG_7321-Large-1200x900.jpg\" alt=\"\" data-id=\"9077\" data-link=\"http:\/\/sp1.kielce.eu\/index.php\/2019\/11\/18\/13-14-listopada-dni-czystego-powietrza\/img_7321-large\/\" class=\"wp-image-9077\" srcset=\"https:\/\/sp1.kielce.eu\/wp-content\/uploads\/2019\/11\/IMG_7321-Large-1200x900.jpg 1200w, https:\/\/sp1.kielce.eu\/wp-content\/uploads\/2019\/11\/IMG_7321-Large-300x225.jpg 300w, https:\/\/sp1.kielce.eu\/wp-content\/uploads\/2019\/11\/IMG_7321-Large-768x576.jpg 768w, https:\/\/sp1.kielce.eu\/wp-content\/uploads\/2019\/11\/IMG_7321-Large-820x615.jpg 820w, https:\/\/sp1.kielce.eu\/wp-content\/uploads\/2019\/11\/IMG_7321-Large.jpg 1440w\" sizes=\"auto, (max-width: 1200px) 100vw, 1200px\" \/><\/a><figcaption>3<\/figcaption><\/figure><\/li><li class=\"blocks-gallery-item\"><figure><a href=\"http:\/\/sp1.kielce.eu\/wp-content\/uploads\/2019\/11\/IMG_7322-Large-1200x900.jpg\"><img loading=\"lazy\" decoding=\"async\" width=\"1200\" height=\"900\" src=\"http:\/\/sp1.kielce.eu\/wp-content\/uploads\/2019\/11\/IMG_7322-Large-1200x900.jpg\" alt=\"\" data-id=\"9078\" data-link=\"http:\/\/sp1.kielce.eu\/index.php\/2019\/11\/18\/13-14-listopada-dni-czystego-powietrza\/img_7322-large\/\" class=\"wp-image-9078\" srcset=\"https:\/\/sp1.kielce.eu\/wp-content\/uploads\/2019\/11\/IMG_7322-Large-1200x900.jpg 1200w, https:\/\/sp1.kielce.eu\/wp-content\/uploads\/2019\/11\/IMG_7322-Large-300x225.jpg 300w, https:\/\/sp1.kielce.eu\/wp-content\/uploads\/2019\/11\/IMG_7322-Large-768x576.jpg 768w, https:\/\/sp1.kielce.eu\/wp-content\/uploads\/2019\/11\/IMG_7322-Large-820x615.jpg 820w, https:\/\/sp1.kielce.eu\/wp-content\/uploads\/2019\/11\/IMG_7322-Large.jpg 1440w\" sizes=\"auto, (max-width: 1200px) 100vw, 1200px\" \/><\/a><figcaption>4<\/figcaption><\/figure><\/li><li class=\"blocks-gallery-item\"><figure><a href=\"http:\/\/sp1.kielce.eu\/wp-content\/uploads\/2019\/11\/IMG_7324-Large-1200x900.jpg\"><img loading=\"lazy\" decoding=\"async\" width=\"1200\" height=\"900\" src=\"http:\/\/sp1.kielce.eu\/wp-content\/uploads\/2019\/11\/IMG_7324-Large-1200x900.jpg\" alt=\"\" data-id=\"9079\" data-link=\"http:\/\/sp1.kielce.eu\/index.php\/2019\/11\/18\/13-14-listopada-dni-czystego-powietrza\/img_7324-large\/\" class=\"wp-image-9079\" srcset=\"https:\/\/sp1.kielce.eu\/wp-content\/uploads\/2019\/11\/IMG_7324-Large-1200x900.jpg 1200w, https:\/\/sp1.kielce.eu\/wp-content\/uploads\/2019\/11\/IMG_7324-Large-300x225.jpg 300w, https:\/\/sp1.kielce.eu\/wp-content\/uploads\/2019\/11\/IMG_7324-Large-768x576.jpg 768w, https:\/\/sp1.kielce.eu\/wp-content\/uploads\/2019\/11\/IMG_7324-Large-820x615.jpg 820w, https:\/\/sp1.kielce.eu\/wp-content\/uploads\/2019\/11\/IMG_7324-Large.jpg 1440w\" sizes=\"auto, (max-width: 1200px) 100vw, 1200px\" \/><\/a><figcaption>5<\/figcaption><\/figure><\/li><li class=\"blocks-gallery-item\"><figure><a href=\"http:\/\/sp1.kielce.eu\/wp-content\/uploads\/2019\/11\/IMG_7325-Large-1200x900.jpg\"><img loading=\"lazy\" decoding=\"async\" width=\"1200\" height=\"900\" src=\"http:\/\/sp1.kielce.eu\/wp-content\/uploads\/2019\/11\/IMG_7325-Large-1200x900.jpg\" alt=\"\" data-id=\"9080\" data-link=\"http:\/\/sp1.kielce.eu\/index.php\/2019\/11\/18\/13-14-listopada-dni-czystego-powietrza\/img_7325-large\/\" class=\"wp-image-9080\" srcset=\"https:\/\/sp1.kielce.eu\/wp-content\/uploads\/2019\/11\/IMG_7325-Large-1200x900.jpg 1200w, https:\/\/sp1.kielce.eu\/wp-content\/uploads\/2019\/11\/IMG_7325-Large-300x225.jpg 300w, https:\/\/sp1.kielce.eu\/wp-content\/uploads\/2019\/11\/IMG_7325-Large-768x576.jpg 768w, https:\/\/sp1.kielce.eu\/wp-content\/uploads\/2019\/11\/IMG_7325-Large-820x615.jpg 820w, https:\/\/sp1.kielce.eu\/wp-content\/uploads\/2019\/11\/IMG_7325-Large.jpg 1440w\" sizes=\"auto, (max-width: 1200px) 100vw, 1200px\" \/><\/a><figcaption>6<\/figcaption><\/figure><\/li><li class=\"blocks-gallery-item\"><figure><a href=\"http:\/\/sp1.kielce.eu\/wp-content\/uploads\/2019\/11\/IMG_7326-Large-1200x900.jpg\"><img loading=\"lazy\" decoding=\"async\" width=\"1200\" height=\"900\" src=\"http:\/\/sp1.kielce.eu\/wp-content\/uploads\/2019\/11\/IMG_7326-Large-1200x900.jpg\" alt=\"\" data-id=\"9081\" data-link=\"http:\/\/sp1.kielce.eu\/index.php\/2019\/11\/18\/13-14-listopada-dni-czystego-powietrza\/img_7326-large\/\" class=\"wp-image-9081\" srcset=\"https:\/\/sp1.kielce.eu\/wp-content\/uploads\/2019\/11\/IMG_7326-Large-1200x900.jpg 1200w, https:\/\/sp1.kielce.eu\/wp-content\/uploads\/2019\/11\/IMG_7326-Large-300x225.jpg 300w, https:\/\/sp1.kielce.eu\/wp-content\/uploads\/2019\/11\/IMG_7326-Large-768x576.jpg 768w, https:\/\/sp1.kielce.eu\/wp-content\/uploads\/2019\/11\/IMG_7326-Large-820x615.jpg 820w, https:\/\/sp1.kielce.eu\/wp-content\/uploads\/2019\/11\/IMG_7326-Large.jpg 1440w\" sizes=\"auto, (max-width: 1200px) 100vw, 1200px\" \/><\/a><figcaption>7<\/figcaption><\/figure><\/li><li class=\"blocks-gallery-item\"><figure><a href=\"http:\/\/sp1.kielce.eu\/wp-content\/uploads\/2019\/11\/IMG_20191108_154935-Large-1400x786.jpg\"><img loading=\"lazy\" decoding=\"async\" width=\"1400\" height=\"786\" src=\"http:\/\/sp1.kielce.eu\/wp-content\/uploads\/2019\/11\/IMG_20191108_154935-Large-1400x786.jpg\" alt=\"\" data-id=\"9082\" data-link=\"http:\/\/sp1.kielce.eu\/index.php\/2019\/11\/18\/13-14-listopada-dni-czystego-powietrza\/img_20191108_154935-large\/\" class=\"wp-image-9082\" srcset=\"https:\/\/sp1.kielce.eu\/wp-content\/uploads\/2019\/11\/IMG_20191108_154935-Large-1400x786.jpg 1400w, https:\/\/sp1.kielce.eu\/wp-content\/uploads\/2019\/11\/IMG_20191108_154935-Large-300x168.jpg 300w, https:\/\/sp1.kielce.eu\/wp-content\/uploads\/2019\/11\/IMG_20191108_154935-Large-768x431.jpg 768w, https:\/\/sp1.kielce.eu\/wp-content\/uploads\/2019\/11\/IMG_20191108_154935-Large-820x460.jpg 820w, https:\/\/sp1.kielce.eu\/wp-content\/uploads\/2019\/11\/IMG_20191108_154935-Large.jpg 1920w\" sizes=\"auto, (max-width: 1400px) 100vw, 1400px\" \/><\/a><figcaption>8<\/figcaption><\/figure><\/li><li class=\"blocks-gallery-item\"><figure><a href=\"http:\/\/sp1.kielce.eu\/wp-content\/uploads\/2019\/11\/IMG_20191108_155255-Large-1400x786.jpg\"><img loading=\"lazy\" decoding=\"async\" width=\"1400\" height=\"786\" src=\"http:\/\/sp1.kielce.eu\/wp-content\/uploads\/2019\/11\/IMG_20191108_155255-Large-1400x786.jpg\" alt=\"\" data-id=\"9083\" data-link=\"http:\/\/sp1.kielce.eu\/index.php\/2019\/11\/18\/13-14-listopada-dni-czystego-powietrza\/img_20191108_155255-large\/\" class=\"wp-image-9083\" srcset=\"https:\/\/sp1.kielce.eu\/wp-content\/uploads\/2019\/11\/IMG_20191108_155255-Large-1400x786.jpg 1400w, https:\/\/sp1.kielce.eu\/wp-content\/uploads\/2019\/11\/IMG_20191108_155255-Large-300x168.jpg 300w, https:\/\/sp1.kielce.eu\/wp-content\/uploads\/2019\/11\/IMG_20191108_155255-Large-768x431.jpg 768w, https:\/\/sp1.kielce.eu\/wp-content\/uploads\/2019\/11\/IMG_20191108_155255-Large-820x460.jpg 820w, https:\/\/sp1.kielce.eu\/wp-content\/uploads\/2019\/11\/IMG_20191108_155255-Large.jpg 1920w\" sizes=\"auto, (max-width: 1400px) 100vw, 1400px\" \/><\/a><figcaption>9<\/figcaption><\/figure><\/li><\/ul>\n","protected":false},"excerpt":{"rendered":"<p>W dniach 13-14 listopada na terenie naszej szko\u0142y odby\u0142y si\u0119 &#8222;Dni Czystego Powietrza&#8221;. G\u0142\u00f3wnym celem [&hellip;]<\/p>\n","protected":false},"author":5,"featured_media":9082,"comment_status":"closed","ping_status":"open","sticky":false,"template":"","format":"standard","meta":{"footnotes":""},"categories":[36,17,178],"tags":[],"class_list":["post-9074","post","type-post","status-publish","format-standard","has-post-thumbnail","hentry","category-wydarzenia","category-lop","category-plecak"],"_links":{"self":[{"href":"https:\/\/sp1.kielce.eu\/index.php\/wp-json\/wp\/v2\/posts\/9074","targetHints":{"allow":["GET"]}}],"collection":[{"href":"https:\/\/sp1.kielce.eu\/index.php\/wp-json\/wp\/v2\/posts"}],"about":[{"href":"https:\/\/sp1.kielce.eu\/index.php\/wp-json\/wp\/v2\/types\/post"}],"author":[{"embeddable":true,"href":"https:\/\/sp1.kielce.eu\/index.php\/wp-json\/wp\/v2\/users\/5"}],"replies":[{"embeddable":true,"href":"https:\/\/sp1.kielce.eu\/index.php\/wp-json\/wp\/v2\/comments?post=9074"}],"version-history":[{"count":5,"href":"https:\/\/sp1.kielce.eu\/index.php\/wp-json\/wp\/v2\/posts\/9074\/revisions"}],"predecessor-version":[{"id":10597,"href":"https:\/\/sp1.kielce.eu\/index.php\/wp-json\/wp\/v2\/posts\/9074\/revisions\/10597"}],"wp:featuredmedia":[{"embeddable":true,"href":"https:\/\/sp1.kielce.eu\/index.php\/wp-json\/wp\/v2\/media\/9082"}],"wp:attachment":[{"href":"https:\/\/sp1.kielce.eu\/index.php\/wp-json\/wp\/v2\/media?parent=9074"}],"wp:term":[{"taxonomy":"category","embeddable":true,"href":"https:\/\/sp1.kielce.eu\/index.php\/wp-json\/wp\/v2\/categories?post=9074"},{"taxonomy":"post_tag","embeddable":true,"href":"https:\/\/sp1.kielce.eu\/index.php\/wp-json\/wp\/v2\/tags?post=9074"}],"curies":[{"name":"wp","href":"https:\/\/api.w.org\/{rel}","templated":true}]}}