{"id":9065,"date":"2019-11-17T19:57:16","date_gmt":"2019-11-17T18:57:16","guid":{"rendered":"http:\/\/sp1.kielce.eu\/?p=9065"},"modified":"2019-11-17T19:57:16","modified_gmt":"2019-11-17T18:57:16","slug":"najmlodsza-uczestniczka","status":"publish","type":"post","link":"https:\/\/sp1.kielce.eu\/index.php\/2019\/11\/17\/najmlodsza-uczestniczka\/","title":{"rendered":"Najm\u0142odsza uczestniczka"},"content":{"rendered":"\n<p>Aleksandra R\u0119bi\u015b uczennica klasy Ib bra\u0142a udzia\u0142 w\u00a0II\u00a0Mi\u0119dzy\u015bwietlicowym konkursie recytatorsko-plastycznym pt.\u00a0\u201ePOLSKA \u2013 MOJA OJCZYZNA\u201d. Konkurs mia\u0142 na celu zainteresowanie uczni\u00f3w warto\u015bciami patriotycznymi, przynale\u017cno\u015bci\u0105 do swojej kultury. Doskonali\u0142 r\u00f3wnie\u017c umiej\u0119tno\u015bci recytatorskie i\u00a0rozwija\u0142 uzdolnienia plastyczne.<br>Ola, najm\u0142odsza uczestniczka fina\u0142u, wykona\u0142a pi\u0119kn\u0105 prac\u0119 plastyczn\u0105 i\u00a0recytowa\u0142a wiersz Hanny Januszewskiej pt. \u201eM\u00f3j dom \u2013 moja ojczyzna\u201d. <\/p>\n\n\n\n<p style=\"text-align:right\">Ma\u0142gorzata R\u0119bi\u015b<br> nauczyciel<\/p>\n\n\n\n<ul class=\"wp-block-gallery columns-5 is-cropped wp-block-gallery-1 is-layout-flex wp-block-gallery-is-layout-flex\"><li class=\"blocks-gallery-item\"><figure><a href=\"http:\/\/sp1.kielce.eu\/wp-content\/uploads\/2019\/11\/IMG_20191115_084835-Copy-670x900.jpg\"><img loading=\"lazy\" decoding=\"async\" width=\"670\" height=\"900\" src=\"http:\/\/sp1.kielce.eu\/wp-content\/uploads\/2019\/11\/IMG_20191115_084835-Copy-670x900.jpg\" alt=\"\" data-id=\"9067\" data-link=\"http:\/\/sp1.kielce.eu\/?attachment_id=9067\" class=\"wp-image-9067\" srcset=\"https:\/\/sp1.kielce.eu\/wp-content\/uploads\/2019\/11\/IMG_20191115_084835-Copy.jpg 670w, https:\/\/sp1.kielce.eu\/wp-content\/uploads\/2019\/11\/IMG_20191115_084835-Copy-223x300.jpg 223w\" sizes=\"auto, (max-width: 670px) 100vw, 670px\" \/><\/a><\/figure><\/li><li class=\"blocks-gallery-item\"><figure><a href=\"http:\/\/sp1.kielce.eu\/wp-content\/uploads\/2019\/11\/IMG_20191115_091033-Copy-1070x900.jpg\"><img loading=\"lazy\" decoding=\"async\" width=\"1070\" height=\"900\" src=\"http:\/\/sp1.kielce.eu\/wp-content\/uploads\/2019\/11\/IMG_20191115_091033-Copy-1070x900.jpg\" alt=\"\" data-id=\"9068\" data-link=\"http:\/\/sp1.kielce.eu\/?attachment_id=9068\" class=\"wp-image-9068\" srcset=\"https:\/\/sp1.kielce.eu\/wp-content\/uploads\/2019\/11\/IMG_20191115_091033-Copy.jpg 1070w, https:\/\/sp1.kielce.eu\/wp-content\/uploads\/2019\/11\/IMG_20191115_091033-Copy-300x252.jpg 300w, https:\/\/sp1.kielce.eu\/wp-content\/uploads\/2019\/11\/IMG_20191115_091033-Copy-768x646.jpg 768w, https:\/\/sp1.kielce.eu\/wp-content\/uploads\/2019\/11\/IMG_20191115_091033-Copy-820x690.jpg 820w\" sizes=\"auto, (max-width: 1070px) 100vw, 1070px\" \/><\/a><\/figure><\/li><li class=\"blocks-gallery-item\"><figure><a href=\"http:\/\/sp1.kielce.eu\/wp-content\/uploads\/2019\/11\/IMG_20191115_095056-Copy.jpg\"><img loading=\"lazy\" decoding=\"async\" width=\"1200\" height=\"756\" src=\"http:\/\/sp1.kielce.eu\/wp-content\/uploads\/2019\/11\/IMG_20191115_095056-Copy.jpg\" alt=\"\" data-id=\"9069\" data-link=\"http:\/\/sp1.kielce.eu\/?attachment_id=9069\" class=\"wp-image-9069\" srcset=\"https:\/\/sp1.kielce.eu\/wp-content\/uploads\/2019\/11\/IMG_20191115_095056-Copy.jpg 1200w, https:\/\/sp1.kielce.eu\/wp-content\/uploads\/2019\/11\/IMG_20191115_095056-Copy-300x189.jpg 300w, https:\/\/sp1.kielce.eu\/wp-content\/uploads\/2019\/11\/IMG_20191115_095056-Copy-768x484.jpg 768w, https:\/\/sp1.kielce.eu\/wp-content\/uploads\/2019\/11\/IMG_20191115_095056-Copy-820x517.jpg 820w\" sizes=\"auto, (max-width: 1200px) 100vw, 1200px\" \/><\/a><\/figure><\/li><li class=\"blocks-gallery-item\"><figure><a href=\"http:\/\/sp1.kielce.eu\/wp-content\/uploads\/2019\/11\/IMG_20191115_095420-Copy.jpg\"><img loading=\"lazy\" decoding=\"async\" width=\"1200\" height=\"779\" src=\"http:\/\/sp1.kielce.eu\/wp-content\/uploads\/2019\/11\/IMG_20191115_095420-Copy.jpg\" alt=\"\" data-id=\"9070\" data-link=\"http:\/\/sp1.kielce.eu\/?attachment_id=9070\" class=\"wp-image-9070\" srcset=\"https:\/\/sp1.kielce.eu\/wp-content\/uploads\/2019\/11\/IMG_20191115_095420-Copy.jpg 1200w, https:\/\/sp1.kielce.eu\/wp-content\/uploads\/2019\/11\/IMG_20191115_095420-Copy-300x195.jpg 300w, https:\/\/sp1.kielce.eu\/wp-content\/uploads\/2019\/11\/IMG_20191115_095420-Copy-768x499.jpg 768w, https:\/\/sp1.kielce.eu\/wp-content\/uploads\/2019\/11\/IMG_20191115_095420-Copy-820x532.jpg 820w\" sizes=\"auto, (max-width: 1200px) 100vw, 1200px\" \/><\/a><\/figure><\/li><li class=\"blocks-gallery-item\"><figure><a href=\"http:\/\/sp1.kielce.eu\/wp-content\/uploads\/2019\/11\/20191115_130816-Copy-526x900.jpg\"><img loading=\"lazy\" decoding=\"async\" width=\"526\" height=\"900\" src=\"http:\/\/sp1.kielce.eu\/wp-content\/uploads\/2019\/11\/20191115_130816-Copy-526x900.jpg\" alt=\"\" data-id=\"9066\" data-link=\"http:\/\/sp1.kielce.eu\/?attachment_id=9066\" class=\"wp-image-9066\" srcset=\"https:\/\/sp1.kielce.eu\/wp-content\/uploads\/2019\/11\/20191115_130816-Copy.jpg 526w, https:\/\/sp1.kielce.eu\/wp-content\/uploads\/2019\/11\/20191115_130816-Copy-175x300.jpg 175w\" sizes=\"auto, (max-width: 526px) 100vw, 526px\" \/><\/a><\/figure><\/li><\/ul>\n","protected":false},"excerpt":{"rendered":"<p>Aleksandra R\u0119bi\u015b uczennica klasy Ib bra\u0142a udzia\u0142 w\u00a0II\u00a0Mi\u0119dzy\u015bwietlicowym konkursie recytatorsko-plastycznym pt.\u00a0\u201ePOLSKA \u2013 MOJA OJCZYZNA\u201d. Konkurs [&hellip;]<\/p>\n","protected":false},"author":13,"featured_media":9066,"comment_status":"closed","ping_status":"open","sticky":false,"template":"","format":"standard","meta":{"footnotes":""},"categories":[25,21],"tags":[],"class_list":["post-9065","post","type-post","status-publish","format-standard","has-post-thumbnail","hentry","category-swietlica","category-konkursy"],"_links":{"self":[{"href":"https:\/\/sp1.kielce.eu\/index.php\/wp-json\/wp\/v2\/posts\/9065","targetHints":{"allow":["GET"]}}],"collection":[{"href":"https:\/\/sp1.kielce.eu\/index.php\/wp-json\/wp\/v2\/posts"}],"about":[{"href":"https:\/\/sp1.kielce.eu\/index.php\/wp-json\/wp\/v2\/types\/post"}],"author":[{"embeddable":true,"href":"https:\/\/sp1.kielce.eu\/index.php\/wp-json\/wp\/v2\/users\/13"}],"replies":[{"embeddable":true,"href":"https:\/\/sp1.kielce.eu\/index.php\/wp-json\/wp\/v2\/comments?post=9065"}],"version-history":[{"count":3,"href":"https:\/\/sp1.kielce.eu\/index.php\/wp-json\/wp\/v2\/posts\/9065\/revisions"}],"predecessor-version":[{"id":9073,"href":"https:\/\/sp1.kielce.eu\/index.php\/wp-json\/wp\/v2\/posts\/9065\/revisions\/9073"}],"wp:featuredmedia":[{"embeddable":true,"href":"https:\/\/sp1.kielce.eu\/index.php\/wp-json\/wp\/v2\/media\/9066"}],"wp:attachment":[{"href":"https:\/\/sp1.kielce.eu\/index.php\/wp-json\/wp\/v2\/media?parent=9065"}],"wp:term":[{"taxonomy":"category","embeddable":true,"href":"https:\/\/sp1.kielce.eu\/index.php\/wp-json\/wp\/v2\/categories?post=9065"},{"taxonomy":"post_tag","embeddable":true,"href":"https:\/\/sp1.kielce.eu\/index.php\/wp-json\/wp\/v2\/tags?post=9065"}],"curies":[{"name":"wp","href":"https:\/\/api.w.org\/{rel}","templated":true}]}}