{"id":9032,"date":"2019-11-17T11:00:25","date_gmt":"2019-11-17T10:00:25","guid":{"rendered":"http:\/\/sp1.kielce.eu\/?p=9032"},"modified":"2020-01-19T20:03:51","modified_gmt":"2020-01-19T19:03:51","slug":"projekt-szybuj-bezpiecznie-w-internetowej-chmurze-2019","status":"publish","type":"post","link":"https:\/\/sp1.kielce.eu\/index.php\/2019\/11\/17\/projekt-szybuj-bezpiecznie-w-internetowej-chmurze-2019\/","title":{"rendered":"Projekt \u201eSzybuj bezpiecznie w internetowej chmurze 2019\u201d"},"content":{"rendered":"\n<p>        Nasza szko\u0142a po raz kolejny przyst\u0105pi\u0142a do projektu \u201eSzybuj bezpiecznie w&nbsp;internetowej chmurze\u201d. <br>Organizatorami s\u0105: \u015awi\u0119tokrzyskie Centrum Doskonalenia Nauczycieli, Urz\u0105d Marsza\u0142kowski Wojew\u00f3dztwa \u015awi\u0119tokrzyskiego, Komenda Wojew\u00f3dzka Policji w&nbsp;Kielcach oraz Allegro.pl sp.&nbsp;z&nbsp;o.o.<br>Patronat sprawuj\u0105: Marsza\u0142ek Wojew\u00f3dztwa \u015awi\u0119tokrzyskiego, Wojewoda \u015awi\u0119tokrzyski i&nbsp;Kuratorium O\u015bwiaty w&nbsp;Kielcach.<\/p>\n\n\n\n<p>&nbsp;&nbsp;&nbsp;&nbsp;&nbsp;&nbsp;&nbsp;&nbsp; Udzia\u0142 w&nbsp;Projekcie rozpocz\u0105\u0142 si\u0119 od uczestnictwa pedagoga szkolnego \u2013 p.&nbsp;Beaty Smag\u00f3r w&nbsp;konferencji rozpoczynaj\u0105cej przedsi\u0119wzi\u0119cie.<br>Nast\u0119pnie uczniowie klas IIIa&nbsp;i&nbsp;b, IVa&nbsp;i&nbsp;b oraz Va&nbsp;i&nbsp;b wzi\u0119li udzia\u0142 w&nbsp;zaj\u0119ciach przeprowadzonych przez nauczycieli \u2013 p.&nbsp;Iwon\u0119 Ko\u015bcieleck\u0105, p.&nbsp;Ma\u0142gorzat\u0119 Kasz\u0119 i p.&nbsp;Anet\u0119 Trzci\u0144sk\u0105 dotycz\u0105cych bezpiecznego i&nbsp;rozs\u0105dnego korzystania z&nbsp;zasob\u00f3w Internetu. Uczniowie klas IIIa&nbsp;i&nbsp;b oraz Va&nbsp;i&nbsp;b uczestniczyli r\u00f3wnie\u017c w&nbsp;spotkaniu z&nbsp;funkcjonariuszem policji \u2013 specjalist\u0105 do spraw nieletnich Komisariatu I&nbsp;Policji w&nbsp;Kielcach.<\/p>\n\n\n\n<p>&nbsp;&nbsp;&nbsp;&nbsp;&nbsp;&nbsp;&nbsp;&nbsp; Do Etapu Szkolnego Konkursu nasi uczniowie przyst\u0105pili w&nbsp;dw\u00f3ch kategoriach: Kategoria&nbsp;I \u2013 uczniowie klas&nbsp;III \u2013 przygotowali prace plastyczne na temat \u201eInternet \u2013 Twoje wirtualne okno na&nbsp;\u015bwiat\u201d.<br>Kategoria&nbsp;II \u2013 uczniowie klas&nbsp;IV&nbsp;i&nbsp;V \u2013 przygotowali w&nbsp;formie elektronicznej lub analogowej komiks na temat \u201eNie wierz we wszystko, co znajdziesz w&nbsp;Internecie\u201d.<\/p>\n\n\n\n<p>Komisja szkolna w&nbsp;sk\u0142adzie: p.&nbsp;Anna Materny, p.&nbsp;El\u017cbieta Lis i&nbsp;p.&nbsp;Dariusz St\u0119pie\u0144 dokona\u0142a oceny i&nbsp;wybra\u0142a po trzy prace z&nbsp;ka\u017cdej kategorii, kt\u00f3re wezm\u0105 udzia\u0142 w&nbsp;Wojew\u00f3dzkim Etapie Konkursu.<br>Wyr\u00f3\u017cniono prace: Gabrieli Mata\u0142owskiej, Karola Sachy, Igora Zatelmejera \u2013 klasa IIIb (wychowawca p.&nbsp;Ma\u0142gorzata Kasza) oraz Katarzyny Ko\u0142cz \u2013 kl.&nbsp;Vb, Antoniego Kr\u00f3la i&nbsp;Kamila Mazura \u2013 kl.&nbsp;Va (opiekun \u2013 nauczyciel informatyki i&nbsp;techniki p.&nbsp;Aneta Trzci\u0144ska).<\/p>\n\n\n\n<p>Rozstrzygni\u0119cie\nnast\u0105pi 30 listopada. \u017byczymy powodzenia!!!<\/p>\n\n\n\n<p>&nbsp;&nbsp;&nbsp;&nbsp;&nbsp;&nbsp;&nbsp;&nbsp; Ponadto wszystkie prace wykonane przez\nnaszych uczni\u00f3w zostan\u0105 wyeksponowane w&nbsp;szkole z&nbsp;okazji Dnia\nBezpiecznego Internetu 2020 \u2013 \u201eRazem dla lepszego Internetu\u201d.<\/p>\n\n\n\n<p style=\"text-align:right\">Iwona Ko\u015bcielecka \u2013 wychowawca kl. IIIa<br>Ma\u0142gorzata Kasza \u2013 wychowawca kl. IIIb<br>Aneta Trzci\u0144ska \u2013 nauczyciel informatyki<br>Beata Smag\u00f3r \u2013 pedagog szkolny &#8211; koordynator<\/p>\n\n\n\n<ul class=\"wp-block-gallery columns-4 is-cropped wp-block-gallery-1 is-layout-flex wp-block-gallery-is-layout-flex\"><li class=\"blocks-gallery-item\"><figure><a href=\"http:\/\/sp1.kielce.eu\/wp-content\/uploads\/2019\/11\/1-Copy-3.jpg\"><img loading=\"lazy\" decoding=\"async\" width=\"1200\" height=\"870\" src=\"http:\/\/sp1.kielce.eu\/wp-content\/uploads\/2019\/11\/1-Copy-3.jpg\" alt=\"\" data-id=\"9033\" data-link=\"http:\/\/sp1.kielce.eu\/?attachment_id=9033\" class=\"wp-image-9033\" srcset=\"https:\/\/sp1.kielce.eu\/wp-content\/uploads\/2019\/11\/1-Copy-3.jpg 1200w, https:\/\/sp1.kielce.eu\/wp-content\/uploads\/2019\/11\/1-Copy-3-300x218.jpg 300w, https:\/\/sp1.kielce.eu\/wp-content\/uploads\/2019\/11\/1-Copy-3-768x557.jpg 768w, https:\/\/sp1.kielce.eu\/wp-content\/uploads\/2019\/11\/1-Copy-3-820x595.jpg 820w\" sizes=\"auto, (max-width: 1200px) 100vw, 1200px\" \/><\/a><\/figure><\/li><li class=\"blocks-gallery-item\"><figure><a href=\"http:\/\/sp1.kielce.eu\/wp-content\/uploads\/2019\/11\/2-Copy-3-1200x900.jpg\"><img loading=\"lazy\" decoding=\"async\" width=\"1200\" height=\"900\" src=\"http:\/\/sp1.kielce.eu\/wp-content\/uploads\/2019\/11\/2-Copy-3-1200x900.jpg\" alt=\"\" data-id=\"9034\" data-link=\"http:\/\/sp1.kielce.eu\/?attachment_id=9034\" class=\"wp-image-9034\" srcset=\"https:\/\/sp1.kielce.eu\/wp-content\/uploads\/2019\/11\/2-Copy-3.jpg 1200w, https:\/\/sp1.kielce.eu\/wp-content\/uploads\/2019\/11\/2-Copy-3-300x225.jpg 300w, https:\/\/sp1.kielce.eu\/wp-content\/uploads\/2019\/11\/2-Copy-3-768x576.jpg 768w, https:\/\/sp1.kielce.eu\/wp-content\/uploads\/2019\/11\/2-Copy-3-820x615.jpg 820w\" sizes=\"auto, (max-width: 1200px) 100vw, 1200px\" \/><\/a><\/figure><\/li><li class=\"blocks-gallery-item\"><figure><a href=\"http:\/\/sp1.kielce.eu\/wp-content\/uploads\/2019\/11\/3-Copy-2-1200x900.jpg\"><img loading=\"lazy\" decoding=\"async\" width=\"1200\" height=\"900\" src=\"http:\/\/sp1.kielce.eu\/wp-content\/uploads\/2019\/11\/3-Copy-2-1200x900.jpg\" alt=\"\" data-id=\"9035\" data-link=\"http:\/\/sp1.kielce.eu\/?attachment_id=9035\" class=\"wp-image-9035\" srcset=\"https:\/\/sp1.kielce.eu\/wp-content\/uploads\/2019\/11\/3-Copy-2.jpg 1200w, https:\/\/sp1.kielce.eu\/wp-content\/uploads\/2019\/11\/3-Copy-2-300x225.jpg 300w, https:\/\/sp1.kielce.eu\/wp-content\/uploads\/2019\/11\/3-Copy-2-768x576.jpg 768w, https:\/\/sp1.kielce.eu\/wp-content\/uploads\/2019\/11\/3-Copy-2-820x615.jpg 820w\" sizes=\"auto, (max-width: 1200px) 100vw, 1200px\" \/><\/a><\/figure><\/li><li class=\"blocks-gallery-item\"><figure><a href=\"http:\/\/sp1.kielce.eu\/wp-content\/uploads\/2019\/11\/4-Copy-3.jpg\"><img loading=\"lazy\" decoding=\"async\" width=\"1200\" height=\"696\" src=\"http:\/\/sp1.kielce.eu\/wp-content\/uploads\/2019\/11\/4-Copy-3.jpg\" alt=\"\" data-id=\"9036\" data-link=\"http:\/\/sp1.kielce.eu\/?attachment_id=9036\" class=\"wp-image-9036\" srcset=\"https:\/\/sp1.kielce.eu\/wp-content\/uploads\/2019\/11\/4-Copy-3.jpg 1200w, https:\/\/sp1.kielce.eu\/wp-content\/uploads\/2019\/11\/4-Copy-3-300x174.jpg 300w, https:\/\/sp1.kielce.eu\/wp-content\/uploads\/2019\/11\/4-Copy-3-768x445.jpg 768w, https:\/\/sp1.kielce.eu\/wp-content\/uploads\/2019\/11\/4-Copy-3-820x476.jpg 820w\" sizes=\"auto, (max-width: 1200px) 100vw, 1200px\" \/><\/a><\/figure><\/li><li class=\"blocks-gallery-item\"><figure><a href=\"http:\/\/sp1.kielce.eu\/wp-content\/uploads\/2019\/11\/5-Copy-2-785x900.jpg\"><img loading=\"lazy\" decoding=\"async\" width=\"785\" height=\"900\" src=\"http:\/\/sp1.kielce.eu\/wp-content\/uploads\/2019\/11\/5-Copy-2-785x900.jpg\" alt=\"\" data-id=\"9037\" data-link=\"http:\/\/sp1.kielce.eu\/?attachment_id=9037\" class=\"wp-image-9037\" srcset=\"https:\/\/sp1.kielce.eu\/wp-content\/uploads\/2019\/11\/5-Copy-2.jpg 785w, https:\/\/sp1.kielce.eu\/wp-content\/uploads\/2019\/11\/5-Copy-2-262x300.jpg 262w, https:\/\/sp1.kielce.eu\/wp-content\/uploads\/2019\/11\/5-Copy-2-768x881.jpg 768w\" sizes=\"auto, (max-width: 785px) 100vw, 785px\" \/><\/a><\/figure><\/li><li class=\"blocks-gallery-item\"><figure><a href=\"http:\/\/sp1.kielce.eu\/wp-content\/uploads\/2019\/11\/6-Copy-2.jpg\"><img loading=\"lazy\" decoding=\"async\" width=\"1200\" height=\"684\" src=\"http:\/\/sp1.kielce.eu\/wp-content\/uploads\/2019\/11\/6-Copy-2.jpg\" alt=\"\" data-id=\"9038\" data-link=\"http:\/\/sp1.kielce.eu\/?attachment_id=9038\" class=\"wp-image-9038\" srcset=\"https:\/\/sp1.kielce.eu\/wp-content\/uploads\/2019\/11\/6-Copy-2.jpg 1200w, https:\/\/sp1.kielce.eu\/wp-content\/uploads\/2019\/11\/6-Copy-2-300x171.jpg 300w, https:\/\/sp1.kielce.eu\/wp-content\/uploads\/2019\/11\/6-Copy-2-768x438.jpg 768w, https:\/\/sp1.kielce.eu\/wp-content\/uploads\/2019\/11\/6-Copy-2-820x467.jpg 820w\" sizes=\"auto, (max-width: 1200px) 100vw, 1200px\" \/><\/a><\/figure><\/li><li class=\"blocks-gallery-item\"><figure><a href=\"http:\/\/sp1.kielce.eu\/wp-content\/uploads\/2019\/11\/7-Copy-1.jpg\"><img loading=\"lazy\" decoding=\"async\" width=\"1200\" height=\"822\" src=\"http:\/\/sp1.kielce.eu\/wp-content\/uploads\/2019\/11\/7-Copy-1.jpg\" alt=\"\" data-id=\"9039\" data-link=\"http:\/\/sp1.kielce.eu\/?attachment_id=9039\" class=\"wp-image-9039\" srcset=\"https:\/\/sp1.kielce.eu\/wp-content\/uploads\/2019\/11\/7-Copy-1.jpg 1200w, https:\/\/sp1.kielce.eu\/wp-content\/uploads\/2019\/11\/7-Copy-1-300x206.jpg 300w, https:\/\/sp1.kielce.eu\/wp-content\/uploads\/2019\/11\/7-Copy-1-768x526.jpg 768w, https:\/\/sp1.kielce.eu\/wp-content\/uploads\/2019\/11\/7-Copy-1-820x562.jpg 820w\" sizes=\"auto, (max-width: 1200px) 100vw, 1200px\" \/><\/a><\/figure><\/li><li class=\"blocks-gallery-item\"><figure><a href=\"http:\/\/sp1.kielce.eu\/wp-content\/uploads\/2019\/11\/9-Copy-2.jpg\"><img loading=\"lazy\" decoding=\"async\" width=\"1200\" height=\"818\" src=\"http:\/\/sp1.kielce.eu\/wp-content\/uploads\/2019\/11\/9-Copy-2.jpg\" alt=\"\" data-id=\"9041\" data-link=\"http:\/\/sp1.kielce.eu\/?attachment_id=9041\" class=\"wp-image-9041\" srcset=\"https:\/\/sp1.kielce.eu\/wp-content\/uploads\/2019\/11\/9-Copy-2.jpg 1200w, https:\/\/sp1.kielce.eu\/wp-content\/uploads\/2019\/11\/9-Copy-2-300x205.jpg 300w, https:\/\/sp1.kielce.eu\/wp-content\/uploads\/2019\/11\/9-Copy-2-768x524.jpg 768w, https:\/\/sp1.kielce.eu\/wp-content\/uploads\/2019\/11\/9-Copy-2-820x559.jpg 820w\" sizes=\"auto, (max-width: 1200px) 100vw, 1200px\" \/><\/a><\/figure><\/li><\/ul>\n","protected":false},"excerpt":{"rendered":"<p>Nasza szko\u0142a po raz kolejny przyst\u0105pi\u0142a do projektu \u201eSzybuj bezpiecznie w&nbsp;internetowej chmurze\u201d. Organizatorami s\u0105: \u015awi\u0119tokrzyskie [&hellip;]<\/p>\n","protected":false},"author":13,"featured_media":9037,"comment_status":"closed","ping_status":"open","sticky":false,"template":"","format":"standard","meta":{"footnotes":""},"categories":[10],"tags":[],"class_list":["post-9032","post","type-post","status-publish","format-standard","has-post-thumbnail","hentry","category-konkursy-przedmiotowe"],"_links":{"self":[{"href":"https:\/\/sp1.kielce.eu\/index.php\/wp-json\/wp\/v2\/posts\/9032","targetHints":{"allow":["GET"]}}],"collection":[{"href":"https:\/\/sp1.kielce.eu\/index.php\/wp-json\/wp\/v2\/posts"}],"about":[{"href":"https:\/\/sp1.kielce.eu\/index.php\/wp-json\/wp\/v2\/types\/post"}],"author":[{"embeddable":true,"href":"https:\/\/sp1.kielce.eu\/index.php\/wp-json\/wp\/v2\/users\/13"}],"replies":[{"embeddable":true,"href":"https:\/\/sp1.kielce.eu\/index.php\/wp-json\/wp\/v2\/comments?post=9032"}],"version-history":[{"count":5,"href":"https:\/\/sp1.kielce.eu\/index.php\/wp-json\/wp\/v2\/posts\/9032\/revisions"}],"predecessor-version":[{"id":10558,"href":"https:\/\/sp1.kielce.eu\/index.php\/wp-json\/wp\/v2\/posts\/9032\/revisions\/10558"}],"wp:featuredmedia":[{"embeddable":true,"href":"https:\/\/sp1.kielce.eu\/index.php\/wp-json\/wp\/v2\/media\/9037"}],"wp:attachment":[{"href":"https:\/\/sp1.kielce.eu\/index.php\/wp-json\/wp\/v2\/media?parent=9032"}],"wp:term":[{"taxonomy":"category","embeddable":true,"href":"https:\/\/sp1.kielce.eu\/index.php\/wp-json\/wp\/v2\/categories?post=9032"},{"taxonomy":"post_tag","embeddable":true,"href":"https:\/\/sp1.kielce.eu\/index.php\/wp-json\/wp\/v2\/tags?post=9032"}],"curies":[{"name":"wp","href":"https:\/\/api.w.org\/{rel}","templated":true}]}}