{"id":9020,"date":"2019-11-16T23:48:20","date_gmt":"2019-11-16T22:48:20","guid":{"rendered":"http:\/\/sp1.kielce.eu\/?p=9020"},"modified":"2020-01-20T16:55:37","modified_gmt":"2020-01-20T15:55:37","slug":"akcja-spoleczna-mamy-niepodlegla","status":"publish","type":"post","link":"https:\/\/sp1.kielce.eu\/index.php\/2019\/11\/16\/akcja-spoleczna-mamy-niepodlegla\/","title":{"rendered":"AKCJA SPO\u0141ECZNA \u201eMAMY NIEPODLEG\u0141\u0104\u201d"},"content":{"rendered":"\n<p>Listopad to miesi\u0105c, gdzie podejmuje si\u0119 r\u00f3\u017cne dzia\u0142ania nawi\u0105zuj\u0105ce do 101 rocznicy odzyskania przez Polsk\u0119 niepodleg\u0142o\u015bci.<br>By\u0142o wsp\u00f3lne \u015bpiewanie hymnu, by\u0142 pi\u0119kny apel, niekt\u00f3re klasy by\u0142y lub maj\u0105 w&nbsp;planie wycieczki do Miejsc Pami\u0119ci.<br>Muzeum J\u00f3zefa Pi\u0142sudskiego w&nbsp;Sulej\u00f3wku po raz si\u00f3dmy prowadzi akcj\u0119 spo\u0142eczn\u0105 \u201eMamy Niepodleg\u0142\u0105\u201d. W&nbsp;Kielcach patronat nad ni\u0105 obj\u0105\u0142 Urz\u0105d Miasta, a&nbsp;w&nbsp;naszej szkole koordynatorami akcji zostali nauczyciele edukacji wczesnoszkolnej \u2013 pani Ma\u0142gorzata Kasza i&nbsp;pan Andrzej Pustu\u0142a. W&nbsp;naszej szkole akcja trwa\u0142a od 12 do 15 listopada (przesuni\u0119cie ze wzgl\u0119du na wolne dni).<br>Przed salami: nr&nbsp;9 na parterze i&nbsp;nr&nbsp;20 na I&nbsp;pi\u0119trze sta\u0142y specjalne urny z&nbsp;logo \u201eMamy Niepodleg\u0142\u0105\u201d. Tam uczniowie wrzucali pobrane wcze\u015bniej od koordynator\u00f3w akcji, zaadresowane i&nbsp;wype\u0142nione \u017cyczeniami kartki okoliczno\u015bciowe. Kartki trafi\u0105 do adresat\u00f3w poprzez Poczt\u0119 Polsk\u0105. Akcja by\u0142a bezp\u0142atna.<br>Poprzez uniwersalny charakter akcji \u0142\u0105czymy nie tylko pokolenia. Utrwalamy i&nbsp;wzmacniamy w&nbsp;powszechnej \u015bwiadomo\u015bci daty zwi\u0105zane z&nbsp;odzyskaniem niepodleg\u0142o\u015bci. Integrujemy na poziomie lokalnym, jak i&nbsp;og\u00f3lnopolskim, co sprzyja piel\u0119gnowaniu to\u017csamo\u015bci i&nbsp;kszta\u0142towaniu postaw obywatelskich.<br>Promujemy wsp\u00f3\u0142czesny patriotyzm, cieszymy si\u0119, \u017ce MAMY NIEPODLEG\u0141\u0104!<\/p>\n\n\n\n<p style=\"text-align:right\">Ma\u0142gorzata Kasza, Andrzej Pustu\u0142a<br>koordynatorzy akcji<\/p>\n\n\n\n<ul class=\"wp-block-gallery columns-4 is-cropped wp-block-gallery-1 is-layout-flex wp-block-gallery-is-layout-flex\"><li class=\"blocks-gallery-item\"><figure><a href=\"http:\/\/sp1.kielce.eu\/wp-content\/uploads\/2019\/11\/20191114_090109-Copy.jpg\"><img loading=\"lazy\" decoding=\"async\" width=\"1200\" height=\"662\" src=\"http:\/\/sp1.kielce.eu\/wp-content\/uploads\/2019\/11\/20191114_090109-Copy.jpg\" alt=\"\" data-id=\"9021\" data-link=\"http:\/\/sp1.kielce.eu\/?attachment_id=9021\" class=\"wp-image-9021\" srcset=\"https:\/\/sp1.kielce.eu\/wp-content\/uploads\/2019\/11\/20191114_090109-Copy.jpg 1200w, https:\/\/sp1.kielce.eu\/wp-content\/uploads\/2019\/11\/20191114_090109-Copy-300x166.jpg 300w, https:\/\/sp1.kielce.eu\/wp-content\/uploads\/2019\/11\/20191114_090109-Copy-768x424.jpg 768w, https:\/\/sp1.kielce.eu\/wp-content\/uploads\/2019\/11\/20191114_090109-Copy-820x452.jpg 820w\" sizes=\"auto, (max-width: 1200px) 100vw, 1200px\" \/><\/a><\/figure><\/li><li class=\"blocks-gallery-item\"><figure><a href=\"http:\/\/sp1.kielce.eu\/wp-content\/uploads\/2019\/11\/DSC05541-Copy-675x900.jpg\"><img loading=\"lazy\" decoding=\"async\" width=\"675\" height=\"900\" src=\"http:\/\/sp1.kielce.eu\/wp-content\/uploads\/2019\/11\/DSC05541-Copy-675x900.jpg\" alt=\"\" data-id=\"9022\" data-link=\"http:\/\/sp1.kielce.eu\/?attachment_id=9022\" class=\"wp-image-9022\" srcset=\"https:\/\/sp1.kielce.eu\/wp-content\/uploads\/2019\/11\/DSC05541-Copy.jpg 675w, https:\/\/sp1.kielce.eu\/wp-content\/uploads\/2019\/11\/DSC05541-Copy-225x300.jpg 225w\" sizes=\"auto, (max-width: 675px) 100vw, 675px\" \/><\/a><\/figure><\/li><li class=\"blocks-gallery-item\"><figure><a href=\"http:\/\/sp1.kielce.eu\/wp-content\/uploads\/2019\/11\/DSC05543-Copy-1200x900.jpg\"><img loading=\"lazy\" decoding=\"async\" width=\"1200\" height=\"900\" src=\"http:\/\/sp1.kielce.eu\/wp-content\/uploads\/2019\/11\/DSC05543-Copy-1200x900.jpg\" alt=\"\" data-id=\"9023\" data-link=\"http:\/\/sp1.kielce.eu\/?attachment_id=9023\" class=\"wp-image-9023\" srcset=\"https:\/\/sp1.kielce.eu\/wp-content\/uploads\/2019\/11\/DSC05543-Copy.jpg 1200w, https:\/\/sp1.kielce.eu\/wp-content\/uploads\/2019\/11\/DSC05543-Copy-300x225.jpg 300w, https:\/\/sp1.kielce.eu\/wp-content\/uploads\/2019\/11\/DSC05543-Copy-768x576.jpg 768w, https:\/\/sp1.kielce.eu\/wp-content\/uploads\/2019\/11\/DSC05543-Copy-820x615.jpg 820w\" sizes=\"auto, (max-width: 1200px) 100vw, 1200px\" \/><\/a><\/figure><\/li><li class=\"blocks-gallery-item\"><figure><a href=\"http:\/\/sp1.kielce.eu\/wp-content\/uploads\/2019\/11\/DSC05583-Copy-1011x900.jpg\"><img loading=\"lazy\" decoding=\"async\" width=\"1011\" height=\"900\" src=\"http:\/\/sp1.kielce.eu\/wp-content\/uploads\/2019\/11\/DSC05583-Copy-1011x900.jpg\" alt=\"\" data-id=\"9024\" data-link=\"http:\/\/sp1.kielce.eu\/?attachment_id=9024\" class=\"wp-image-9024\" srcset=\"https:\/\/sp1.kielce.eu\/wp-content\/uploads\/2019\/11\/DSC05583-Copy.jpg 1011w, https:\/\/sp1.kielce.eu\/wp-content\/uploads\/2019\/11\/DSC05583-Copy-300x267.jpg 300w, https:\/\/sp1.kielce.eu\/wp-content\/uploads\/2019\/11\/DSC05583-Copy-768x684.jpg 768w, https:\/\/sp1.kielce.eu\/wp-content\/uploads\/2019\/11\/DSC05583-Copy-820x730.jpg 820w\" sizes=\"auto, (max-width: 1011px) 100vw, 1011px\" \/><\/a><\/figure><\/li><li class=\"blocks-gallery-item\"><figure><a href=\"http:\/\/sp1.kielce.eu\/wp-content\/uploads\/2019\/11\/DSC05585-Copy-1200x900.jpg\"><img loading=\"lazy\" decoding=\"async\" width=\"1200\" height=\"900\" src=\"http:\/\/sp1.kielce.eu\/wp-content\/uploads\/2019\/11\/DSC05585-Copy-1200x900.jpg\" alt=\"\" data-id=\"9025\" data-link=\"http:\/\/sp1.kielce.eu\/?attachment_id=9025\" class=\"wp-image-9025\" srcset=\"https:\/\/sp1.kielce.eu\/wp-content\/uploads\/2019\/11\/DSC05585-Copy.jpg 1200w, https:\/\/sp1.kielce.eu\/wp-content\/uploads\/2019\/11\/DSC05585-Copy-300x225.jpg 300w, https:\/\/sp1.kielce.eu\/wp-content\/uploads\/2019\/11\/DSC05585-Copy-768x576.jpg 768w, https:\/\/sp1.kielce.eu\/wp-content\/uploads\/2019\/11\/DSC05585-Copy-820x615.jpg 820w\" sizes=\"auto, (max-width: 1200px) 100vw, 1200px\" \/><\/a><\/figure><\/li><li class=\"blocks-gallery-item\"><figure><a href=\"http:\/\/sp1.kielce.eu\/wp-content\/uploads\/2019\/11\/DSC05592-Copy.jpg\"><img loading=\"lazy\" decoding=\"async\" width=\"1200\" height=\"705\" src=\"http:\/\/sp1.kielce.eu\/wp-content\/uploads\/2019\/11\/DSC05592-Copy.jpg\" alt=\"\" data-id=\"9026\" data-link=\"http:\/\/sp1.kielce.eu\/?attachment_id=9026\" class=\"wp-image-9026\" srcset=\"https:\/\/sp1.kielce.eu\/wp-content\/uploads\/2019\/11\/DSC05592-Copy.jpg 1200w, https:\/\/sp1.kielce.eu\/wp-content\/uploads\/2019\/11\/DSC05592-Copy-300x176.jpg 300w, https:\/\/sp1.kielce.eu\/wp-content\/uploads\/2019\/11\/DSC05592-Copy-768x451.jpg 768w, https:\/\/sp1.kielce.eu\/wp-content\/uploads\/2019\/11\/DSC05592-Copy-820x482.jpg 820w\" sizes=\"auto, (max-width: 1200px) 100vw, 1200px\" \/><\/a><\/figure><\/li><li class=\"blocks-gallery-item\"><figure><a href=\"http:\/\/sp1.kielce.eu\/wp-content\/uploads\/2020\/01\/DSC05611-Copy.jpg\"><img loading=\"lazy\" decoding=\"async\" width=\"1047\" height=\"629\" src=\"http:\/\/sp1.kielce.eu\/wp-content\/uploads\/2020\/01\/DSC05611-Copy.jpg\" alt=\"\" data-id=\"10701\" data-link=\"http:\/\/sp1.kielce.eu\/index.php\/2019\/11\/16\/akcja-spoleczna-mamy-niepodlegla\/dsc05611-copy-2\/\" class=\"wp-image-10701\" srcset=\"https:\/\/sp1.kielce.eu\/wp-content\/uploads\/2020\/01\/DSC05611-Copy.jpg 1047w, https:\/\/sp1.kielce.eu\/wp-content\/uploads\/2020\/01\/DSC05611-Copy-300x180.jpg 300w, https:\/\/sp1.kielce.eu\/wp-content\/uploads\/2020\/01\/DSC05611-Copy-768x461.jpg 768w, https:\/\/sp1.kielce.eu\/wp-content\/uploads\/2020\/01\/DSC05611-Copy-820x493.jpg 820w\" sizes=\"auto, (max-width: 1047px) 100vw, 1047px\" \/><\/a><\/figure><\/li><\/ul>\n","protected":false},"excerpt":{"rendered":"<p>Listopad to miesi\u0105c, gdzie podejmuje si\u0119 r\u00f3\u017cne dzia\u0142ania nawi\u0105zuj\u0105ce do 101 rocznicy odzyskania przez Polsk\u0119 [&hellip;]<\/p>\n","protected":false},"author":13,"featured_media":9022,"comment_status":"closed","ping_status":"open","sticky":false,"template":"","format":"standard","meta":{"footnotes":""},"categories":[36],"tags":[],"class_list":["post-9020","post","type-post","status-publish","format-standard","has-post-thumbnail","hentry","category-wydarzenia"],"_links":{"self":[{"href":"https:\/\/sp1.kielce.eu\/index.php\/wp-json\/wp\/v2\/posts\/9020","targetHints":{"allow":["GET"]}}],"collection":[{"href":"https:\/\/sp1.kielce.eu\/index.php\/wp-json\/wp\/v2\/posts"}],"about":[{"href":"https:\/\/sp1.kielce.eu\/index.php\/wp-json\/wp\/v2\/types\/post"}],"author":[{"embeddable":true,"href":"https:\/\/sp1.kielce.eu\/index.php\/wp-json\/wp\/v2\/users\/13"}],"replies":[{"embeddable":true,"href":"https:\/\/sp1.kielce.eu\/index.php\/wp-json\/wp\/v2\/comments?post=9020"}],"version-history":[{"count":4,"href":"https:\/\/sp1.kielce.eu\/index.php\/wp-json\/wp\/v2\/posts\/9020\/revisions"}],"predecessor-version":[{"id":10702,"href":"https:\/\/sp1.kielce.eu\/index.php\/wp-json\/wp\/v2\/posts\/9020\/revisions\/10702"}],"wp:featuredmedia":[{"embeddable":true,"href":"https:\/\/sp1.kielce.eu\/index.php\/wp-json\/wp\/v2\/media\/9022"}],"wp:attachment":[{"href":"https:\/\/sp1.kielce.eu\/index.php\/wp-json\/wp\/v2\/media?parent=9020"}],"wp:term":[{"taxonomy":"category","embeddable":true,"href":"https:\/\/sp1.kielce.eu\/index.php\/wp-json\/wp\/v2\/categories?post=9020"},{"taxonomy":"post_tag","embeddable":true,"href":"https:\/\/sp1.kielce.eu\/index.php\/wp-json\/wp\/v2\/tags?post=9020"}],"curies":[{"name":"wp","href":"https:\/\/api.w.org\/{rel}","templated":true}]}}