{"id":8973,"date":"2019-11-14T16:51:56","date_gmt":"2019-11-14T15:51:56","guid":{"rendered":"http:\/\/sp1.kielce.eu\/?p=8973"},"modified":"2019-11-14T22:57:18","modified_gmt":"2019-11-14T21:57:18","slug":"poczet-sztandarowy","status":"publish","type":"post","link":"https:\/\/sp1.kielce.eu\/index.php\/2019\/11\/14\/poczet-sztandarowy\/","title":{"rendered":"Poczet Sztandarowy"},"content":{"rendered":"\n<p style=\"text-align:center\"><strong>Poczet Sztandarowy<\/strong><strong><br>\nw&nbsp;Szkole Podstawowej Nr\n1 im. Stanis\u0142awa Staszica<br>\nw&nbsp;Kielcach<\/strong><\/p>\n\n\n\n<p style=\"text-align:center\"><strong>na rok szkolny 2019\/2020<\/strong><\/p>\n\n\n\n<p>Uczestnictwo w&nbsp;poczcie sztandarowym to najbardziej honorowa funkcja\nuczniowska w&nbsp;szkole, dlatego w&nbsp;jego sk\u0142adzie winni znajdowa\u0107 si\u0119\nuczniowie, kt\u00f3rzy:<\/p>\n\n\n\n<p>&#8211; s\u0105 uczniami klas \u00f3smych,<br>\n&#8211; osi\u0105gaj\u0105 najlepsze wyniki w&nbsp;nauce,<br>\n&#8211; prezentuj\u0105 nienagann\u0105 postaw\u0119, wzorowe lub bardzo dobre zachowanie<br>\n&#8211; s\u0105 godni tego zaszczytu.<\/p>\n\n\n\n<p><strong>Poczet sztandarowy tworz\u0105:<\/strong><\/p>\n\n\n\n<p>1. chor\u0105\u017cy &#8211; 1 osoba (ch\u0142opiec),<br>\n2. asysta &#8211; 2 osoby (dziewczynki).<\/p>\n\n\n\n<p><strong>W bie\u017c\u0105cym roku szkolnym cz\u0142onkami pocztu sztandarowego s\u0105:<\/strong><\/p>\n\n\n\n<p><strong>Chor\u0105\u017cy:<\/strong><\/p>\n\n\n\n<p>Jakub Maciejewski kl.8 a<br>\nJakub S\u0142awi\u0144ski kl. 8 b<\/p>\n\n\n\n<p><strong>Asysta:<\/strong><\/p>\n\n\n\n<p>Katarzyna Jastrz\u0119bska kl. 8\nb<br>\nAleksandra G\u00f3rska kl. 8 b<br>\nKaja S\u0142awi\u0144ska kl. 8 b<br>\nJagoda Kusiej kl. 8 a<\/p>\n\n\n\n<p><strong>Ceremonia\u0142 Pocztu Sztandarowego<\/strong><\/p>\n\n\n\n<p style=\"text-align:center\"><strong>CEREMONIA\u0141 SZKOLNY<\/strong><\/p>\n\n\n\n<p>Ceremonia\u0142 szkolny to opis\nprzeprowadzenia uroczysto\u015bci z&nbsp;udzia\u0142em Sztandaru Szkolnego i&nbsp;samej\ncelebracji sztandaru. Podkre\u015bla on wysok\u0105 rang\u0119 uroczysto\u015bci szkolnych. Jest\npomocny w&nbsp;organizowaniu \u015blubowa\u0144 i&nbsp;innych uroczysto\u015bci szkolnych.\nStanowi integraln\u0105 cz\u0119\u015b\u0107 z&nbsp;przyj\u0119t\u0105 tradycj\u0105 szkoln\u0105 i&nbsp;harmonogramem\nuroczysto\u015bci oraz imprez szkolnych.<\/p>\n\n\n\n<p>Do najwa\u017cniejszych symboli szkolnych zaliczamy:<\/p>\n\n\n\n<ul class=\"wp-block-list\"><li>flag\u0119\n     narodow\u0105<\/li><li>hymn\n     narodowy,<\/li><li>sztandar\n     szko\u0142y,<\/li><li>hymn\n     szko\u0142y,<\/li><\/ul>\n\n\n\n<p><strong>1. Zasady rekrutacji\npocztu sztandarowego<\/strong><\/p>\n\n\n\n<p>Zasadniczo do pe\u0142nienia tej\nzaszczytnej funkcji powo\u0142ywanych powinno by\u0107 6&nbsp;uczni\u00f3w (dw\u00f3ch ch\u0142opc\u00f3w i&nbsp;cztery\ndziewczyny), kt\u00f3rzy stanowi\u0105 dwa sk\u0142ady Pocztu Sztandarowego.<\/p>\n\n\n\n<p>Je\u017celi ze wzgl\u0119d\u00f3w kondycyjnych\nlub innych, osoba zatwierdzona nie mo\u017ce pe\u0142ni\u0107 swoich obowi\u0105zk\u00f3w, jej obowi\u0105zki\nreprezentacyjne przejmuje kolejna osoba nominowana do tej funkcji.<\/p>\n\n\n\n<p>Za niew\u0142a\u015bciwe realizowanie\nobowi\u0105zk\u00f3w pocztowego, a&nbsp;w&nbsp;szczeg\u00f3lno\u015bci za brak nale\u017cytego szacunku\ndla sztandaru i&nbsp;nieprzestrzeganie ceremonia\u0142u, a&nbsp;tak\u017ce inne\nuchybienia regulaminu szkolnego, ucze\u0144 mo\u017ce by\u0107 odwo\u0142any z&nbsp;funkcji na wniosek\nopiekuna sztandaru lub innego uprawnionego organu szko\u0142y po zatwierdzeniu\nwniosku przez Dyrektora Szko\u0142y.<\/p>\n\n\n\n<p><strong>2. Insygnia pocztu\nsztandarowego<\/strong><\/p>\n\n\n\n<ul class=\"wp-block-list\"><li>bia\u0142o-czerwone szarfy przewieszone przez prawe rami\u0119,\n     zwr\u00f3cone bia\u0142ym kolorem w&nbsp;stron\u0119 ko\u0142nierza, spi\u0119te na wysoko\u015bci\n     lewego biodra,<\/li><li>bia\u0142e r\u0119kawiczki.<\/li><\/ul>\n\n\n\n<p><strong>Uwaga:<\/strong> Ko\u0142nierz\nani nic innego nie mo\u017ce zas\u0142ania\u0107 bia\u0142o-czerwonej szarfy.<\/p>\n\n\n\n<p><strong>3. Ubi\u00f3r pocztu\nsztandarowego:<\/strong><\/p>\n\n\n\n<p><strong>Chor\u0105\u017cy: (ch\u0142opiec)<\/strong><\/p>\n\n\n\n<ul class=\"wp-block-list\"><li>ciemne spodnie (garnitur), bia\u0142a koszula (krawat), czarne\n     buty.<\/li><\/ul>\n\n\n\n<p><strong>Asysta: (dwie\ndziewczynki)<\/strong><\/p>\n\n\n\n<ul class=\"wp-block-list\"><li>bia\u0142e bluzki i&nbsp;ciemne sp\u00f3dnice, cieliste rajstopy,\n     czarne buty.<\/li><\/ul>\n\n\n\n<p><strong>Uwaga:<\/strong> Gdy\nuroczysto\u015bci z udzia\u0142em pocztu odbywaj\u0105 si\u0119 na zewn\u0105trz budynku w&nbsp;trudnych\nwarunkach pogodowych, dopuszczalny jest inny taktowny str\u00f3j. W&nbsp;przypadku,\ngdy poczet uczestniczy w&nbsp;uroczysto\u015bciach pogrzebowych lub gdy og\u0142oszono\n\u017ca\u0142ob\u0119 narodow\u0105, sztandar zostaje udekorowany czarnym kirem.<\/p>\n\n\n\n<p><strong>4.\nUdzia\u0142 sztandaru w&nbsp;uroczysto\u015bciach<\/strong><\/p>\n\n\n\n<p>\u2022&nbsp;&nbsp;&nbsp;&nbsp;&nbsp;&nbsp;&nbsp;&nbsp;&nbsp; Rozpocz\u0119cie\ni&nbsp;zako\u0144czenie roku szkolnego;<\/p>\n\n\n\n<p>\u2022&nbsp;&nbsp;&nbsp;&nbsp;&nbsp;&nbsp;&nbsp;&nbsp;&nbsp; Uroczysto\u015bci\npatriotyczne;<\/p>\n\n\n\n<p>\u2022&nbsp;&nbsp;&nbsp;&nbsp;&nbsp;&nbsp;&nbsp;&nbsp;&nbsp; Ceremonia\n\u015blubowania klas pierwszych;<\/p>\n\n\n\n<p>\u2022&nbsp;&nbsp;&nbsp;&nbsp;&nbsp;&nbsp;&nbsp;&nbsp;&nbsp; Ceremonia\nprzekazania i&nbsp;zaprzysi\u0119\u017cenia nowego pocztu sztandarowego;<\/p>\n\n\n\n<p>\u2022&nbsp;&nbsp;&nbsp;&nbsp;&nbsp;&nbsp;&nbsp;&nbsp;&nbsp; Uroczyste\nMsze \u015bw.;<\/p>\n\n\n\n<p>\u2022&nbsp;&nbsp;&nbsp;&nbsp;&nbsp;&nbsp;&nbsp;&nbsp;&nbsp; Powitanie\nszczeg\u00f3lnych go\u015bci odwiedzaj\u0105cych szko\u0142\u0119;<\/p>\n\n\n\n<p>\u2022&nbsp;&nbsp;&nbsp;&nbsp;&nbsp;&nbsp;&nbsp;&nbsp;&nbsp; Na\nzaproszenie do obchod\u00f3w w&nbsp;innych szko\u0142ach.<\/p>\n\n\n\n<p style=\"text-align:right\"><strong>Opiekun Pocztu Sztandarowego:<\/strong><br>mgr Marta Wi\u0119ckowska<br>mgr Katarzyna Szostak<\/p>\n","protected":false},"excerpt":{"rendered":"<p>Poczet Sztandarowy w&nbsp;Szkole Podstawowej Nr 1 im. Stanis\u0142awa Staszica w&nbsp;Kielcach na rok szkolny 2019\/2020 Uczestnictwo [&hellip;]<\/p>\n","protected":false},"author":13,"featured_media":8983,"comment_status":"closed","ping_status":"open","sticky":false,"template":"","format":"standard","meta":{"footnotes":""},"categories":[192],"tags":[],"class_list":["post-8973","post","type-post","status-publish","format-standard","has-post-thumbnail","hentry","category-poczet"],"_links":{"self":[{"href":"https:\/\/sp1.kielce.eu\/index.php\/wp-json\/wp\/v2\/posts\/8973","targetHints":{"allow":["GET"]}}],"collection":[{"href":"https:\/\/sp1.kielce.eu\/index.php\/wp-json\/wp\/v2\/posts"}],"about":[{"href":"https:\/\/sp1.kielce.eu\/index.php\/wp-json\/wp\/v2\/types\/post"}],"author":[{"embeddable":true,"href":"https:\/\/sp1.kielce.eu\/index.php\/wp-json\/wp\/v2\/users\/13"}],"replies":[{"embeddable":true,"href":"https:\/\/sp1.kielce.eu\/index.php\/wp-json\/wp\/v2\/comments?post=8973"}],"version-history":[{"count":5,"href":"https:\/\/sp1.kielce.eu\/index.php\/wp-json\/wp\/v2\/posts\/8973\/revisions"}],"predecessor-version":[{"id":8990,"href":"https:\/\/sp1.kielce.eu\/index.php\/wp-json\/wp\/v2\/posts\/8973\/revisions\/8990"}],"wp:featuredmedia":[{"embeddable":true,"href":"https:\/\/sp1.kielce.eu\/index.php\/wp-json\/wp\/v2\/media\/8983"}],"wp:attachment":[{"href":"https:\/\/sp1.kielce.eu\/index.php\/wp-json\/wp\/v2\/media?parent=8973"}],"wp:term":[{"taxonomy":"category","embeddable":true,"href":"https:\/\/sp1.kielce.eu\/index.php\/wp-json\/wp\/v2\/categories?post=8973"},{"taxonomy":"post_tag","embeddable":true,"href":"https:\/\/sp1.kielce.eu\/index.php\/wp-json\/wp\/v2\/tags?post=8973"}],"curies":[{"name":"wp","href":"https:\/\/api.w.org\/{rel}","templated":true}]}}