{"id":8942,"date":"2019-11-13T09:40:01","date_gmt":"2019-11-13T08:40:01","guid":{"rendered":"http:\/\/sp1.kielce.eu\/?p=8942"},"modified":"2019-11-13T09:40:01","modified_gmt":"2019-11-13T08:40:01","slug":"pamietajmy","status":"publish","type":"post","link":"https:\/\/sp1.kielce.eu\/index.php\/2019\/11\/13\/pamietajmy\/","title":{"rendered":"Pami\u0119tajmy.."},"content":{"rendered":"\n<p>W ubieg\u0142ym, 2018 roku obchodzili\u015bmy setn\u0105 rocznic\u0119 odzyskania przez Polsk\u0119 niepodleg\u0142o\u015bci. W obecnym, 2019, w kt\u00f3rym przypad\u0142a osiemdziesi\u0105ta rocznica wybuchu II wojny \u015bwiatowej, raz jeszcze warto przypomnie\u0107 przes\u0142anie, jakie w przedstawionym poni\u017cej testamencie przekazali nam- nast\u0119pnym pokoleniom- Weterani walk o wolno\u015b\u0107 Naszej Ojczyzny. Listopad, zwany Miesi\u0105cem Pami\u0119ci Narodowej, to w\u0142a\u015bciwy czas na utrwalanie tych cennych, u\u015bwiadamianych i wpajanych m\u0142odym Polakom warto\u015bci, za kt\u00f3re nasi przodkowie przelewali krew.    <\/p>\n\n\n\n<p>                                                                                 Anna Borowska, Renata Petrus<\/p>\n\n\n\n<ul class=\"wp-block-gallery columns-1 is-cropped wp-block-gallery-1 is-layout-flex wp-block-gallery-is-layout-flex\"><li class=\"blocks-gallery-item\"><figure><a href=\"http:\/\/sp1.kielce.eu\/wp-content\/uploads\/2019\/11\/20191112_140047-Large-675x900.jpg\"><img loading=\"lazy\" decoding=\"async\" width=\"675\" height=\"900\" src=\"http:\/\/sp1.kielce.eu\/wp-content\/uploads\/2019\/11\/20191112_140047-Large-675x900.jpg\" alt=\"\" data-id=\"8943\" data-link=\"http:\/\/sp1.kielce.eu\/?attachment_id=8943\" class=\"wp-image-8943\" srcset=\"https:\/\/sp1.kielce.eu\/wp-content\/uploads\/2019\/11\/20191112_140047-Large-675x900.jpg 675w, https:\/\/sp1.kielce.eu\/wp-content\/uploads\/2019\/11\/20191112_140047-Large-225x300.jpg 225w, https:\/\/sp1.kielce.eu\/wp-content\/uploads\/2019\/11\/20191112_140047-Large-768x1024.jpg 768w, https:\/\/sp1.kielce.eu\/wp-content\/uploads\/2019\/11\/20191112_140047-Large-820x1093.jpg 820w, https:\/\/sp1.kielce.eu\/wp-content\/uploads\/2019\/11\/20191112_140047-Large.jpg 1080w\" sizes=\"auto, (max-width: 675px) 100vw, 675px\" \/><\/a><figcaption>1<\/figcaption><\/figure><\/li><\/ul>\n","protected":false},"excerpt":{"rendered":"<p>W ubieg\u0142ym, 2018 roku obchodzili\u015bmy setn\u0105 rocznic\u0119 odzyskania przez Polsk\u0119 niepodleg\u0142o\u015bci. W obecnym, 2019, w [&hellip;]<\/p>\n","protected":false},"author":5,"featured_media":8943,"comment_status":"closed","ping_status":"open","sticky":false,"template":"","format":"standard","meta":{"footnotes":""},"categories":[36],"tags":[],"class_list":["post-8942","post","type-post","status-publish","format-standard","has-post-thumbnail","hentry","category-wydarzenia"],"_links":{"self":[{"href":"https:\/\/sp1.kielce.eu\/index.php\/wp-json\/wp\/v2\/posts\/8942","targetHints":{"allow":["GET"]}}],"collection":[{"href":"https:\/\/sp1.kielce.eu\/index.php\/wp-json\/wp\/v2\/posts"}],"about":[{"href":"https:\/\/sp1.kielce.eu\/index.php\/wp-json\/wp\/v2\/types\/post"}],"author":[{"embeddable":true,"href":"https:\/\/sp1.kielce.eu\/index.php\/wp-json\/wp\/v2\/users\/5"}],"replies":[{"embeddable":true,"href":"https:\/\/sp1.kielce.eu\/index.php\/wp-json\/wp\/v2\/comments?post=8942"}],"version-history":[{"count":1,"href":"https:\/\/sp1.kielce.eu\/index.php\/wp-json\/wp\/v2\/posts\/8942\/revisions"}],"predecessor-version":[{"id":8944,"href":"https:\/\/sp1.kielce.eu\/index.php\/wp-json\/wp\/v2\/posts\/8942\/revisions\/8944"}],"wp:featuredmedia":[{"embeddable":true,"href":"https:\/\/sp1.kielce.eu\/index.php\/wp-json\/wp\/v2\/media\/8943"}],"wp:attachment":[{"href":"https:\/\/sp1.kielce.eu\/index.php\/wp-json\/wp\/v2\/media?parent=8942"}],"wp:term":[{"taxonomy":"category","embeddable":true,"href":"https:\/\/sp1.kielce.eu\/index.php\/wp-json\/wp\/v2\/categories?post=8942"},{"taxonomy":"post_tag","embeddable":true,"href":"https:\/\/sp1.kielce.eu\/index.php\/wp-json\/wp\/v2\/tags?post=8942"}],"curies":[{"name":"wp","href":"https:\/\/api.w.org\/{rel}","templated":true}]}}