{"id":8918,"date":"2019-11-13T09:30:50","date_gmt":"2019-11-13T08:30:50","guid":{"rendered":"http:\/\/sp1.kielce.eu\/?p=8918"},"modified":"2019-11-13T09:30:50","modified_gmt":"2019-11-13T08:30:50","slug":"wewnatrzszkolny-konkurs-recytatorski-polsko-ojczyzno-moja","status":"publish","type":"post","link":"https:\/\/sp1.kielce.eu\/index.php\/2019\/11\/13\/wewnatrzszkolny-konkurs-recytatorski-polsko-ojczyzno-moja\/","title":{"rendered":"Wewn\u0105trzszkolny Konkurs Recytatorski: ,,Polsko, Ojczyzno moja!&#8221;"},"content":{"rendered":"\n<p style=\"text-align:left\"> Wyniki:<\/p>\n\n\n\n<p> I miejsce-  Katarzyna Ko\u0142cz, kl. 5 b        <\/p>\n\n\n\n<p>II miejsce- Mi\u0142a Starodub,   kl. 8 a        <\/p>\n\n\n\n<p>III miejsce-Natasza Materek, kl. 4 b   <\/p>\n\n\n\n<p>W\/w konkurs, kt\u00f3ry odby\u0142 si\u0119 jako integralna cz\u0119\u015b\u0107 uroczystych obchod\u00f3w \u015awi\u0119ta Niepodleg\u0142o\u015bci w naszej szkole, po\u0142\u0105czy\u0142 kszta\u0142towanie postawy patriotycznej uczni\u00f3w z celami edukacyjnymi i wychowawczymi.Jego przeprowadzenie by\u0142o mo\u017cliwe dzi\u0119ki wsp\u00f3\u0142pracy z Instytutem Pami\u0119ci Narodowej Delegatura w Kielcach, kt\u00f3ry jest fundatorem nagr\u00f3d i upomink\u00f3w dla uczestnik\u00f3w.Rozpocz\u0119cie konkursu zainicjowa\u0142a, za\u015bpiewana przez maluchy ucz\u0119szczaj\u0105ce do \u015bwietlicy szkolnej, znana wszystkim piosenka pt.: ,, Kto ty jeste\u015b? Polak ma\u0142y&#8221;. Wykonanie zosta\u0142o uatrakcyjnione wizualizacj\u0105, dzi\u0119ki wykorzystaniu tablicy interaktywnej. Nast\u0119pnie przygotowane utwory poetyckie zaprezentowa\u0142o dziesi\u0119cioro uczestnik\u00f3w z klas: 4- 8. Nie oby\u0142o si\u0119 bez du\u017cych emocji. Wszyscy liczni zebrani( w tym niekt\u00f3rzy rodzice) w skupieniu wys\u0142uchali recytacji wierszy patriotycznych, a nastr\u00f3j podkre\u015bli\u0142y d\u017awi\u0119ki \u017co\u0142nierskich piosenek z czasu I wojny \u015bwiatowej. Na zako\u0144czenie wszyscy uczestnicy konkursu otrzymali upominki ufundowane przez Instytut Pami\u0119ci Narodowej- d\u0142ugopisy, odblaskowe paski, imituj\u0105ce polsk\u0105 flag\u0119 oraz niespodziank\u0119 &#8211; zaproszenie na koncert:,, Lata dwudzieste, lata trzydzieste&#8230;Pokolenie Niepodleg\u0142ej.&#8221;      Odby\u0142 si\u0119 on dnia 8 listopada w Wojew\u00f3dzkim Domu Kultury i poprzedzony zosta\u0142 ceremoni\u0105 wr\u0119czenia zas\u0142u\u017conym nagr\u00f3d \u015awiadek Historii( m.in. ambasador W\u0119gier w Polsce- pani Adrienne K\u00f3rmendy, profesor Jolancie Kuli\u0144skiej czy Stowarzyszeniu NZS 1980). By\u0142a to niezwyk\u0142a lekcja- przygotowane prezentacje pozwoli\u0142y zebranym pozna\u0107 i doceni\u0107 prac\u0119 i dzia\u0142alno\u015b\u0107 nagrodzonych. Po uroczysto\u015bci odby\u0142 si\u0119 koncert w wykonaniu grupy GO!band- 21 piosenek z lat dwudziestych i trzydziestych w nowych aran\u017cacjach, profesjonalnie wykonanych, z pewno\u015bci\u0105 usatysfakcjonowa\u0142o nawet najbardziej wymagaj\u0105cych s\u0142uchaczy. Dzi\u0119kujemy wszystkim za udzia\u0142 w konkursie. O terminie wr\u0119czenia dyplom\u00f3w uczestnikom i nagr\u00f3d za zdobyte miejsca poinformujemy.                                                                                                    <\/p>\n\n\n\n<p style=\"text-align:right\">  Organizatorzy:<\/p>\n\n\n\n<p style=\"text-align:right\">Renata Petrus<\/p>\n\n\n\n<p style=\"text-align:right\">Anna Borowska       <\/p>\n\n\n\n<p style=\"text-align:right\">   Dorotata Broni\u015b <\/p>\n\n\n\n<ul class=\"wp-block-gallery columns-3 is-cropped wp-block-gallery-1 is-layout-flex wp-block-gallery-is-layout-flex\"><li class=\"blocks-gallery-item\"><figure><a href=\"http:\/\/sp1.kielce.eu\/wp-content\/uploads\/2019\/11\/20191107_140436-Large-1227x900.jpg\"><img loading=\"lazy\" decoding=\"async\" width=\"1227\" height=\"900\" src=\"http:\/\/sp1.kielce.eu\/wp-content\/uploads\/2019\/11\/20191107_140436-Large-1227x900.jpg\" alt=\"\" data-id=\"8919\" data-link=\"http:\/\/sp1.kielce.eu\/?attachment_id=8919\" class=\"wp-image-8919\" srcset=\"https:\/\/sp1.kielce.eu\/wp-content\/uploads\/2019\/11\/20191107_140436-Large-1227x900.jpg 1227w, https:\/\/sp1.kielce.eu\/wp-content\/uploads\/2019\/11\/20191107_140436-Large-300x220.jpg 300w, https:\/\/sp1.kielce.eu\/wp-content\/uploads\/2019\/11\/20191107_140436-Large-768x563.jpg 768w, https:\/\/sp1.kielce.eu\/wp-content\/uploads\/2019\/11\/20191107_140436-Large-820x602.jpg 820w, https:\/\/sp1.kielce.eu\/wp-content\/uploads\/2019\/11\/20191107_140436-Large.jpg 1472w\" sizes=\"auto, (max-width: 1227px) 100vw, 1227px\" \/><\/a><figcaption>1<\/figcaption><\/figure><\/li><li class=\"blocks-gallery-item\"><figure><a href=\"http:\/\/sp1.kielce.eu\/wp-content\/uploads\/2019\/11\/20191107_140723-Large-1400x727.jpg\"><img loading=\"lazy\" decoding=\"async\" width=\"1400\" height=\"727\" src=\"http:\/\/sp1.kielce.eu\/wp-content\/uploads\/2019\/11\/20191107_140723-Large-1400x727.jpg\" alt=\"\" data-id=\"8920\" data-link=\"http:\/\/sp1.kielce.eu\/?attachment_id=8920\" class=\"wp-image-8920\" srcset=\"https:\/\/sp1.kielce.eu\/wp-content\/uploads\/2019\/11\/20191107_140723-Large-1400x727.jpg 1400w, https:\/\/sp1.kielce.eu\/wp-content\/uploads\/2019\/11\/20191107_140723-Large-300x156.jpg 300w, https:\/\/sp1.kielce.eu\/wp-content\/uploads\/2019\/11\/20191107_140723-Large-768x399.jpg 768w, https:\/\/sp1.kielce.eu\/wp-content\/uploads\/2019\/11\/20191107_140723-Large-820x426.jpg 820w, https:\/\/sp1.kielce.eu\/wp-content\/uploads\/2019\/11\/20191107_140723-Large.jpg 1920w\" sizes=\"auto, (max-width: 1400px) 100vw, 1400px\" \/><\/a><figcaption>2<\/figcaption><\/figure><\/li><li class=\"blocks-gallery-item\"><figure><a href=\"http:\/\/sp1.kielce.eu\/wp-content\/uploads\/2019\/11\/20191107_141026-Large-1200x900.jpg\"><img loading=\"lazy\" decoding=\"async\" width=\"1200\" height=\"900\" src=\"http:\/\/sp1.kielce.eu\/wp-content\/uploads\/2019\/11\/20191107_141026-Large-1200x900.jpg\" alt=\"\" data-id=\"8921\" data-link=\"http:\/\/sp1.kielce.eu\/?attachment_id=8921\" class=\"wp-image-8921\" srcset=\"https:\/\/sp1.kielce.eu\/wp-content\/uploads\/2019\/11\/20191107_141026-Large-1200x900.jpg 1200w, https:\/\/sp1.kielce.eu\/wp-content\/uploads\/2019\/11\/20191107_141026-Large-300x225.jpg 300w, https:\/\/sp1.kielce.eu\/wp-content\/uploads\/2019\/11\/20191107_141026-Large-768x576.jpg 768w, https:\/\/sp1.kielce.eu\/wp-content\/uploads\/2019\/11\/20191107_141026-Large-820x615.jpg 820w, https:\/\/sp1.kielce.eu\/wp-content\/uploads\/2019\/11\/20191107_141026-Large.jpg 1440w\" sizes=\"auto, (max-width: 1200px) 100vw, 1200px\" \/><\/a><figcaption>3<\/figcaption><\/figure><\/li><li class=\"blocks-gallery-item\"><figure><a href=\"http:\/\/sp1.kielce.eu\/wp-content\/uploads\/2019\/11\/20191107_141158-Large-591x900.jpg\"><img loading=\"lazy\" decoding=\"async\" width=\"591\" height=\"900\" src=\"http:\/\/sp1.kielce.eu\/wp-content\/uploads\/2019\/11\/20191107_141158-Large-591x900.jpg\" alt=\"\" data-id=\"8922\" data-link=\"http:\/\/sp1.kielce.eu\/?attachment_id=8922\" class=\"wp-image-8922\" srcset=\"https:\/\/sp1.kielce.eu\/wp-content\/uploads\/2019\/11\/20191107_141158-Large-591x900.jpg 591w, https:\/\/sp1.kielce.eu\/wp-content\/uploads\/2019\/11\/20191107_141158-Large-197x300.jpg 197w, https:\/\/sp1.kielce.eu\/wp-content\/uploads\/2019\/11\/20191107_141158-Large-768x1170.jpg 768w, https:\/\/sp1.kielce.eu\/wp-content\/uploads\/2019\/11\/20191107_141158-Large-820x1250.jpg 820w, https:\/\/sp1.kielce.eu\/wp-content\/uploads\/2019\/11\/20191107_141158-Large.jpg 1080w\" sizes=\"auto, (max-width: 591px) 100vw, 591px\" \/><\/a><figcaption>4<\/figcaption><\/figure><\/li><li class=\"blocks-gallery-item\"><figure><a href=\"http:\/\/sp1.kielce.eu\/wp-content\/uploads\/2019\/11\/20191107_141300-Large-618x900.jpg\"><img loading=\"lazy\" decoding=\"async\" width=\"618\" height=\"900\" src=\"http:\/\/sp1.kielce.eu\/wp-content\/uploads\/2019\/11\/20191107_141300-Large-618x900.jpg\" alt=\"\" data-id=\"8923\" data-link=\"http:\/\/sp1.kielce.eu\/?attachment_id=8923\" class=\"wp-image-8923\" srcset=\"https:\/\/sp1.kielce.eu\/wp-content\/uploads\/2019\/11\/20191107_141300-Large-618x900.jpg 618w, https:\/\/sp1.kielce.eu\/wp-content\/uploads\/2019\/11\/20191107_141300-Large-206x300.jpg 206w, https:\/\/sp1.kielce.eu\/wp-content\/uploads\/2019\/11\/20191107_141300-Large-768x1119.jpg 768w, https:\/\/sp1.kielce.eu\/wp-content\/uploads\/2019\/11\/20191107_141300-Large-820x1194.jpg 820w, https:\/\/sp1.kielce.eu\/wp-content\/uploads\/2019\/11\/20191107_141300-Large.jpg 1080w\" sizes=\"auto, (max-width: 618px) 100vw, 618px\" \/><\/a><figcaption>5<\/figcaption><\/figure><\/li><li class=\"blocks-gallery-item\"><figure><a href=\"http:\/\/sp1.kielce.eu\/wp-content\/uploads\/2019\/11\/20191107_141358-Large-675x900.jpg\"><img loading=\"lazy\" decoding=\"async\" width=\"675\" height=\"900\" src=\"http:\/\/sp1.kielce.eu\/wp-content\/uploads\/2019\/11\/20191107_141358-Large-675x900.jpg\" alt=\"\" data-id=\"8924\" data-link=\"http:\/\/sp1.kielce.eu\/?attachment_id=8924\" class=\"wp-image-8924\" srcset=\"https:\/\/sp1.kielce.eu\/wp-content\/uploads\/2019\/11\/20191107_141358-Large-675x900.jpg 675w, https:\/\/sp1.kielce.eu\/wp-content\/uploads\/2019\/11\/20191107_141358-Large-225x300.jpg 225w, https:\/\/sp1.kielce.eu\/wp-content\/uploads\/2019\/11\/20191107_141358-Large-768x1024.jpg 768w, https:\/\/sp1.kielce.eu\/wp-content\/uploads\/2019\/11\/20191107_141358-Large-820x1093.jpg 820w, https:\/\/sp1.kielce.eu\/wp-content\/uploads\/2019\/11\/20191107_141358-Large.jpg 1080w\" sizes=\"auto, (max-width: 675px) 100vw, 675px\" \/><\/a><figcaption>6<\/figcaption><\/figure><\/li><li class=\"blocks-gallery-item\"><figure><a href=\"http:\/\/sp1.kielce.eu\/wp-content\/uploads\/2019\/11\/20191107_141445-Large-1200x900.jpg\"><img loading=\"lazy\" decoding=\"async\" width=\"1200\" height=\"900\" src=\"http:\/\/sp1.kielce.eu\/wp-content\/uploads\/2019\/11\/20191107_141445-Large-1200x900.jpg\" alt=\"\" data-id=\"8925\" data-link=\"http:\/\/sp1.kielce.eu\/?attachment_id=8925\" class=\"wp-image-8925\" srcset=\"https:\/\/sp1.kielce.eu\/wp-content\/uploads\/2019\/11\/20191107_141445-Large-1200x900.jpg 1200w, https:\/\/sp1.kielce.eu\/wp-content\/uploads\/2019\/11\/20191107_141445-Large-300x225.jpg 300w, https:\/\/sp1.kielce.eu\/wp-content\/uploads\/2019\/11\/20191107_141445-Large-768x576.jpg 768w, https:\/\/sp1.kielce.eu\/wp-content\/uploads\/2019\/11\/20191107_141445-Large-820x615.jpg 820w, https:\/\/sp1.kielce.eu\/wp-content\/uploads\/2019\/11\/20191107_141445-Large.jpg 1440w\" sizes=\"auto, (max-width: 1200px) 100vw, 1200px\" \/><\/a><figcaption>7<\/figcaption><\/figure><\/li><li class=\"blocks-gallery-item\"><figure><a href=\"http:\/\/sp1.kielce.eu\/wp-content\/uploads\/2019\/11\/20191107_141541-Large-1200x900.jpg\"><img loading=\"lazy\" decoding=\"async\" width=\"1200\" height=\"900\" src=\"http:\/\/sp1.kielce.eu\/wp-content\/uploads\/2019\/11\/20191107_141541-Large-1200x900.jpg\" alt=\"\" data-id=\"8926\" data-link=\"http:\/\/sp1.kielce.eu\/?attachment_id=8926\" class=\"wp-image-8926\" srcset=\"https:\/\/sp1.kielce.eu\/wp-content\/uploads\/2019\/11\/20191107_141541-Large-1200x900.jpg 1200w, https:\/\/sp1.kielce.eu\/wp-content\/uploads\/2019\/11\/20191107_141541-Large-300x225.jpg 300w, https:\/\/sp1.kielce.eu\/wp-content\/uploads\/2019\/11\/20191107_141541-Large-768x576.jpg 768w, https:\/\/sp1.kielce.eu\/wp-content\/uploads\/2019\/11\/20191107_141541-Large-820x615.jpg 820w, https:\/\/sp1.kielce.eu\/wp-content\/uploads\/2019\/11\/20191107_141541-Large.jpg 1440w\" sizes=\"auto, (max-width: 1200px) 100vw, 1200px\" \/><\/a><figcaption>8<\/figcaption><\/figure><\/li><li class=\"blocks-gallery-item\"><figure><a href=\"http:\/\/sp1.kielce.eu\/wp-content\/uploads\/2019\/11\/20191107_141647-Large-1200x900.jpg\"><img loading=\"lazy\" decoding=\"async\" width=\"1200\" height=\"900\" src=\"http:\/\/sp1.kielce.eu\/wp-content\/uploads\/2019\/11\/20191107_141647-Large-1200x900.jpg\" alt=\"\" data-id=\"8927\" data-link=\"http:\/\/sp1.kielce.eu\/?attachment_id=8927\" class=\"wp-image-8927\" srcset=\"https:\/\/sp1.kielce.eu\/wp-content\/uploads\/2019\/11\/20191107_141647-Large-1200x900.jpg 1200w, https:\/\/sp1.kielce.eu\/wp-content\/uploads\/2019\/11\/20191107_141647-Large-300x225.jpg 300w, https:\/\/sp1.kielce.eu\/wp-content\/uploads\/2019\/11\/20191107_141647-Large-768x576.jpg 768w, https:\/\/sp1.kielce.eu\/wp-content\/uploads\/2019\/11\/20191107_141647-Large-820x615.jpg 820w, https:\/\/sp1.kielce.eu\/wp-content\/uploads\/2019\/11\/20191107_141647-Large.jpg 1440w\" sizes=\"auto, (max-width: 1200px) 100vw, 1200px\" \/><\/a><figcaption>9<\/figcaption><\/figure><\/li><li class=\"blocks-gallery-item\"><figure><a href=\"http:\/\/sp1.kielce.eu\/wp-content\/uploads\/2019\/11\/20191107_141749-Large-1200x900.jpg\"><img loading=\"lazy\" decoding=\"async\" width=\"1200\" height=\"900\" src=\"http:\/\/sp1.kielce.eu\/wp-content\/uploads\/2019\/11\/20191107_141749-Large-1200x900.jpg\" alt=\"\" data-id=\"8928\" data-link=\"http:\/\/sp1.kielce.eu\/?attachment_id=8928\" class=\"wp-image-8928\" srcset=\"https:\/\/sp1.kielce.eu\/wp-content\/uploads\/2019\/11\/20191107_141749-Large-1200x900.jpg 1200w, https:\/\/sp1.kielce.eu\/wp-content\/uploads\/2019\/11\/20191107_141749-Large-300x225.jpg 300w, https:\/\/sp1.kielce.eu\/wp-content\/uploads\/2019\/11\/20191107_141749-Large-768x576.jpg 768w, https:\/\/sp1.kielce.eu\/wp-content\/uploads\/2019\/11\/20191107_141749-Large-820x615.jpg 820w, https:\/\/sp1.kielce.eu\/wp-content\/uploads\/2019\/11\/20191107_141749-Large.jpg 1440w\" sizes=\"auto, (max-width: 1200px) 100vw, 1200px\" \/><\/a><figcaption>10<\/figcaption><\/figure><\/li><li class=\"blocks-gallery-item\"><figure><a href=\"http:\/\/sp1.kielce.eu\/wp-content\/uploads\/2019\/11\/20191107_141925_001-Large-588x900.jpg\"><img loading=\"lazy\" decoding=\"async\" width=\"588\" height=\"900\" src=\"http:\/\/sp1.kielce.eu\/wp-content\/uploads\/2019\/11\/20191107_141925_001-Large-588x900.jpg\" alt=\"\" data-id=\"8929\" data-link=\"http:\/\/sp1.kielce.eu\/?attachment_id=8929\" class=\"wp-image-8929\" srcset=\"https:\/\/sp1.kielce.eu\/wp-content\/uploads\/2019\/11\/20191107_141925_001-Large-588x900.jpg 588w, https:\/\/sp1.kielce.eu\/wp-content\/uploads\/2019\/11\/20191107_141925_001-Large-196x300.jpg 196w, https:\/\/sp1.kielce.eu\/wp-content\/uploads\/2019\/11\/20191107_141925_001-Large-768x1175.jpg 768w, https:\/\/sp1.kielce.eu\/wp-content\/uploads\/2019\/11\/20191107_141925_001-Large-820x1254.jpg 820w, https:\/\/sp1.kielce.eu\/wp-content\/uploads\/2019\/11\/20191107_141925_001-Large.jpg 1080w\" sizes=\"auto, (max-width: 588px) 100vw, 588px\" \/><\/a><figcaption>11<\/figcaption><\/figure><\/li><li class=\"blocks-gallery-item\"><figure><a href=\"http:\/\/sp1.kielce.eu\/wp-content\/uploads\/2019\/11\/20191107_142118-Large-675x900.jpg\"><img loading=\"lazy\" decoding=\"async\" width=\"675\" height=\"900\" src=\"http:\/\/sp1.kielce.eu\/wp-content\/uploads\/2019\/11\/20191107_142118-Large-675x900.jpg\" alt=\"\" data-id=\"8930\" data-link=\"http:\/\/sp1.kielce.eu\/?attachment_id=8930\" class=\"wp-image-8930\" srcset=\"https:\/\/sp1.kielce.eu\/wp-content\/uploads\/2019\/11\/20191107_142118-Large-675x900.jpg 675w, https:\/\/sp1.kielce.eu\/wp-content\/uploads\/2019\/11\/20191107_142118-Large-225x300.jpg 225w, https:\/\/sp1.kielce.eu\/wp-content\/uploads\/2019\/11\/20191107_142118-Large-768x1024.jpg 768w, https:\/\/sp1.kielce.eu\/wp-content\/uploads\/2019\/11\/20191107_142118-Large-820x1093.jpg 820w, https:\/\/sp1.kielce.eu\/wp-content\/uploads\/2019\/11\/20191107_142118-Large.jpg 1080w\" sizes=\"auto, (max-width: 675px) 100vw, 675px\" \/><\/a><figcaption>12<\/figcaption><\/figure><\/li><li class=\"blocks-gallery-item\"><figure><a href=\"http:\/\/sp1.kielce.eu\/wp-content\/uploads\/2019\/11\/20191107_142800-Large-1200x900.jpg\"><img loading=\"lazy\" decoding=\"async\" width=\"1200\" height=\"900\" src=\"http:\/\/sp1.kielce.eu\/wp-content\/uploads\/2019\/11\/20191107_142800-Large-1200x900.jpg\" alt=\"\" data-id=\"8931\" data-link=\"http:\/\/sp1.kielce.eu\/?attachment_id=8931\" class=\"wp-image-8931\" srcset=\"https:\/\/sp1.kielce.eu\/wp-content\/uploads\/2019\/11\/20191107_142800-Large-1200x900.jpg 1200w, https:\/\/sp1.kielce.eu\/wp-content\/uploads\/2019\/11\/20191107_142800-Large-300x225.jpg 300w, https:\/\/sp1.kielce.eu\/wp-content\/uploads\/2019\/11\/20191107_142800-Large-768x576.jpg 768w, https:\/\/sp1.kielce.eu\/wp-content\/uploads\/2019\/11\/20191107_142800-Large-820x615.jpg 820w, https:\/\/sp1.kielce.eu\/wp-content\/uploads\/2019\/11\/20191107_142800-Large.jpg 1440w\" sizes=\"auto, (max-width: 1200px) 100vw, 1200px\" \/><\/a><figcaption>13<\/figcaption><\/figure><\/li><li class=\"blocks-gallery-item\"><figure><a href=\"http:\/\/sp1.kielce.eu\/wp-content\/uploads\/2019\/11\/20191107_142809-Large-1200x900.jpg\"><img loading=\"lazy\" decoding=\"async\" width=\"1200\" height=\"900\" src=\"http:\/\/sp1.kielce.eu\/wp-content\/uploads\/2019\/11\/20191107_142809-Large-1200x900.jpg\" alt=\"\" data-id=\"8932\" data-link=\"http:\/\/sp1.kielce.eu\/?attachment_id=8932\" class=\"wp-image-8932\" srcset=\"https:\/\/sp1.kielce.eu\/wp-content\/uploads\/2019\/11\/20191107_142809-Large-1200x900.jpg 1200w, https:\/\/sp1.kielce.eu\/wp-content\/uploads\/2019\/11\/20191107_142809-Large-300x225.jpg 300w, https:\/\/sp1.kielce.eu\/wp-content\/uploads\/2019\/11\/20191107_142809-Large-768x576.jpg 768w, https:\/\/sp1.kielce.eu\/wp-content\/uploads\/2019\/11\/20191107_142809-Large-820x615.jpg 820w, https:\/\/sp1.kielce.eu\/wp-content\/uploads\/2019\/11\/20191107_142809-Large.jpg 1440w\" sizes=\"auto, (max-width: 1200px) 100vw, 1200px\" \/><\/a><figcaption>14<\/figcaption><\/figure><\/li><li class=\"blocks-gallery-item\"><figure><a href=\"http:\/\/sp1.kielce.eu\/wp-content\/uploads\/2019\/11\/20191107_143957-Large-1200x900.jpg\"><img loading=\"lazy\" decoding=\"async\" width=\"1200\" height=\"900\" src=\"http:\/\/sp1.kielce.eu\/wp-content\/uploads\/2019\/11\/20191107_143957-Large-1200x900.jpg\" alt=\"\" data-id=\"8933\" data-link=\"http:\/\/sp1.kielce.eu\/?attachment_id=8933\" class=\"wp-image-8933\" srcset=\"https:\/\/sp1.kielce.eu\/wp-content\/uploads\/2019\/11\/20191107_143957-Large-1200x900.jpg 1200w, https:\/\/sp1.kielce.eu\/wp-content\/uploads\/2019\/11\/20191107_143957-Large-300x225.jpg 300w, https:\/\/sp1.kielce.eu\/wp-content\/uploads\/2019\/11\/20191107_143957-Large-768x576.jpg 768w, https:\/\/sp1.kielce.eu\/wp-content\/uploads\/2019\/11\/20191107_143957-Large-820x615.jpg 820w, https:\/\/sp1.kielce.eu\/wp-content\/uploads\/2019\/11\/20191107_143957-Large.jpg 1440w\" sizes=\"auto, (max-width: 1200px) 100vw, 1200px\" \/><\/a><figcaption>15<\/figcaption><\/figure><\/li><li class=\"blocks-gallery-item\"><figure><a href=\"http:\/\/sp1.kielce.eu\/wp-content\/uploads\/2019\/11\/20191107_144005-Large-1200x900.jpg\"><img loading=\"lazy\" decoding=\"async\" width=\"1200\" height=\"900\" src=\"http:\/\/sp1.kielce.eu\/wp-content\/uploads\/2019\/11\/20191107_144005-Large-1200x900.jpg\" alt=\"\" data-id=\"8934\" data-link=\"http:\/\/sp1.kielce.eu\/?attachment_id=8934\" class=\"wp-image-8934\" srcset=\"https:\/\/sp1.kielce.eu\/wp-content\/uploads\/2019\/11\/20191107_144005-Large-1200x900.jpg 1200w, https:\/\/sp1.kielce.eu\/wp-content\/uploads\/2019\/11\/20191107_144005-Large-300x225.jpg 300w, https:\/\/sp1.kielce.eu\/wp-content\/uploads\/2019\/11\/20191107_144005-Large-768x576.jpg 768w, https:\/\/sp1.kielce.eu\/wp-content\/uploads\/2019\/11\/20191107_144005-Large-820x615.jpg 820w, https:\/\/sp1.kielce.eu\/wp-content\/uploads\/2019\/11\/20191107_144005-Large.jpg 1440w\" sizes=\"auto, (max-width: 1200px) 100vw, 1200px\" \/><\/a><figcaption>16<\/figcaption><\/figure><\/li><\/ul>\n","protected":false},"excerpt":{"rendered":"<p>Wyniki: I miejsce- Katarzyna Ko\u0142cz, kl. 5 b II miejsce- Mi\u0142a Starodub, kl. 8 a [&hellip;]<\/p>\n","protected":false},"author":5,"featured_media":8931,"comment_status":"closed","ping_status":"open","sticky":false,"template":"","format":"standard","meta":{"footnotes":""},"categories":[36],"tags":[],"class_list":["post-8918","post","type-post","status-publish","format-standard","has-post-thumbnail","hentry","category-wydarzenia"],"_links":{"self":[{"href":"https:\/\/sp1.kielce.eu\/index.php\/wp-json\/wp\/v2\/posts\/8918","targetHints":{"allow":["GET"]}}],"collection":[{"href":"https:\/\/sp1.kielce.eu\/index.php\/wp-json\/wp\/v2\/posts"}],"about":[{"href":"https:\/\/sp1.kielce.eu\/index.php\/wp-json\/wp\/v2\/types\/post"}],"author":[{"embeddable":true,"href":"https:\/\/sp1.kielce.eu\/index.php\/wp-json\/wp\/v2\/users\/5"}],"replies":[{"embeddable":true,"href":"https:\/\/sp1.kielce.eu\/index.php\/wp-json\/wp\/v2\/comments?post=8918"}],"version-history":[{"count":1,"href":"https:\/\/sp1.kielce.eu\/index.php\/wp-json\/wp\/v2\/posts\/8918\/revisions"}],"predecessor-version":[{"id":8935,"href":"https:\/\/sp1.kielce.eu\/index.php\/wp-json\/wp\/v2\/posts\/8918\/revisions\/8935"}],"wp:featuredmedia":[{"embeddable":true,"href":"https:\/\/sp1.kielce.eu\/index.php\/wp-json\/wp\/v2\/media\/8931"}],"wp:attachment":[{"href":"https:\/\/sp1.kielce.eu\/index.php\/wp-json\/wp\/v2\/media?parent=8918"}],"wp:term":[{"taxonomy":"category","embeddable":true,"href":"https:\/\/sp1.kielce.eu\/index.php\/wp-json\/wp\/v2\/categories?post=8918"},{"taxonomy":"post_tag","embeddable":true,"href":"https:\/\/sp1.kielce.eu\/index.php\/wp-json\/wp\/v2\/tags?post=8918"}],"curies":[{"name":"wp","href":"https:\/\/api.w.org\/{rel}","templated":true}]}}