{"id":8799,"date":"2019-11-06T23:35:38","date_gmt":"2019-11-06T22:35:38","guid":{"rendered":"http:\/\/sp1.kielce.eu\/?p=8799"},"modified":"2019-11-06T23:35:38","modified_gmt":"2019-11-06T22:35:38","slug":"mamy-niepodlegla","status":"publish","type":"post","link":"https:\/\/sp1.kielce.eu\/index.php\/2019\/11\/06\/mamy-niepodlegla\/","title":{"rendered":",,MAMY NIEPODLEG\u0141\u0104!\u201d"},"content":{"rendered":"\n<p style=\"text-align:center\">Og\u0142aszamy kolejn\u0105 \u2013 7-\u0105 edycj\u0119 akcji spo\u0142ecznej <\/p>\n\n\n\n<p style=\"text-align:center\"><strong>,,MAMY NIEPODLEG\u0141\u0104!\u201d<\/strong><\/p>\n\n\n\n<p><\/p>\n\n\n\n<p style=\"text-align:center\">zach\u0119caj\u0105c\u0105 do obchodzenia<\/p>\n\n\n\n<p>NARODOWEGO\u00a0 \u015aWI\u0118TA\u00a0 NIEPODLEG\u0141O\u015aCI.<\/p>\n\n\n\n<p>W dniach: 9 \u2013 14 listopada 2019r.\nw&nbsp;naszej szkole b\u0119dzie dzia\u0142a\u0142 punkt dystrybucji (bezp\u0142atnego pobierania)\nkartek okoliczno\u015bciowych \u2013 sala 9 &#8211; parter, sala 20 \u2013 I&nbsp;pi\u0119tro. Poczt\u00f3wk\u0119\npo zaadresowaniu i&nbsp;wype\u0142nieniu \u017cyczeniami do bliskich i&nbsp;znajomych\nuczniowie wrzuc\u0105 do specjalnych urn z&nbsp;logo ,,MAMY NIEPODLEG\u0141\u0104!\u201d na\nparterze przy sali&nbsp;9 i&nbsp;I&nbsp;pi\u0119trze przy sali&nbsp;20.<\/p>\n\n\n\n<p>Kartki zostan\u0105 dostarczone do Adresat\u00f3w bezp\u0142atnie\nprzez Poczt\u0119 Polsk\u0105. <\/p>\n\n\n\n<p style=\"text-align:right\">Koordynatorzy Akcji w szkole: Ma\u0142gorzata Kasza,\nAndrzej Pustu\u0142a \u2013 nauczyciele Edukacji wczesnoszkolnej.<\/p>\n","protected":false},"excerpt":{"rendered":"<p>Og\u0142aszamy kolejn\u0105 \u2013 7-\u0105 edycj\u0119 akcji spo\u0142ecznej ,,MAMY NIEPODLEG\u0141\u0104!\u201d zach\u0119caj\u0105c\u0105 do obchodzenia NARODOWEGO\u00a0 \u015aWI\u0118TA\u00a0 NIEPODLEG\u0141O\u015aCI. [&hellip;]<\/p>\n","protected":false},"author":13,"featured_media":8804,"comment_status":"closed","ping_status":"open","sticky":false,"template":"","format":"standard","meta":{"footnotes":""},"categories":[1],"tags":[],"class_list":["post-8799","post","type-post","status-publish","format-standard","has-post-thumbnail","hentry","category-bez-kategorii"],"_links":{"self":[{"href":"https:\/\/sp1.kielce.eu\/index.php\/wp-json\/wp\/v2\/posts\/8799","targetHints":{"allow":["GET"]}}],"collection":[{"href":"https:\/\/sp1.kielce.eu\/index.php\/wp-json\/wp\/v2\/posts"}],"about":[{"href":"https:\/\/sp1.kielce.eu\/index.php\/wp-json\/wp\/v2\/types\/post"}],"author":[{"embeddable":true,"href":"https:\/\/sp1.kielce.eu\/index.php\/wp-json\/wp\/v2\/users\/13"}],"replies":[{"embeddable":true,"href":"https:\/\/sp1.kielce.eu\/index.php\/wp-json\/wp\/v2\/comments?post=8799"}],"version-history":[{"count":6,"href":"https:\/\/sp1.kielce.eu\/index.php\/wp-json\/wp\/v2\/posts\/8799\/revisions"}],"predecessor-version":[{"id":8807,"href":"https:\/\/sp1.kielce.eu\/index.php\/wp-json\/wp\/v2\/posts\/8799\/revisions\/8807"}],"wp:featuredmedia":[{"embeddable":true,"href":"https:\/\/sp1.kielce.eu\/index.php\/wp-json\/wp\/v2\/media\/8804"}],"wp:attachment":[{"href":"https:\/\/sp1.kielce.eu\/index.php\/wp-json\/wp\/v2\/media?parent=8799"}],"wp:term":[{"taxonomy":"category","embeddable":true,"href":"https:\/\/sp1.kielce.eu\/index.php\/wp-json\/wp\/v2\/categories?post=8799"},{"taxonomy":"post_tag","embeddable":true,"href":"https:\/\/sp1.kielce.eu\/index.php\/wp-json\/wp\/v2\/tags?post=8799"}],"curies":[{"name":"wp","href":"https:\/\/api.w.org\/{rel}","templated":true}]}}