{"id":8777,"date":"2019-11-05T18:42:15","date_gmt":"2019-11-05T17:42:15","guid":{"rendered":"http:\/\/sp1.kielce.eu\/?p=8777"},"modified":"2019-11-05T18:43:23","modified_gmt":"2019-11-05T17:43:23","slug":"probna-ewakuacja","status":"publish","type":"post","link":"https:\/\/sp1.kielce.eu\/index.php\/2019\/11\/05\/probna-ewakuacja\/","title":{"rendered":"Pr\u00f3bna ewakuacja"},"content":{"rendered":"\n<p>5 listopada 2019r. o godz. 10.00 odby\u0142a si\u0119 pr\u00f3bna ewakuacja\nnaszej szko\u0142y. G\u0142\u00f3wnym celem przeprowadzonych \u0107wicze\u0144 by\u0142o zapoznanie uczni\u00f3w i\npracownik\u00f3w szko\u0142y z praktycznym zastosowaniem procedur dotycz\u0105cych zachowania\nsi\u0119 w przypadku wybuchu po\u017caru lub powstania innego zagro\u017cenia dla \u017cycia i\nzdrowia. Po us\u0142yszeniu sygna\u0142u alarmowego nauczyciele wraz z uczniami przeszli\ndrogami ewakuacyjnymi do punktu zbi\u00f3rki \u2013 szkolnego boiska. Po przeprowadzonej\nkontroli budynku informacja o stanie ewakuacji przekazana zosta\u0142a\nprzedstawicielom stra\u017cy po\u017carnej. Po odwo\u0142aniu alarmu uczniowie udali si\u0119 do\nsali gimnastycznej, gdzie przedstawiciele Stra\u017cy Po\u017carnej w ramach\nOg\u00f3lnopolskiej Kampanii Edukacyjno-informacyjnej \u201eCzujka \u2013 na stra\u017cy Twojego\nbezpiecze\u0144stwa\u201d opowiedzieli o zagro\u017ceniach wynikaj\u0105cych z obecno\u015bci tlenku\nw\u0119gla w powietrzu. Ewakuacja w SP 1 przebieg\u0142a szybko &nbsp;bardzo sprawnie.<\/p>\n\n\n\n<ul class=\"wp-block-gallery columns-3 is-cropped wp-block-gallery-1 is-layout-flex wp-block-gallery-is-layout-flex\"><li class=\"blocks-gallery-item\"><figure><a href=\"http:\/\/sp1.kielce.eu\/wp-content\/uploads\/2019\/11\/IMG_20191105_101705-1200x900.jpg\"><img loading=\"lazy\" decoding=\"async\" width=\"1200\" height=\"900\" src=\"http:\/\/sp1.kielce.eu\/wp-content\/uploads\/2019\/11\/IMG_20191105_101705-1200x900.jpg\" alt=\"\" data-id=\"8778\" data-link=\"http:\/\/sp1.kielce.eu\/?attachment_id=8778\" class=\"wp-image-8778\" srcset=\"https:\/\/sp1.kielce.eu\/wp-content\/uploads\/2019\/11\/IMG_20191105_101705-1200x900.jpg 1200w, https:\/\/sp1.kielce.eu\/wp-content\/uploads\/2019\/11\/IMG_20191105_101705-300x225.jpg 300w, https:\/\/sp1.kielce.eu\/wp-content\/uploads\/2019\/11\/IMG_20191105_101705-768x576.jpg 768w, https:\/\/sp1.kielce.eu\/wp-content\/uploads\/2019\/11\/IMG_20191105_101705-820x615.jpg 820w\" sizes=\"auto, (max-width: 1200px) 100vw, 1200px\" \/><\/a><\/figure><\/li><li class=\"blocks-gallery-item\"><figure><a href=\"http:\/\/sp1.kielce.eu\/wp-content\/uploads\/2019\/11\/SAVE_20191105_120826.jpeg\"><img loading=\"lazy\" decoding=\"async\" width=\"1280\" height=\"640\" src=\"http:\/\/sp1.kielce.eu\/wp-content\/uploads\/2019\/11\/SAVE_20191105_120826.jpeg\" alt=\"\" data-id=\"8779\" data-link=\"http:\/\/sp1.kielce.eu\/?attachment_id=8779\" class=\"wp-image-8779\" srcset=\"https:\/\/sp1.kielce.eu\/wp-content\/uploads\/2019\/11\/SAVE_20191105_120826.jpeg 1280w, https:\/\/sp1.kielce.eu\/wp-content\/uploads\/2019\/11\/SAVE_20191105_120826-300x150.jpeg 300w, https:\/\/sp1.kielce.eu\/wp-content\/uploads\/2019\/11\/SAVE_20191105_120826-768x384.jpeg 768w, https:\/\/sp1.kielce.eu\/wp-content\/uploads\/2019\/11\/SAVE_20191105_120826-820x410.jpeg 820w\" sizes=\"auto, (max-width: 1280px) 100vw, 1280px\" \/><\/a><\/figure><\/li><li class=\"blocks-gallery-item\"><figure><a href=\"http:\/\/sp1.kielce.eu\/wp-content\/uploads\/2019\/11\/SAVE_20191105_120905.jpeg\"><img loading=\"lazy\" decoding=\"async\" width=\"1280\" height=\"640\" src=\"http:\/\/sp1.kielce.eu\/wp-content\/uploads\/2019\/11\/SAVE_20191105_120905.jpeg\" alt=\"\" data-id=\"8780\" data-link=\"http:\/\/sp1.kielce.eu\/?attachment_id=8780\" class=\"wp-image-8780\" srcset=\"https:\/\/sp1.kielce.eu\/wp-content\/uploads\/2019\/11\/SAVE_20191105_120905.jpeg 1280w, https:\/\/sp1.kielce.eu\/wp-content\/uploads\/2019\/11\/SAVE_20191105_120905-300x150.jpeg 300w, https:\/\/sp1.kielce.eu\/wp-content\/uploads\/2019\/11\/SAVE_20191105_120905-768x384.jpeg 768w, https:\/\/sp1.kielce.eu\/wp-content\/uploads\/2019\/11\/SAVE_20191105_120905-820x410.jpeg 820w\" sizes=\"auto, (max-width: 1280px) 100vw, 1280px\" \/><\/a><\/figure><\/li><li class=\"blocks-gallery-item\"><figure><a href=\"http:\/\/sp1.kielce.eu\/wp-content\/uploads\/2019\/11\/SAVE_20191105_120911.jpeg\"><img loading=\"lazy\" decoding=\"async\" width=\"1280\" height=\"640\" src=\"http:\/\/sp1.kielce.eu\/wp-content\/uploads\/2019\/11\/SAVE_20191105_120911.jpeg\" alt=\"\" data-id=\"8781\" data-link=\"http:\/\/sp1.kielce.eu\/?attachment_id=8781\" class=\"wp-image-8781\" srcset=\"https:\/\/sp1.kielce.eu\/wp-content\/uploads\/2019\/11\/SAVE_20191105_120911.jpeg 1280w, https:\/\/sp1.kielce.eu\/wp-content\/uploads\/2019\/11\/SAVE_20191105_120911-300x150.jpeg 300w, https:\/\/sp1.kielce.eu\/wp-content\/uploads\/2019\/11\/SAVE_20191105_120911-768x384.jpeg 768w, https:\/\/sp1.kielce.eu\/wp-content\/uploads\/2019\/11\/SAVE_20191105_120911-820x410.jpeg 820w\" sizes=\"auto, (max-width: 1280px) 100vw, 1280px\" \/><\/a><\/figure><\/li><li class=\"blocks-gallery-item\"><figure><a href=\"http:\/\/sp1.kielce.eu\/wp-content\/uploads\/2019\/11\/IMG_20191105_101446-1200x900.jpg\"><img loading=\"lazy\" decoding=\"async\" width=\"1200\" height=\"900\" src=\"http:\/\/sp1.kielce.eu\/wp-content\/uploads\/2019\/11\/IMG_20191105_101446-1200x900.jpg\" alt=\"\" data-id=\"8782\" data-link=\"http:\/\/sp1.kielce.eu\/?attachment_id=8782\" class=\"wp-image-8782\" srcset=\"https:\/\/sp1.kielce.eu\/wp-content\/uploads\/2019\/11\/IMG_20191105_101446-1200x900.jpg 1200w, https:\/\/sp1.kielce.eu\/wp-content\/uploads\/2019\/11\/IMG_20191105_101446-300x225.jpg 300w, https:\/\/sp1.kielce.eu\/wp-content\/uploads\/2019\/11\/IMG_20191105_101446-768x576.jpg 768w, https:\/\/sp1.kielce.eu\/wp-content\/uploads\/2019\/11\/IMG_20191105_101446-820x615.jpg 820w\" sizes=\"auto, (max-width: 1200px) 100vw, 1200px\" \/><\/a><\/figure><\/li><li class=\"blocks-gallery-item\"><figure><a href=\"http:\/\/sp1.kielce.eu\/wp-content\/uploads\/2019\/11\/IMG_20191105_101520-kopia-1200x900.jpg\"><img loading=\"lazy\" decoding=\"async\" width=\"1200\" height=\"900\" src=\"http:\/\/sp1.kielce.eu\/wp-content\/uploads\/2019\/11\/IMG_20191105_101520-kopia-1200x900.jpg\" alt=\"\" data-id=\"8783\" data-link=\"http:\/\/sp1.kielce.eu\/?attachment_id=8783\" class=\"wp-image-8783\" srcset=\"https:\/\/sp1.kielce.eu\/wp-content\/uploads\/2019\/11\/IMG_20191105_101520-kopia-1200x900.jpg 1200w, https:\/\/sp1.kielce.eu\/wp-content\/uploads\/2019\/11\/IMG_20191105_101520-kopia-300x225.jpg 300w, https:\/\/sp1.kielce.eu\/wp-content\/uploads\/2019\/11\/IMG_20191105_101520-kopia-768x576.jpg 768w, https:\/\/sp1.kielce.eu\/wp-content\/uploads\/2019\/11\/IMG_20191105_101520-kopia-820x615.jpg 820w\" sizes=\"auto, (max-width: 1200px) 100vw, 1200px\" \/><\/a><\/figure><\/li><li class=\"blocks-gallery-item\"><figure><a href=\"http:\/\/sp1.kielce.eu\/wp-content\/uploads\/2019\/11\/IMG_20191105_101520-1200x900.jpg\"><img loading=\"lazy\" decoding=\"async\" width=\"1200\" height=\"900\" src=\"http:\/\/sp1.kielce.eu\/wp-content\/uploads\/2019\/11\/IMG_20191105_101520-1200x900.jpg\" alt=\"\" data-id=\"8784\" data-link=\"http:\/\/sp1.kielce.eu\/?attachment_id=8784\" class=\"wp-image-8784\" srcset=\"https:\/\/sp1.kielce.eu\/wp-content\/uploads\/2019\/11\/IMG_20191105_101520-1200x900.jpg 1200w, https:\/\/sp1.kielce.eu\/wp-content\/uploads\/2019\/11\/IMG_20191105_101520-300x225.jpg 300w, https:\/\/sp1.kielce.eu\/wp-content\/uploads\/2019\/11\/IMG_20191105_101520-768x576.jpg 768w, https:\/\/sp1.kielce.eu\/wp-content\/uploads\/2019\/11\/IMG_20191105_101520-820x615.jpg 820w\" sizes=\"auto, (max-width: 1200px) 100vw, 1200px\" \/><\/a><\/figure><\/li><li class=\"blocks-gallery-item\"><figure><a href=\"http:\/\/sp1.kielce.eu\/wp-content\/uploads\/2019\/11\/IMG_20191105_101549-1200x900.jpg\"><img loading=\"lazy\" decoding=\"async\" width=\"1200\" height=\"900\" src=\"http:\/\/sp1.kielce.eu\/wp-content\/uploads\/2019\/11\/IMG_20191105_101549-1200x900.jpg\" alt=\"\" data-id=\"8785\" data-link=\"http:\/\/sp1.kielce.eu\/?attachment_id=8785\" class=\"wp-image-8785\" srcset=\"https:\/\/sp1.kielce.eu\/wp-content\/uploads\/2019\/11\/IMG_20191105_101549-1200x900.jpg 1200w, https:\/\/sp1.kielce.eu\/wp-content\/uploads\/2019\/11\/IMG_20191105_101549-300x225.jpg 300w, https:\/\/sp1.kielce.eu\/wp-content\/uploads\/2019\/11\/IMG_20191105_101549-768x576.jpg 768w, https:\/\/sp1.kielce.eu\/wp-content\/uploads\/2019\/11\/IMG_20191105_101549-820x615.jpg 820w\" sizes=\"auto, (max-width: 1200px) 100vw, 1200px\" \/><\/a><\/figure><\/li><\/ul>\n","protected":false},"excerpt":{"rendered":"<p>5 listopada 2019r. o godz. 10.00 odby\u0142a si\u0119 pr\u00f3bna ewakuacja naszej szko\u0142y. G\u0142\u00f3wnym celem przeprowadzonych [&hellip;]<\/p>\n","protected":false},"author":4,"featured_media":8781,"comment_status":"closed","ping_status":"open","sticky":false,"template":"","format":"standard","meta":{"footnotes":""},"categories":[36],"tags":[],"class_list":["post-8777","post","type-post","status-publish","format-standard","has-post-thumbnail","hentry","category-wydarzenia"],"_links":{"self":[{"href":"https:\/\/sp1.kielce.eu\/index.php\/wp-json\/wp\/v2\/posts\/8777","targetHints":{"allow":["GET"]}}],"collection":[{"href":"https:\/\/sp1.kielce.eu\/index.php\/wp-json\/wp\/v2\/posts"}],"about":[{"href":"https:\/\/sp1.kielce.eu\/index.php\/wp-json\/wp\/v2\/types\/post"}],"author":[{"embeddable":true,"href":"https:\/\/sp1.kielce.eu\/index.php\/wp-json\/wp\/v2\/users\/4"}],"replies":[{"embeddable":true,"href":"https:\/\/sp1.kielce.eu\/index.php\/wp-json\/wp\/v2\/comments?post=8777"}],"version-history":[{"count":2,"href":"https:\/\/sp1.kielce.eu\/index.php\/wp-json\/wp\/v2\/posts\/8777\/revisions"}],"predecessor-version":[{"id":8787,"href":"https:\/\/sp1.kielce.eu\/index.php\/wp-json\/wp\/v2\/posts\/8777\/revisions\/8787"}],"wp:featuredmedia":[{"embeddable":true,"href":"https:\/\/sp1.kielce.eu\/index.php\/wp-json\/wp\/v2\/media\/8781"}],"wp:attachment":[{"href":"https:\/\/sp1.kielce.eu\/index.php\/wp-json\/wp\/v2\/media?parent=8777"}],"wp:term":[{"taxonomy":"category","embeddable":true,"href":"https:\/\/sp1.kielce.eu\/index.php\/wp-json\/wp\/v2\/categories?post=8777"},{"taxonomy":"post_tag","embeddable":true,"href":"https:\/\/sp1.kielce.eu\/index.php\/wp-json\/wp\/v2\/tags?post=8777"}],"curies":[{"name":"wp","href":"https:\/\/api.w.org\/{rel}","templated":true}]}}