{"id":8703,"date":"2019-11-04T09:25:18","date_gmt":"2019-11-04T08:25:18","guid":{"rendered":"http:\/\/sp1.kielce.eu\/?p=8703"},"modified":"2019-11-04T09:25:18","modified_gmt":"2019-11-04T08:25:18","slug":"rozstrzygniecie-konkursu-pocztowka-z-wakacji","status":"publish","type":"post","link":"https:\/\/sp1.kielce.eu\/index.php\/2019\/11\/04\/rozstrzygniecie-konkursu-pocztowka-z-wakacji\/","title":{"rendered":"Rozstrzygni\u0119cie konkursu \u201ePoczt\u00f3wka z wakacji\u201d"},"content":{"rendered":"\n<p>31 pa\u017adziernika nast\u0105pi\u0142o rozstrzygni\u0119cie konkursu \u201ePoczt\u00f3wka z&nbsp;wakacji\u201d, kt\u00f3rego celem by\u0142o dzielenie si\u0119 przez uczni\u00f3w wspomnieniami z&nbsp;wakacyjnych podr\u00f3\u017cy wyra\u017conych w formie plastycznej. Uczniowie ch\u0119tnie uczestniczyli w konkursie. \u0141\u0105cznie przygotowali 17 prac plastycznych, wykonanych r\u00f3\u017cnymi technikami,<br>\n z kt\u00f3rych jury wy\u0142oni\u0142o najciekawsze prace. W kategorii klas I-III nagrody otrzymali: Franciszek Banasik z klasy 3 b (I miejsce), Filip Kowalczyk z klasy 2 a <br>\n(II miejsce) oraz Tomasz Grabczak z klasy 2 a (III miejsce).<br>\nW kategorii klas IV-VIII konkurencja by\u0142a du\u017co wi\u0119ksza, a wyb\u00f3r znacznie trudniejszy. I miejsce zaj\u0119\u0142a Mi\u0142a Starodub z klasy 8 a, II miejsce zaj\u0119\u0142a Klaudia Durlik z klasy 6 c, a III miejsce zaj\u0105\u0142 Kamil Mazur z klasy 5a. W tej kategorii wiekowej przyznane zosta\u0142y r\u00f3wnie\u017c 2 wyr\u00f3\u017cnienia: dla Mai G\u00f3reckiej z klasy 5 b oraz dla Amelii Januchty z klasy 8 b. Wszystkim uczestnikom serdecznie dzi\u0119kuj\u0119 za wzi\u0119\u0107ie udzia\u0142u w konkursie, a zwyci\u0119zcom serdecznie gratuluj\u0119 i zapraszam <br>\ndo  udzia\u0142u w przysz\u0142orocznej edycji konkursu.<\/p>\n\n\n\n<p style=\"text-align:right\">Organizator konkursu:<br>\nMonika Go\u0142\u0105bek  <\/p>\n\n\n\n<ul class=\"wp-block-gallery columns-3 is-cropped wp-block-gallery-1 is-layout-flex wp-block-gallery-is-layout-flex\"><li class=\"blocks-gallery-item\"><figure><a href=\"http:\/\/sp1.kielce.eu\/wp-content\/uploads\/2019\/11\/IMG_20191031_122545-Medium.jpg\"><img loading=\"lazy\" decoding=\"async\" width=\"1366\" height=\"683\" src=\"http:\/\/sp1.kielce.eu\/wp-content\/uploads\/2019\/11\/IMG_20191031_122545-Medium.jpg\" alt=\"\" data-id=\"8704\" data-link=\"http:\/\/sp1.kielce.eu\/?attachment_id=8704\" class=\"wp-image-8704\" srcset=\"https:\/\/sp1.kielce.eu\/wp-content\/uploads\/2019\/11\/IMG_20191031_122545-Medium.jpg 1366w, https:\/\/sp1.kielce.eu\/wp-content\/uploads\/2019\/11\/IMG_20191031_122545-Medium-300x150.jpg 300w, https:\/\/sp1.kielce.eu\/wp-content\/uploads\/2019\/11\/IMG_20191031_122545-Medium-768x384.jpg 768w, https:\/\/sp1.kielce.eu\/wp-content\/uploads\/2019\/11\/IMG_20191031_122545-Medium-820x410.jpg 820w\" sizes=\"auto, (max-width: 1366px) 100vw, 1366px\" \/><\/a><figcaption>1<\/figcaption><\/figure><\/li><li class=\"blocks-gallery-item\"><figure><a href=\"http:\/\/sp1.kielce.eu\/wp-content\/uploads\/2019\/11\/IMG_20191031_122643-Medium.jpg\"><img loading=\"lazy\" decoding=\"async\" width=\"1366\" height=\"683\" src=\"http:\/\/sp1.kielce.eu\/wp-content\/uploads\/2019\/11\/IMG_20191031_122643-Medium.jpg\" alt=\"\" data-id=\"8705\" data-link=\"http:\/\/sp1.kielce.eu\/?attachment_id=8705\" class=\"wp-image-8705\" srcset=\"https:\/\/sp1.kielce.eu\/wp-content\/uploads\/2019\/11\/IMG_20191031_122643-Medium.jpg 1366w, https:\/\/sp1.kielce.eu\/wp-content\/uploads\/2019\/11\/IMG_20191031_122643-Medium-300x150.jpg 300w, https:\/\/sp1.kielce.eu\/wp-content\/uploads\/2019\/11\/IMG_20191031_122643-Medium-768x384.jpg 768w, https:\/\/sp1.kielce.eu\/wp-content\/uploads\/2019\/11\/IMG_20191031_122643-Medium-820x410.jpg 820w\" sizes=\"auto, (max-width: 1366px) 100vw, 1366px\" \/><\/a><figcaption>2<\/figcaption><\/figure><\/li><li class=\"blocks-gallery-item\"><figure><a href=\"http:\/\/sp1.kielce.eu\/wp-content\/uploads\/2019\/11\/IMG_20191031_122815-Medium.jpg\"><img loading=\"lazy\" decoding=\"async\" width=\"1366\" height=\"683\" src=\"http:\/\/sp1.kielce.eu\/wp-content\/uploads\/2019\/11\/IMG_20191031_122815-Medium.jpg\" alt=\"\" data-id=\"8706\" data-link=\"http:\/\/sp1.kielce.eu\/?attachment_id=8706\" class=\"wp-image-8706\" srcset=\"https:\/\/sp1.kielce.eu\/wp-content\/uploads\/2019\/11\/IMG_20191031_122815-Medium.jpg 1366w, https:\/\/sp1.kielce.eu\/wp-content\/uploads\/2019\/11\/IMG_20191031_122815-Medium-300x150.jpg 300w, https:\/\/sp1.kielce.eu\/wp-content\/uploads\/2019\/11\/IMG_20191031_122815-Medium-768x384.jpg 768w, https:\/\/sp1.kielce.eu\/wp-content\/uploads\/2019\/11\/IMG_20191031_122815-Medium-820x410.jpg 820w\" sizes=\"auto, (max-width: 1366px) 100vw, 1366px\" \/><\/a><figcaption>3<\/figcaption><\/figure><\/li><\/ul>\n","protected":false},"excerpt":{"rendered":"<p>31 pa\u017adziernika nast\u0105pi\u0142o rozstrzygni\u0119cie konkursu \u201ePoczt\u00f3wka z&nbsp;wakacji\u201d, kt\u00f3rego celem by\u0142o dzielenie si\u0119 przez uczni\u00f3w wspomnieniami [&hellip;]<\/p>\n","protected":false},"author":5,"featured_media":8706,"comment_status":"closed","ping_status":"open","sticky":false,"template":"","format":"standard","meta":{"footnotes":""},"categories":[36,22],"tags":[],"class_list":["post-8703","post","type-post","status-publish","format-standard","has-post-thumbnail","hentry","category-wydarzenia","category-konkursy-konkursy-przedmiotowe"],"_links":{"self":[{"href":"https:\/\/sp1.kielce.eu\/index.php\/wp-json\/wp\/v2\/posts\/8703","targetHints":{"allow":["GET"]}}],"collection":[{"href":"https:\/\/sp1.kielce.eu\/index.php\/wp-json\/wp\/v2\/posts"}],"about":[{"href":"https:\/\/sp1.kielce.eu\/index.php\/wp-json\/wp\/v2\/types\/post"}],"author":[{"embeddable":true,"href":"https:\/\/sp1.kielce.eu\/index.php\/wp-json\/wp\/v2\/users\/5"}],"replies":[{"embeddable":true,"href":"https:\/\/sp1.kielce.eu\/index.php\/wp-json\/wp\/v2\/comments?post=8703"}],"version-history":[{"count":1,"href":"https:\/\/sp1.kielce.eu\/index.php\/wp-json\/wp\/v2\/posts\/8703\/revisions"}],"predecessor-version":[{"id":8707,"href":"https:\/\/sp1.kielce.eu\/index.php\/wp-json\/wp\/v2\/posts\/8703\/revisions\/8707"}],"wp:featuredmedia":[{"embeddable":true,"href":"https:\/\/sp1.kielce.eu\/index.php\/wp-json\/wp\/v2\/media\/8706"}],"wp:attachment":[{"href":"https:\/\/sp1.kielce.eu\/index.php\/wp-json\/wp\/v2\/media?parent=8703"}],"wp:term":[{"taxonomy":"category","embeddable":true,"href":"https:\/\/sp1.kielce.eu\/index.php\/wp-json\/wp\/v2\/categories?post=8703"},{"taxonomy":"post_tag","embeddable":true,"href":"https:\/\/sp1.kielce.eu\/index.php\/wp-json\/wp\/v2\/tags?post=8703"}],"curies":[{"name":"wp","href":"https:\/\/api.w.org\/{rel}","templated":true}]}}