{"id":8678,"date":"2019-11-04T09:16:27","date_gmt":"2019-11-04T08:16:27","guid":{"rendered":"http:\/\/sp1.kielce.eu\/?p=8678"},"modified":"2019-11-04T09:16:27","modified_gmt":"2019-11-04T08:16:27","slug":"pamietamy-o-bohaterach-naszej-wolnosci","status":"publish","type":"post","link":"https:\/\/sp1.kielce.eu\/index.php\/2019\/11\/04\/pamietamy-o-bohaterach-naszej-wolnosci\/","title":{"rendered":"&#8222;Pami\u0119tamy o bohaterach naszej wolno\u015bci&#8221;"},"content":{"rendered":"\n<p>W kilimacie zbli\u017caj\u0105cej si\u0119 Uroczysto\u015bci Wszystkich \u015awi\u0119tych i Dnia Modlitwy za Zmar\u0142ych uczniowie z naszej szko\u0142y, pod opiek\u0105 si\u00f3str katechetek \u2013 s. Cecylii Misztal i s. Faustyny Czajkowskiej, udali si\u0119 na Cmentarz Stary w Kielcach. Wsp\u00f3ln\u0105 modlitw\u0105, zadum\u0105 i \u015bwiat\u0142em p\u0142on\u0105ch zniczy uczczili\u015bmy pami\u0119\u0107 o bohaterach, kt\u00f3rzy oddali swoje \u017cycie w obronie wolno\u015bci naszego narodu. Cisz\u0105 i serdeczn\u0105 my\u015bl\u0105 oddali\u015bmy ho\u0142d pomordowanym harcerzom, partyzantom, Polakom prze\u015bladowanym i zamordowanym przez &#8222;hitlerowc\u00f3w, stalinowc\u00f3w i rodzimych oprawc\u00f3w&#8221; w latach 1939-1989. Pochylili\u015bmy si\u0119 tak\u017ce nad grobem budowniczego naszej parafialnej \u015bwi\u0105tyni \u2013 ksi\u0119dza pra\u0142ata Jana Kudelskiego.<\/p>\n\n\n\n<p style=\"text-align:right\">siostry katechetki<\/p>\n\n\n\n<p style=\"text-align:right\">Monika Czajkowska<\/p>\n\n\n\n<p style=\"text-align:right\"> Maria Misztal<\/p>\n\n\n\n<ul class=\"wp-block-gallery columns-3 is-cropped wp-block-gallery-1 is-layout-flex wp-block-gallery-is-layout-flex\"><li class=\"blocks-gallery-item\"><figure><a href=\"http:\/\/sp1.kielce.eu\/wp-content\/uploads\/2019\/11\/IMG_20191030_114737-Medium.jpg\"><img loading=\"lazy\" decoding=\"async\" width=\"1024\" height=\"768\" src=\"http:\/\/sp1.kielce.eu\/wp-content\/uploads\/2019\/11\/IMG_20191030_114737-Medium.jpg\" alt=\"\" data-id=\"8679\" data-link=\"http:\/\/sp1.kielce.eu\/?attachment_id=8679\" class=\"wp-image-8679\" srcset=\"https:\/\/sp1.kielce.eu\/wp-content\/uploads\/2019\/11\/IMG_20191030_114737-Medium.jpg 1024w, https:\/\/sp1.kielce.eu\/wp-content\/uploads\/2019\/11\/IMG_20191030_114737-Medium-300x225.jpg 300w, https:\/\/sp1.kielce.eu\/wp-content\/uploads\/2019\/11\/IMG_20191030_114737-Medium-768x576.jpg 768w, https:\/\/sp1.kielce.eu\/wp-content\/uploads\/2019\/11\/IMG_20191030_114737-Medium-820x615.jpg 820w\" sizes=\"auto, (max-width: 1024px) 100vw, 1024px\" \/><\/a><figcaption>1<\/figcaption><\/figure><\/li><li class=\"blocks-gallery-item\"><figure><a href=\"http:\/\/sp1.kielce.eu\/wp-content\/uploads\/2019\/11\/IMG_20191030_124752-Medium.jpg\"><img loading=\"lazy\" decoding=\"async\" width=\"1024\" height=\"768\" src=\"http:\/\/sp1.kielce.eu\/wp-content\/uploads\/2019\/11\/IMG_20191030_124752-Medium.jpg\" alt=\"\" data-id=\"8680\" data-link=\"http:\/\/sp1.kielce.eu\/?attachment_id=8680\" class=\"wp-image-8680\" srcset=\"https:\/\/sp1.kielce.eu\/wp-content\/uploads\/2019\/11\/IMG_20191030_124752-Medium.jpg 1024w, https:\/\/sp1.kielce.eu\/wp-content\/uploads\/2019\/11\/IMG_20191030_124752-Medium-300x225.jpg 300w, https:\/\/sp1.kielce.eu\/wp-content\/uploads\/2019\/11\/IMG_20191030_124752-Medium-768x576.jpg 768w, https:\/\/sp1.kielce.eu\/wp-content\/uploads\/2019\/11\/IMG_20191030_124752-Medium-820x615.jpg 820w\" sizes=\"auto, (max-width: 1024px) 100vw, 1024px\" \/><\/a><figcaption>2<\/figcaption><\/figure><\/li><li class=\"blocks-gallery-item\"><figure><a href=\"http:\/\/sp1.kielce.eu\/wp-content\/uploads\/2019\/11\/IMG_20191030_124957-1-Medium.jpg\"><img loading=\"lazy\" decoding=\"async\" width=\"1024\" height=\"768\" src=\"http:\/\/sp1.kielce.eu\/wp-content\/uploads\/2019\/11\/IMG_20191030_124957-1-Medium.jpg\" alt=\"\" data-id=\"8681\" data-link=\"http:\/\/sp1.kielce.eu\/?attachment_id=8681\" class=\"wp-image-8681\" srcset=\"https:\/\/sp1.kielce.eu\/wp-content\/uploads\/2019\/11\/IMG_20191030_124957-1-Medium.jpg 1024w, https:\/\/sp1.kielce.eu\/wp-content\/uploads\/2019\/11\/IMG_20191030_124957-1-Medium-300x225.jpg 300w, https:\/\/sp1.kielce.eu\/wp-content\/uploads\/2019\/11\/IMG_20191030_124957-1-Medium-768x576.jpg 768w, https:\/\/sp1.kielce.eu\/wp-content\/uploads\/2019\/11\/IMG_20191030_124957-1-Medium-820x615.jpg 820w\" sizes=\"auto, (max-width: 1024px) 100vw, 1024px\" \/><\/a><figcaption>3<\/figcaption><\/figure><\/li><li class=\"blocks-gallery-item\"><figure><a href=\"http:\/\/sp1.kielce.eu\/wp-content\/uploads\/2019\/11\/IMG_20191030_125441-Medium.jpg\"><img loading=\"lazy\" decoding=\"async\" width=\"1024\" height=\"768\" src=\"http:\/\/sp1.kielce.eu\/wp-content\/uploads\/2019\/11\/IMG_20191030_125441-Medium.jpg\" alt=\"\" data-id=\"8683\" data-link=\"http:\/\/sp1.kielce.eu\/?attachment_id=8683\" class=\"wp-image-8683\" srcset=\"https:\/\/sp1.kielce.eu\/wp-content\/uploads\/2019\/11\/IMG_20191030_125441-Medium.jpg 1024w, https:\/\/sp1.kielce.eu\/wp-content\/uploads\/2019\/11\/IMG_20191030_125441-Medium-300x225.jpg 300w, https:\/\/sp1.kielce.eu\/wp-content\/uploads\/2019\/11\/IMG_20191030_125441-Medium-768x576.jpg 768w, https:\/\/sp1.kielce.eu\/wp-content\/uploads\/2019\/11\/IMG_20191030_125441-Medium-820x615.jpg 820w\" sizes=\"auto, (max-width: 1024px) 100vw, 1024px\" \/><\/a><figcaption>4<\/figcaption><\/figure><\/li><li class=\"blocks-gallery-item\"><figure><a href=\"http:\/\/sp1.kielce.eu\/wp-content\/uploads\/2019\/11\/IMG_20191030_130348-Medium.jpg\"><img loading=\"lazy\" decoding=\"async\" width=\"1024\" height=\"768\" src=\"http:\/\/sp1.kielce.eu\/wp-content\/uploads\/2019\/11\/IMG_20191030_130348-Medium.jpg\" alt=\"\" data-id=\"8684\" data-link=\"http:\/\/sp1.kielce.eu\/?attachment_id=8684\" class=\"wp-image-8684\" srcset=\"https:\/\/sp1.kielce.eu\/wp-content\/uploads\/2019\/11\/IMG_20191030_130348-Medium.jpg 1024w, https:\/\/sp1.kielce.eu\/wp-content\/uploads\/2019\/11\/IMG_20191030_130348-Medium-300x225.jpg 300w, https:\/\/sp1.kielce.eu\/wp-content\/uploads\/2019\/11\/IMG_20191030_130348-Medium-768x576.jpg 768w, https:\/\/sp1.kielce.eu\/wp-content\/uploads\/2019\/11\/IMG_20191030_130348-Medium-820x615.jpg 820w\" sizes=\"auto, (max-width: 1024px) 100vw, 1024px\" \/><\/a><figcaption>5<\/figcaption><\/figure><\/li><li class=\"blocks-gallery-item\"><figure><a href=\"http:\/\/sp1.kielce.eu\/wp-content\/uploads\/2019\/11\/IMG_20191030_130620-Medium.jpg\"><img loading=\"lazy\" decoding=\"async\" width=\"1024\" height=\"768\" src=\"http:\/\/sp1.kielce.eu\/wp-content\/uploads\/2019\/11\/IMG_20191030_130620-Medium.jpg\" alt=\"\" data-id=\"8685\" data-link=\"http:\/\/sp1.kielce.eu\/?attachment_id=8685\" class=\"wp-image-8685\" srcset=\"https:\/\/sp1.kielce.eu\/wp-content\/uploads\/2019\/11\/IMG_20191030_130620-Medium.jpg 1024w, https:\/\/sp1.kielce.eu\/wp-content\/uploads\/2019\/11\/IMG_20191030_130620-Medium-300x225.jpg 300w, https:\/\/sp1.kielce.eu\/wp-content\/uploads\/2019\/11\/IMG_20191030_130620-Medium-768x576.jpg 768w, https:\/\/sp1.kielce.eu\/wp-content\/uploads\/2019\/11\/IMG_20191030_130620-Medium-820x615.jpg 820w\" sizes=\"auto, (max-width: 1024px) 100vw, 1024px\" \/><\/a><figcaption>6<\/figcaption><\/figure><\/li><li class=\"blocks-gallery-item\"><figure><a href=\"http:\/\/sp1.kielce.eu\/wp-content\/uploads\/2019\/11\/IMG_20191030_130828-Medium.jpg\"><img loading=\"lazy\" decoding=\"async\" width=\"1024\" height=\"768\" src=\"http:\/\/sp1.kielce.eu\/wp-content\/uploads\/2019\/11\/IMG_20191030_130828-Medium.jpg\" alt=\"\" data-id=\"8686\" data-link=\"http:\/\/sp1.kielce.eu\/?attachment_id=8686\" class=\"wp-image-8686\" srcset=\"https:\/\/sp1.kielce.eu\/wp-content\/uploads\/2019\/11\/IMG_20191030_130828-Medium.jpg 1024w, https:\/\/sp1.kielce.eu\/wp-content\/uploads\/2019\/11\/IMG_20191030_130828-Medium-300x225.jpg 300w, https:\/\/sp1.kielce.eu\/wp-content\/uploads\/2019\/11\/IMG_20191030_130828-Medium-768x576.jpg 768w, https:\/\/sp1.kielce.eu\/wp-content\/uploads\/2019\/11\/IMG_20191030_130828-Medium-820x615.jpg 820w\" sizes=\"auto, (max-width: 1024px) 100vw, 1024px\" \/><\/a><figcaption>7<\/figcaption><\/figure><\/li><li class=\"blocks-gallery-item\"><figure><a href=\"http:\/\/sp1.kielce.eu\/wp-content\/uploads\/2019\/11\/IMG_20191030_130941-Medium.jpg\"><img loading=\"lazy\" decoding=\"async\" width=\"1024\" height=\"768\" src=\"http:\/\/sp1.kielce.eu\/wp-content\/uploads\/2019\/11\/IMG_20191030_130941-Medium.jpg\" alt=\"\" data-id=\"8687\" data-link=\"http:\/\/sp1.kielce.eu\/?attachment_id=8687\" class=\"wp-image-8687\" srcset=\"https:\/\/sp1.kielce.eu\/wp-content\/uploads\/2019\/11\/IMG_20191030_130941-Medium.jpg 1024w, https:\/\/sp1.kielce.eu\/wp-content\/uploads\/2019\/11\/IMG_20191030_130941-Medium-300x225.jpg 300w, https:\/\/sp1.kielce.eu\/wp-content\/uploads\/2019\/11\/IMG_20191030_130941-Medium-768x576.jpg 768w, https:\/\/sp1.kielce.eu\/wp-content\/uploads\/2019\/11\/IMG_20191030_130941-Medium-820x615.jpg 820w\" sizes=\"auto, (max-width: 1024px) 100vw, 1024px\" \/><\/a><figcaption>8<\/figcaption><\/figure><\/li><\/ul>\n","protected":false},"excerpt":{"rendered":"<p>W kilimacie zbli\u017caj\u0105cej si\u0119 Uroczysto\u015bci Wszystkich \u015awi\u0119tych i Dnia Modlitwy za Zmar\u0142ych uczniowie z naszej [&hellip;]<\/p>\n","protected":false},"author":5,"featured_media":8679,"comment_status":"closed","ping_status":"open","sticky":false,"template":"","format":"standard","meta":{"footnotes":""},"categories":[36,3],"tags":[],"class_list":["post-8678","post","type-post","status-publish","format-standard","has-post-thumbnail","hentry","category-wydarzenia","category-wycieczki"],"_links":{"self":[{"href":"https:\/\/sp1.kielce.eu\/index.php\/wp-json\/wp\/v2\/posts\/8678","targetHints":{"allow":["GET"]}}],"collection":[{"href":"https:\/\/sp1.kielce.eu\/index.php\/wp-json\/wp\/v2\/posts"}],"about":[{"href":"https:\/\/sp1.kielce.eu\/index.php\/wp-json\/wp\/v2\/types\/post"}],"author":[{"embeddable":true,"href":"https:\/\/sp1.kielce.eu\/index.php\/wp-json\/wp\/v2\/users\/5"}],"replies":[{"embeddable":true,"href":"https:\/\/sp1.kielce.eu\/index.php\/wp-json\/wp\/v2\/comments?post=8678"}],"version-history":[{"count":1,"href":"https:\/\/sp1.kielce.eu\/index.php\/wp-json\/wp\/v2\/posts\/8678\/revisions"}],"predecessor-version":[{"id":8688,"href":"https:\/\/sp1.kielce.eu\/index.php\/wp-json\/wp\/v2\/posts\/8678\/revisions\/8688"}],"wp:featuredmedia":[{"embeddable":true,"href":"https:\/\/sp1.kielce.eu\/index.php\/wp-json\/wp\/v2\/media\/8679"}],"wp:attachment":[{"href":"https:\/\/sp1.kielce.eu\/index.php\/wp-json\/wp\/v2\/media?parent=8678"}],"wp:term":[{"taxonomy":"category","embeddable":true,"href":"https:\/\/sp1.kielce.eu\/index.php\/wp-json\/wp\/v2\/categories?post=8678"},{"taxonomy":"post_tag","embeddable":true,"href":"https:\/\/sp1.kielce.eu\/index.php\/wp-json\/wp\/v2\/tags?post=8678"}],"curies":[{"name":"wp","href":"https:\/\/api.w.org\/{rel}","templated":true}]}}