{"id":8514,"date":"2019-10-28T09:07:35","date_gmt":"2019-10-28T08:07:35","guid":{"rendered":"http:\/\/sp1.kielce.eu\/?p=8514"},"modified":"2019-10-28T09:07:35","modified_gmt":"2019-10-28T08:07:35","slug":"konkurs-plastyczny-swiat-w-jesiennej-szacie","status":"publish","type":"post","link":"https:\/\/sp1.kielce.eu\/index.php\/2019\/10\/28\/konkurs-plastyczny-swiat-w-jesiennej-szacie\/","title":{"rendered":"Konkurs plastyczny \u201e\u015awiat w jesiennej szacie\u201d"},"content":{"rendered":"\n<p>10.10.2019 roku w naszej \u015bwietlicy odby\u0142 si\u0119 konkurs plastyczny zorganizowany przez p. Wies\u0142aw\u0119 Czekaj pod has\u0142em \u201e\u015awiat w jesiennej szacie\u201d. <br>\nW konkursie wzi\u0119li udzia\u0142 wychowankowie \u015bwietlicy: <br>\nAdamski Bartosz, Jeziorski Jakub, Mackiewicz Bartosz, Podkowa Oskar, Podraza Piotr, Rutkowski Gabriel,  S\u0142awski Wojciech, Stachura-Paradowska Nikola, Wi\u0119ckowski Ksawery, Wi\u015bniewski Wojciech, Zmarzli\u0144ski Marcel.<br>\nWszystkie prace konkursowe wykonane technik\u0105 dowoln\u0105 wybran\u0105 przez dzieci ocenia\u0142a komisja w sk\u0142adzie: p. El\u017cbieta Szymczyk, p. Kamila Kami\u0144ska i p. Wies\u0142awa Czekaj. <br>\nLabretami konkursu zostali:<br>\nStachura-Paradowska Nikola,  S\u0142awski Wojciech, Adamski Bartosz \u2013 I miejsce<br>\nMackiewicz Bartosz, Podkowa Oskar \u2013 II miejsce<br>\nZmarzli\u0144ski Marcel \u2013 III miejsce<br>\nJeziorski Jakub, Wi\u0119ckowski Ksawery, Rutkowski Gabriel,  Wi\u015bniewski Wojciech \u2013 wyr\u00f3\u017cnienie.<\/p>\n\n\n\n<p>Wszystkim serdecznie  gratulujemy! <\/p>\n\n\n\n<p style=\"text-align:right\">Wies\u0142awa Czekaj \u2013 wychowawca \u015bwietlicy <\/p>\n\n\n\n<ul class=\"wp-block-gallery columns-1 is-cropped wp-block-gallery-1 is-layout-flex wp-block-gallery-is-layout-flex\"><li class=\"blocks-gallery-item\"><figure><a href=\"http:\/\/sp1.kielce.eu\/wp-content\/uploads\/2019\/10\/IMG_20191024_115857-Medium-675x900.jpg\"><img loading=\"lazy\" decoding=\"async\" width=\"675\" height=\"900\" src=\"http:\/\/sp1.kielce.eu\/wp-content\/uploads\/2019\/10\/IMG_20191024_115857-Medium-675x900.jpg\" alt=\"\" data-id=\"8515\" data-link=\"http:\/\/sp1.kielce.eu\/?attachment_id=8515\" class=\"wp-image-8515\" srcset=\"https:\/\/sp1.kielce.eu\/wp-content\/uploads\/2019\/10\/IMG_20191024_115857-Medium-675x900.jpg 675w, https:\/\/sp1.kielce.eu\/wp-content\/uploads\/2019\/10\/IMG_20191024_115857-Medium-225x300.jpg 225w, https:\/\/sp1.kielce.eu\/wp-content\/uploads\/2019\/10\/IMG_20191024_115857-Medium.jpg 768w\" sizes=\"auto, (max-width: 675px) 100vw, 675px\" \/><\/a><\/figure><\/li><\/ul>\n","protected":false},"excerpt":{"rendered":"<p>10.10.2019 roku w naszej \u015bwietlicy odby\u0142 si\u0119 konkurs plastyczny zorganizowany przez p. Wies\u0142aw\u0119 Czekaj pod [&hellip;]<\/p>\n","protected":false},"author":5,"featured_media":8515,"comment_status":"closed","ping_status":"open","sticky":false,"template":"","format":"standard","meta":{"footnotes":""},"categories":[25],"tags":[],"class_list":["post-8514","post","type-post","status-publish","format-standard","has-post-thumbnail","hentry","category-swietlica"],"_links":{"self":[{"href":"https:\/\/sp1.kielce.eu\/index.php\/wp-json\/wp\/v2\/posts\/8514","targetHints":{"allow":["GET"]}}],"collection":[{"href":"https:\/\/sp1.kielce.eu\/index.php\/wp-json\/wp\/v2\/posts"}],"about":[{"href":"https:\/\/sp1.kielce.eu\/index.php\/wp-json\/wp\/v2\/types\/post"}],"author":[{"embeddable":true,"href":"https:\/\/sp1.kielce.eu\/index.php\/wp-json\/wp\/v2\/users\/5"}],"replies":[{"embeddable":true,"href":"https:\/\/sp1.kielce.eu\/index.php\/wp-json\/wp\/v2\/comments?post=8514"}],"version-history":[{"count":1,"href":"https:\/\/sp1.kielce.eu\/index.php\/wp-json\/wp\/v2\/posts\/8514\/revisions"}],"predecessor-version":[{"id":8516,"href":"https:\/\/sp1.kielce.eu\/index.php\/wp-json\/wp\/v2\/posts\/8514\/revisions\/8516"}],"wp:featuredmedia":[{"embeddable":true,"href":"https:\/\/sp1.kielce.eu\/index.php\/wp-json\/wp\/v2\/media\/8515"}],"wp:attachment":[{"href":"https:\/\/sp1.kielce.eu\/index.php\/wp-json\/wp\/v2\/media?parent=8514"}],"wp:term":[{"taxonomy":"category","embeddable":true,"href":"https:\/\/sp1.kielce.eu\/index.php\/wp-json\/wp\/v2\/categories?post=8514"},{"taxonomy":"post_tag","embeddable":true,"href":"https:\/\/sp1.kielce.eu\/index.php\/wp-json\/wp\/v2\/tags?post=8514"}],"curies":[{"name":"wp","href":"https:\/\/api.w.org\/{rel}","templated":true}]}}