{"id":8348,"date":"2019-10-23T08:32:36","date_gmt":"2019-10-23T06:32:36","guid":{"rendered":"http:\/\/sp1.kielce.eu\/?p=8348"},"modified":"2019-10-23T08:32:50","modified_gmt":"2019-10-23T06:32:50","slug":"gdzie-jestes-maly-ksiaze-gdzie","status":"publish","type":"post","link":"https:\/\/sp1.kielce.eu\/index.php\/2019\/10\/23\/gdzie-jestes-maly-ksiaze-gdzie\/","title":{"rendered":",,Gdzie jeste\u015b Ma\u0142y Ksi\u0105\u017c\u0119, gdzie&#8230;&#8221;"},"content":{"rendered":"\n<pre class=\"wp-block-preformatted\"> Dnia 22 pa\u017adziernika uczniowie klas si\u00f3dmych obejrzeli w sali kongresowej EXBUD-u spektakl teatralny pt.,,Kochaj\u0105c r\u00f3\u017c\u0119'', zrealizowany\nna podstawie znanego i cenionego- mimo up\u0142ywu lat- utworu pt.,, Ma\u0142y Ksi\u0105\u017c\u0119''. Nieprzemijaj\u0105ce tre\u015bci w nim zawarte, zaprezentowane                     w uwsp\u00f3\u0142cze\u015bnionej, zrozumia\u0142ej dla m\u0142odego widza formie, sk\u0142oni\u0142y do zadumy i refleksji. Ciekawa choreografia, muzyka wype\u0142niaj\u0105ca przestrze\u0144, rozb\u0142yskuj\u0105ce, kolorowe \u015bwiat\u0142a i profesjonalna gra aktor\u00f3w  wywar\u0142y na  publiczno\u015bci du\u017ce wra\u017cenie.\n\n                                                                                      Nauczycielka j\u0119zyka polskiego\n                                                                                                   Renata Petrus<\/pre>\n\n\n\n<ul class=\"wp-block-gallery columns-3 is-cropped wp-block-gallery-1 is-layout-flex wp-block-gallery-is-layout-flex\"><li class=\"blocks-gallery-item\"><figure><a href=\"http:\/\/sp1.kielce.eu\/wp-content\/uploads\/2019\/10\/20191022_114137-Medium.jpg\"><img loading=\"lazy\" decoding=\"async\" width=\"1024\" height=\"768\" src=\"http:\/\/sp1.kielce.eu\/wp-content\/uploads\/2019\/10\/20191022_114137-Medium.jpg\" alt=\"\" data-id=\"8349\" data-link=\"http:\/\/sp1.kielce.eu\/?attachment_id=8349\" class=\"wp-image-8349\" srcset=\"https:\/\/sp1.kielce.eu\/wp-content\/uploads\/2019\/10\/20191022_114137-Medium.jpg 1024w, https:\/\/sp1.kielce.eu\/wp-content\/uploads\/2019\/10\/20191022_114137-Medium-300x225.jpg 300w, https:\/\/sp1.kielce.eu\/wp-content\/uploads\/2019\/10\/20191022_114137-Medium-768x576.jpg 768w, https:\/\/sp1.kielce.eu\/wp-content\/uploads\/2019\/10\/20191022_114137-Medium-820x615.jpg 820w\" sizes=\"auto, (max-width: 1024px) 100vw, 1024px\" \/><\/a><figcaption>1<\/figcaption><\/figure><\/li><li class=\"blocks-gallery-item\"><figure><a href=\"http:\/\/sp1.kielce.eu\/wp-content\/uploads\/2019\/10\/20191022_140554-Medium-675x900.jpg\"><img loading=\"lazy\" decoding=\"async\" width=\"675\" height=\"900\" src=\"http:\/\/sp1.kielce.eu\/wp-content\/uploads\/2019\/10\/20191022_140554-Medium-675x900.jpg\" alt=\"\" data-id=\"8350\" data-link=\"http:\/\/sp1.kielce.eu\/?attachment_id=8350\" class=\"wp-image-8350\" srcset=\"https:\/\/sp1.kielce.eu\/wp-content\/uploads\/2019\/10\/20191022_140554-Medium-675x900.jpg 675w, https:\/\/sp1.kielce.eu\/wp-content\/uploads\/2019\/10\/20191022_140554-Medium-225x300.jpg 225w, https:\/\/sp1.kielce.eu\/wp-content\/uploads\/2019\/10\/20191022_140554-Medium.jpg 768w\" sizes=\"auto, (max-width: 675px) 100vw, 675px\" \/><\/a><figcaption>2<\/figcaption><\/figure><\/li><li class=\"blocks-gallery-item\"><figure><a href=\"http:\/\/sp1.kielce.eu\/wp-content\/uploads\/2019\/10\/20191022_140632-Medium-675x900.jpg\"><img loading=\"lazy\" decoding=\"async\" width=\"675\" height=\"900\" src=\"http:\/\/sp1.kielce.eu\/wp-content\/uploads\/2019\/10\/20191022_140632-Medium-675x900.jpg\" alt=\"\" data-id=\"8351\" data-link=\"http:\/\/sp1.kielce.eu\/?attachment_id=8351\" class=\"wp-image-8351\" srcset=\"https:\/\/sp1.kielce.eu\/wp-content\/uploads\/2019\/10\/20191022_140632-Medium-675x900.jpg 675w, https:\/\/sp1.kielce.eu\/wp-content\/uploads\/2019\/10\/20191022_140632-Medium-225x300.jpg 225w, https:\/\/sp1.kielce.eu\/wp-content\/uploads\/2019\/10\/20191022_140632-Medium.jpg 768w\" sizes=\"auto, (max-width: 675px) 100vw, 675px\" \/><\/a><figcaption>3<\/figcaption><\/figure><\/li><\/ul>\n","protected":false},"excerpt":{"rendered":"<p>Dnia 22 pa\u017adziernika uczniowie klas si\u00f3dmych obejrzeli w sali kongresowej EXBUD-u spektakl teatralny pt.,,Kochaj\u0105c r\u00f3\u017c\u0119&#8221;, [&hellip;]<\/p>\n","protected":false},"author":5,"featured_media":8350,"comment_status":"closed","ping_status":"open","sticky":false,"template":"","format":"standard","meta":{"footnotes":""},"categories":[36,3],"tags":[],"class_list":["post-8348","post","type-post","status-publish","format-standard","has-post-thumbnail","hentry","category-wydarzenia","category-wycieczki"],"_links":{"self":[{"href":"https:\/\/sp1.kielce.eu\/index.php\/wp-json\/wp\/v2\/posts\/8348","targetHints":{"allow":["GET"]}}],"collection":[{"href":"https:\/\/sp1.kielce.eu\/index.php\/wp-json\/wp\/v2\/posts"}],"about":[{"href":"https:\/\/sp1.kielce.eu\/index.php\/wp-json\/wp\/v2\/types\/post"}],"author":[{"embeddable":true,"href":"https:\/\/sp1.kielce.eu\/index.php\/wp-json\/wp\/v2\/users\/5"}],"replies":[{"embeddable":true,"href":"https:\/\/sp1.kielce.eu\/index.php\/wp-json\/wp\/v2\/comments?post=8348"}],"version-history":[{"count":1,"href":"https:\/\/sp1.kielce.eu\/index.php\/wp-json\/wp\/v2\/posts\/8348\/revisions"}],"predecessor-version":[{"id":8352,"href":"https:\/\/sp1.kielce.eu\/index.php\/wp-json\/wp\/v2\/posts\/8348\/revisions\/8352"}],"wp:featuredmedia":[{"embeddable":true,"href":"https:\/\/sp1.kielce.eu\/index.php\/wp-json\/wp\/v2\/media\/8350"}],"wp:attachment":[{"href":"https:\/\/sp1.kielce.eu\/index.php\/wp-json\/wp\/v2\/media?parent=8348"}],"wp:term":[{"taxonomy":"category","embeddable":true,"href":"https:\/\/sp1.kielce.eu\/index.php\/wp-json\/wp\/v2\/categories?post=8348"},{"taxonomy":"post_tag","embeddable":true,"href":"https:\/\/sp1.kielce.eu\/index.php\/wp-json\/wp\/v2\/tags?post=8348"}],"curies":[{"name":"wp","href":"https:\/\/api.w.org\/{rel}","templated":true}]}}