{"id":8013,"date":"2019-10-07T11:46:14","date_gmt":"2019-10-07T09:46:14","guid":{"rendered":"http:\/\/sp1.kielce.eu\/?p=8013"},"modified":"2019-10-07T11:46:14","modified_gmt":"2019-10-07T09:46:14","slug":"uwaga-konkurs","status":"publish","type":"post","link":"https:\/\/sp1.kielce.eu\/index.php\/2019\/10\/07\/uwaga-konkurs\/","title":{"rendered":"Uwaga Konkurs!"},"content":{"rendered":"\n<p><strong>Nasza szko\u0142a przyst\u0105pi\u0142a do konkursu pod nazw\u0105 \u201eTysi\u0105c\npowod\u00f3w by czyta\u0107\u201d, organizowanego przez Ksi\u0119garni\u0119 Empik. <\/strong><\/p>\n\n\n\n<p><strong>Zapraszamy wszystkich ch\u0119tnych do wzi\u0119cia udzia\u0142u<\/strong>.<\/p>\n\n\n\n<p>Konkurs polega na wykonaniu\npracy plastycznej wed\u0142ug nast\u0119puj\u0105cych zasad:<\/p>\n\n\n\n<ol class=\"wp-block-list\"><li>Prac\u0119 tworzy grupa uczni\u00f3w ( 5 os\u00f3b ).<\/li><li>Praca tematycznie nawi\u0105zuje do wybranej lektury  szkolnej.<\/li><li>Nale\u017cy wsp\u00f3lnie w grupie wybra\u0107 scenk\u0119 z danej lektury, do kt\u00f3rej b\u0119dzie wykonana praca.<\/li><li>Dopuszcza si\u0119 dowoln\u0105 technik\u0119 plastyczn\u0105.<\/li><li>Praca plastyczna musi by\u0107 wykonana w formacie pionowym na arkuszu A3.<\/li><li>Do pracy musi by\u0107 do\u0142\u0105czony opis scenki, kt\u00f3ra      zosta\u0142a zilustrowana wraz z wyja\u015bnieniem, dlaczego ta scenka zosta\u0142a      wybrana i co dok\u0142adnie przedstawia ( opis do 500 znak\u00f3w ).<\/li><li>Prace wraz z opisem i wykazem uczni\u00f3w j\u0105  tworz\u0105cych nale\u017cy odda\u0107 do biblioteki szkolnej do 16 pa\u017adziernika 2019 roku.<\/li><\/ol>\n\n\n\n<p>\n\nSpo\u015br\u00f3d\ndostarczonych prac zostanie wybrana przez jury jedna, kt\u00f3ra b\u0119dzie\nreprezentowa\u0107 nasz\u0105 szko\u0142\u0119 na finale konkursu \u201eTysi\u0105c powod\u00f3w by czyta\u0107\u201d,\norganizowanym przez Ksi\u0119garni\u0119 Empik\n\n\n\n<\/p>\n","protected":false},"excerpt":{"rendered":"<p>Nasza szko\u0142a przyst\u0105pi\u0142a do konkursu pod nazw\u0105 \u201eTysi\u0105c powod\u00f3w by czyta\u0107\u201d, organizowanego przez Ksi\u0119garni\u0119 Empik. [&hellip;]<\/p>\n","protected":false},"author":5,"featured_media":8014,"comment_status":"closed","ping_status":"open","sticky":false,"template":"","format":"standard","meta":{"footnotes":""},"categories":[1],"tags":[],"class_list":["post-8013","post","type-post","status-publish","format-standard","has-post-thumbnail","hentry","category-bez-kategorii"],"_links":{"self":[{"href":"https:\/\/sp1.kielce.eu\/index.php\/wp-json\/wp\/v2\/posts\/8013","targetHints":{"allow":["GET"]}}],"collection":[{"href":"https:\/\/sp1.kielce.eu\/index.php\/wp-json\/wp\/v2\/posts"}],"about":[{"href":"https:\/\/sp1.kielce.eu\/index.php\/wp-json\/wp\/v2\/types\/post"}],"author":[{"embeddable":true,"href":"https:\/\/sp1.kielce.eu\/index.php\/wp-json\/wp\/v2\/users\/5"}],"replies":[{"embeddable":true,"href":"https:\/\/sp1.kielce.eu\/index.php\/wp-json\/wp\/v2\/comments?post=8013"}],"version-history":[{"count":1,"href":"https:\/\/sp1.kielce.eu\/index.php\/wp-json\/wp\/v2\/posts\/8013\/revisions"}],"predecessor-version":[{"id":8015,"href":"https:\/\/sp1.kielce.eu\/index.php\/wp-json\/wp\/v2\/posts\/8013\/revisions\/8015"}],"wp:featuredmedia":[{"embeddable":true,"href":"https:\/\/sp1.kielce.eu\/index.php\/wp-json\/wp\/v2\/media\/8014"}],"wp:attachment":[{"href":"https:\/\/sp1.kielce.eu\/index.php\/wp-json\/wp\/v2\/media?parent=8013"}],"wp:term":[{"taxonomy":"category","embeddable":true,"href":"https:\/\/sp1.kielce.eu\/index.php\/wp-json\/wp\/v2\/categories?post=8013"},{"taxonomy":"post_tag","embeddable":true,"href":"https:\/\/sp1.kielce.eu\/index.php\/wp-json\/wp\/v2\/tags?post=8013"}],"curies":[{"name":"wp","href":"https:\/\/api.w.org\/{rel}","templated":true}]}}