{"id":7783,"date":"2019-10-02T10:35:04","date_gmt":"2019-10-02T08:35:04","guid":{"rendered":"http:\/\/sp1.kielce.eu\/?p=7783"},"modified":"2019-10-02T10:35:04","modified_gmt":"2019-10-02T08:35:04","slug":"wycieczka-do-ojcowskiego-parku-narodowego","status":"publish","type":"post","link":"https:\/\/sp1.kielce.eu\/index.php\/2019\/10\/02\/wycieczka-do-ojcowskiego-parku-narodowego\/","title":{"rendered":"Wycieczka do Ojcowskiego Parku Narodowego."},"content":{"rendered":"\n<p>Dnia\n27.09.2019r. klasy 7a i 7b wraz z wychowawczyniami &#8211; p. Ann\u0105 Buck\u0105 i p. Barbar\u0105\nWojtyniak oraz p. \u0141ukaszem Kurkiem-nauczycielem wychowania fizycznego wybra\u0142y\nsi\u0119 do Ojcowskiego Parku Narodowego.<\/p>\n\n\n\n<p>Pierwszym\npunktem wycieczki by\u0142a Pieskowa Ska\u0142a, gdzie podziwiali\u015bmy Maczug\u0119 Herkulesa, a\nnast\u0119pnie zwiedzali\u015bmy Zamek-renesansow\u0105 rezydencj\u0119 z arkadowymi kru\u017cgankami.\nNast\u0119pnie udali\u015bmy si\u0119 do Ojcowa, gdzie zobaczyli\u015bmy Bram\u0119 Krakowsk\u0105 i \u0179r\u00f3de\u0142ko\nMi\u0142o\u015bci. Wspomina\u0107 b\u0119dziemy na pewno wizyt\u0119 w Jaskini Ciemnej, gdzie- jak sama\nnazwa wskazuje- jest bardzo ciemno. Musieli\u015bmy porusza\u0107 si\u0119 bardzo powoli,\nprzy\u015bwiecaj\u0105c sobie \u015bwiat\u0142em \u015bwiec.<\/p>\n\n\n\n<p>Ostatnim\npunktem programu by\u0142o Muzeum Ojcowskiego Parku Narodowego. Obejrzeli\u015bmy film w\ntechnologii 3D pokazuj\u0105cy tworzenie si\u0119 Doliny Pr\u0105dnika.Zobaczyli\u015bmy poza tym\nwiele eksponat\u00f3w geologicznych i paleontologicznych, rekonstrukcj\u0119 jaskini,\nmakiet\u0119 Ojcowskiego Parku Narodowego, a tak\u017ce dioram\u0119 przedstawiaj\u0105c\u0105\n\u015brodowiska charakterystyczne dla Parku Ojcowskiego wraz z wybranymi\nprzedstawicielami ro\u015blin i zwierz\u0105t.<\/p>\n\n\n\n<p>Wycieczka\nby\u0142a naprawd\u0119 super . Humory dopisa\u0142y, pogoda r\u00f3wnie\u017c.<\/p>\n\n\n\n<p>Czekamy na\nnast\u0119pne wyjazdy.<\/p>\n\n\n\n<p>&nbsp;&nbsp;&nbsp;&nbsp;&nbsp;&nbsp;&nbsp;&nbsp;&nbsp;&nbsp;&nbsp;&nbsp;&nbsp;&nbsp;&nbsp;&nbsp;&nbsp;&nbsp;&nbsp;&nbsp;&nbsp;&nbsp;&nbsp;&nbsp;&nbsp;&nbsp;&nbsp;&nbsp;&nbsp;&nbsp;&nbsp;&nbsp;&nbsp;&nbsp;&nbsp;&nbsp;&nbsp;&nbsp;&nbsp;&nbsp;&nbsp;&nbsp;&nbsp;&nbsp;&nbsp;&nbsp;&nbsp;&nbsp;&nbsp;&nbsp;&nbsp;&nbsp;&nbsp;&nbsp;&nbsp;&nbsp;&nbsp;&nbsp;&nbsp;&nbsp;&nbsp;&nbsp;&nbsp;&nbsp;&nbsp;&nbsp;&nbsp;&nbsp;&nbsp;&nbsp;&nbsp;&nbsp;\n&nbsp;&nbsp;&nbsp;&nbsp;&nbsp;&nbsp;&nbsp;&nbsp;Barbara Wojtyniak<\/p>\n\n\n\n<p>&nbsp;&nbsp;&nbsp;&nbsp;&nbsp;&nbsp;&nbsp;&nbsp;&nbsp;&nbsp;&nbsp;&nbsp;&nbsp;&nbsp;&nbsp;&nbsp;&nbsp;&nbsp;&nbsp;&nbsp;&nbsp;&nbsp;&nbsp;&nbsp;&nbsp;&nbsp;&nbsp;&nbsp;&nbsp;&nbsp;&nbsp;&nbsp;&nbsp;&nbsp;&nbsp;&nbsp;&nbsp;&nbsp;&nbsp;&nbsp;&nbsp;&nbsp;&nbsp;&nbsp;&nbsp;&nbsp;&nbsp;&nbsp;&nbsp;&nbsp;&nbsp;&nbsp;&nbsp;&nbsp;&nbsp;&nbsp;&nbsp;&nbsp;&nbsp;&nbsp;&nbsp;&nbsp;&nbsp;&nbsp;&nbsp;&nbsp;&nbsp;&nbsp;&nbsp;&nbsp;&nbsp;&nbsp;&nbsp;&nbsp;&nbsp;&nbsp;&nbsp;&nbsp;&nbsp;&nbsp;&nbsp;\nAnna Bucka<\/p>\n\n\n\n<ul class=\"wp-block-gallery columns-3 is-cropped wp-block-gallery-1 is-layout-flex wp-block-gallery-is-layout-flex\"><li class=\"blocks-gallery-item\"><figure><a href=\"http:\/\/sp1.kielce.eu\/wp-content\/uploads\/2019\/10\/20190927_100922-Medium.jpg\"><img loading=\"lazy\" decoding=\"async\" width=\"1365\" height=\"768\" src=\"http:\/\/sp1.kielce.eu\/wp-content\/uploads\/2019\/10\/20190927_100922-Medium.jpg\" alt=\"\" data-id=\"7784\" data-link=\"http:\/\/sp1.kielce.eu\/?attachment_id=7784\" class=\"wp-image-7784\" srcset=\"https:\/\/sp1.kielce.eu\/wp-content\/uploads\/2019\/10\/20190927_100922-Medium.jpg 1365w, https:\/\/sp1.kielce.eu\/wp-content\/uploads\/2019\/10\/20190927_100922-Medium-300x169.jpg 300w, https:\/\/sp1.kielce.eu\/wp-content\/uploads\/2019\/10\/20190927_100922-Medium-768x432.jpg 768w, https:\/\/sp1.kielce.eu\/wp-content\/uploads\/2019\/10\/20190927_100922-Medium-820x461.jpg 820w\" sizes=\"auto, (max-width: 1365px) 100vw, 1365px\" \/><\/a><figcaption>1<\/figcaption><\/figure><\/li><li class=\"blocks-gallery-item\"><figure><a href=\"http:\/\/sp1.kielce.eu\/wp-content\/uploads\/2019\/10\/20190927_101129-Medium.jpg\"><img loading=\"lazy\" decoding=\"async\" width=\"1365\" height=\"768\" src=\"http:\/\/sp1.kielce.eu\/wp-content\/uploads\/2019\/10\/20190927_101129-Medium.jpg\" alt=\"\" data-id=\"7785\" data-link=\"http:\/\/sp1.kielce.eu\/?attachment_id=7785\" class=\"wp-image-7785\" srcset=\"https:\/\/sp1.kielce.eu\/wp-content\/uploads\/2019\/10\/20190927_101129-Medium.jpg 1365w, https:\/\/sp1.kielce.eu\/wp-content\/uploads\/2019\/10\/20190927_101129-Medium-300x169.jpg 300w, https:\/\/sp1.kielce.eu\/wp-content\/uploads\/2019\/10\/20190927_101129-Medium-768x432.jpg 768w, https:\/\/sp1.kielce.eu\/wp-content\/uploads\/2019\/10\/20190927_101129-Medium-820x461.jpg 820w\" sizes=\"auto, (max-width: 1365px) 100vw, 1365px\" \/><\/a><figcaption>2<\/figcaption><\/figure><\/li><li class=\"blocks-gallery-item\"><figure><a href=\"http:\/\/sp1.kielce.eu\/wp-content\/uploads\/2019\/10\/20190927_131711-Medium-506x900.jpg\"><img loading=\"lazy\" decoding=\"async\" width=\"506\" height=\"900\" src=\"http:\/\/sp1.kielce.eu\/wp-content\/uploads\/2019\/10\/20190927_131711-Medium-506x900.jpg\" alt=\"\" data-id=\"7786\" data-link=\"http:\/\/sp1.kielce.eu\/?attachment_id=7786\" class=\"wp-image-7786\" srcset=\"https:\/\/sp1.kielce.eu\/wp-content\/uploads\/2019\/10\/20190927_131711-Medium-506x900.jpg 506w, https:\/\/sp1.kielce.eu\/wp-content\/uploads\/2019\/10\/20190927_131711-Medium-169x300.jpg 169w, https:\/\/sp1.kielce.eu\/wp-content\/uploads\/2019\/10\/20190927_131711-Medium.jpg 768w\" sizes=\"auto, (max-width: 506px) 100vw, 506px\" \/><\/a><figcaption>3<\/figcaption><\/figure><\/li><li class=\"blocks-gallery-item\"><figure><a href=\"http:\/\/sp1.kielce.eu\/wp-content\/uploads\/2019\/10\/IMG-20190930-WA00001-Medium.jpg\"><img loading=\"lazy\" decoding=\"async\" width=\"1366\" height=\"768\" src=\"http:\/\/sp1.kielce.eu\/wp-content\/uploads\/2019\/10\/IMG-20190930-WA00001-Medium.jpg\" alt=\"\" data-id=\"7787\" data-link=\"http:\/\/sp1.kielce.eu\/?attachment_id=7787\" class=\"wp-image-7787\" srcset=\"https:\/\/sp1.kielce.eu\/wp-content\/uploads\/2019\/10\/IMG-20190930-WA00001-Medium.jpg 1366w, https:\/\/sp1.kielce.eu\/wp-content\/uploads\/2019\/10\/IMG-20190930-WA00001-Medium-300x169.jpg 300w, https:\/\/sp1.kielce.eu\/wp-content\/uploads\/2019\/10\/IMG-20190930-WA00001-Medium-768x432.jpg 768w, https:\/\/sp1.kielce.eu\/wp-content\/uploads\/2019\/10\/IMG-20190930-WA00001-Medium-820x461.jpg 820w\" sizes=\"auto, (max-width: 1366px) 100vw, 1366px\" \/><\/a><figcaption>4<\/figcaption><\/figure><\/li><li class=\"blocks-gallery-item\"><figure><a href=\"http:\/\/sp1.kielce.eu\/wp-content\/uploads\/2019\/10\/IMG-20190930-WA00011-Medium.jpg\"><img loading=\"lazy\" decoding=\"async\" width=\"1366\" height=\"768\" src=\"http:\/\/sp1.kielce.eu\/wp-content\/uploads\/2019\/10\/IMG-20190930-WA00011-Medium.jpg\" alt=\"\" data-id=\"7788\" data-link=\"http:\/\/sp1.kielce.eu\/?attachment_id=7788\" class=\"wp-image-7788\" srcset=\"https:\/\/sp1.kielce.eu\/wp-content\/uploads\/2019\/10\/IMG-20190930-WA00011-Medium.jpg 1366w, https:\/\/sp1.kielce.eu\/wp-content\/uploads\/2019\/10\/IMG-20190930-WA00011-Medium-300x169.jpg 300w, https:\/\/sp1.kielce.eu\/wp-content\/uploads\/2019\/10\/IMG-20190930-WA00011-Medium-768x432.jpg 768w, https:\/\/sp1.kielce.eu\/wp-content\/uploads\/2019\/10\/IMG-20190930-WA00011-Medium-820x461.jpg 820w\" sizes=\"auto, (max-width: 1366px) 100vw, 1366px\" \/><\/a><figcaption>5<\/figcaption><\/figure><\/li><li class=\"blocks-gallery-item\"><figure><a href=\"http:\/\/sp1.kielce.eu\/wp-content\/uploads\/2019\/10\/IMG-20190930-WA00031-Medium.jpg\"><img loading=\"lazy\" decoding=\"async\" width=\"1366\" height=\"768\" src=\"http:\/\/sp1.kielce.eu\/wp-content\/uploads\/2019\/10\/IMG-20190930-WA00031-Medium.jpg\" alt=\"\" data-id=\"7789\" data-link=\"http:\/\/sp1.kielce.eu\/?attachment_id=7789\" class=\"wp-image-7789\" srcset=\"https:\/\/sp1.kielce.eu\/wp-content\/uploads\/2019\/10\/IMG-20190930-WA00031-Medium.jpg 1366w, https:\/\/sp1.kielce.eu\/wp-content\/uploads\/2019\/10\/IMG-20190930-WA00031-Medium-300x169.jpg 300w, https:\/\/sp1.kielce.eu\/wp-content\/uploads\/2019\/10\/IMG-20190930-WA00031-Medium-768x432.jpg 768w, https:\/\/sp1.kielce.eu\/wp-content\/uploads\/2019\/10\/IMG-20190930-WA00031-Medium-820x461.jpg 820w\" sizes=\"auto, (max-width: 1366px) 100vw, 1366px\" \/><\/a><figcaption>6<\/figcaption><\/figure><\/li><li class=\"blocks-gallery-item\"><figure><a href=\"http:\/\/sp1.kielce.eu\/wp-content\/uploads\/2019\/10\/IMG-20190930-WA00041-Medium-506x900.jpg\"><img loading=\"lazy\" decoding=\"async\" width=\"506\" height=\"900\" src=\"http:\/\/sp1.kielce.eu\/wp-content\/uploads\/2019\/10\/IMG-20190930-WA00041-Medium-506x900.jpg\" alt=\"\" data-id=\"7790\" data-link=\"http:\/\/sp1.kielce.eu\/?attachment_id=7790\" class=\"wp-image-7790\" srcset=\"https:\/\/sp1.kielce.eu\/wp-content\/uploads\/2019\/10\/IMG-20190930-WA00041-Medium-506x900.jpg 506w, https:\/\/sp1.kielce.eu\/wp-content\/uploads\/2019\/10\/IMG-20190930-WA00041-Medium-169x300.jpg 169w, https:\/\/sp1.kielce.eu\/wp-content\/uploads\/2019\/10\/IMG-20190930-WA00041-Medium.jpg 768w\" sizes=\"auto, (max-width: 506px) 100vw, 506px\" \/><\/a><figcaption>7<\/figcaption><\/figure><\/li><\/ul>\n","protected":false},"excerpt":{"rendered":"<p>Dnia 27.09.2019r. klasy 7a i 7b wraz z wychowawczyniami &#8211; p. Ann\u0105 Buck\u0105 i p. [&hellip;]<\/p>\n","protected":false},"author":5,"featured_media":7789,"comment_status":"closed","ping_status":"open","sticky":false,"template":"","format":"standard","meta":{"footnotes":""},"categories":[36],"tags":[],"class_list":["post-7783","post","type-post","status-publish","format-standard","has-post-thumbnail","hentry","category-wydarzenia"],"_links":{"self":[{"href":"https:\/\/sp1.kielce.eu\/index.php\/wp-json\/wp\/v2\/posts\/7783","targetHints":{"allow":["GET"]}}],"collection":[{"href":"https:\/\/sp1.kielce.eu\/index.php\/wp-json\/wp\/v2\/posts"}],"about":[{"href":"https:\/\/sp1.kielce.eu\/index.php\/wp-json\/wp\/v2\/types\/post"}],"author":[{"embeddable":true,"href":"https:\/\/sp1.kielce.eu\/index.php\/wp-json\/wp\/v2\/users\/5"}],"replies":[{"embeddable":true,"href":"https:\/\/sp1.kielce.eu\/index.php\/wp-json\/wp\/v2\/comments?post=7783"}],"version-history":[{"count":1,"href":"https:\/\/sp1.kielce.eu\/index.php\/wp-json\/wp\/v2\/posts\/7783\/revisions"}],"predecessor-version":[{"id":7791,"href":"https:\/\/sp1.kielce.eu\/index.php\/wp-json\/wp\/v2\/posts\/7783\/revisions\/7791"}],"wp:featuredmedia":[{"embeddable":true,"href":"https:\/\/sp1.kielce.eu\/index.php\/wp-json\/wp\/v2\/media\/7789"}],"wp:attachment":[{"href":"https:\/\/sp1.kielce.eu\/index.php\/wp-json\/wp\/v2\/media?parent=7783"}],"wp:term":[{"taxonomy":"category","embeddable":true,"href":"https:\/\/sp1.kielce.eu\/index.php\/wp-json\/wp\/v2\/categories?post=7783"},{"taxonomy":"post_tag","embeddable":true,"href":"https:\/\/sp1.kielce.eu\/index.php\/wp-json\/wp\/v2\/tags?post=7783"}],"curies":[{"name":"wp","href":"https:\/\/api.w.org\/{rel}","templated":true}]}}