{"id":7664,"date":"2019-09-27T16:05:11","date_gmt":"2019-09-27T14:05:11","guid":{"rendered":"http:\/\/sp1.kielce.eu\/?p=7664"},"modified":"2020-01-19T22:07:06","modified_gmt":"2020-01-19T21:07:06","slug":"narodowe-czytanie-8-lektur-na-osme","status":"publish","type":"post","link":"https:\/\/sp1.kielce.eu\/index.php\/2019\/09\/27\/narodowe-czytanie-8-lektur-na-osme\/","title":{"rendered":"&#8222;Narodowe Czytanie&#8221;"},"content":{"rendered":"\n<p><strong>Narodowe Czytanie ,,Katarynki\u201d Boles\u0142awa\nPrusa<\/strong><\/p>\n\n\n\n<p><em>,, Czytanie to najpi\u0119kniejsza zabawa, jak\u0105\nsobie ludzko\u015b\u0107 wymy\u015bli\u0142a\u201d<\/em> &nbsp;&nbsp;\/Wis\u0142awa\nSzymborska\/<\/p>\n\n\n\n<p>&nbsp;&nbsp;&nbsp;&nbsp;&nbsp;&nbsp;&nbsp;&nbsp;&nbsp;&nbsp;&nbsp; W dniu 26.09.2019 r. odby\u0142o si\u0119 u\nnas g\u0142o\u015bne czytanie ,,Katarynki\u201d Boles\u0142awa Prusa w ramach og\u00f3lnopolskiej akcji\n,,Narodowe Czytanie\u201d pod patronatem Prezydenta RP \u2013 Andrzeja Dudy. Inicjatywa\nby\u0142a tak\u017ce zwi\u0105zana ze zbli\u017caj\u0105cym si\u0119 Og\u00f3lnopolskim Dniem G\u0142o\u015bnego\nCzytania.&nbsp; W tym roku Para Prezydencka\ndokona\u0142a wyboru o\u015bmiu nowel, kt\u00f3rych, jak czytamy &nbsp;w specjalnym li\u015bcie Prezydenta RP, ,,wsp\u00f3lnym\nmianownikiem jest polsko\u015b\u0107 w po\u0142\u0105czeniu z tre\u015bciami uniwersalnymi, refleksj\u0105\nnad cz\u0142owiekiem i spo\u0142ecze\u0144stwem.(\u2026)\u201d<\/p>\n\n\n\n<p>&nbsp;&nbsp;&nbsp;&nbsp;&nbsp;&nbsp;&nbsp;&nbsp;&nbsp;&nbsp;&nbsp; Spo\u015br\u00f3d zaproponowanych przez Par\u0119\nPrezydenck\u0105 nowel, wybrali\u015bmy ,,Katarynk\u0119\u201d Boles\u0142awa Prusa, kt\u00f3r\u0105 odczytali\u015bmy\nw kameralnej scenerii wsp\u00f3lnie z zaproszonymi go\u015b\u0107mi, nauczycielami, uczniami i\nrodzicami. Jeden z\nfragment\u00f3w zosta\u0142 odczytany alfabetem Braille&#8217;a, co by\u0142o nawi\u0105zaniem do tre\u015bci\nutworu. W akcji wzi\u0119li udzia\u0142 przedstawiciele r\u00f3\u017cnych \u015brodowisk: Wicemarsza\u0142ek\nWojew\u00f3dztwa \u015awi\u0119tokrzyskiego &#8211; Pani Renata Janik, Wiceprezydent Kielc &#8211; Pan\nMarcin R\u00f3\u017cycki, Dyrektor Kancelarii Prezydenta Kielc \u2013 Pan S\u0142awomir Stachura,\naktor&nbsp; z Teatru ,,Kubu\u015b\u201d \u2013 Pan B\u0142a\u017cej Twarowski,\nprzedstawiciel Polskiego Zwi\u0105zku Niewidomych \u2013 Pan Piotr Franiek, Zawodnik\nKorony Kielce \u2013 Pan Jakub \u017bubrowski, Zast\u0119pca Prezesa Sp\u00f3\u0142dzielni Mieszkaniowej\n,,Bocianek\u201d \u2013 Pan Pawe\u0142 Kubicki, Przedstawiciel Rady Rodzic\u00f3w SP nr 1 &#8211; Pani\nDorota Hlebicka\u2013 J\u00f3zefowicz oraz nauczyciele: Pani Barbara Wojtyniak, Pan\nPatryk Kozie\u0142 i uczniowie: &nbsp;Mi\u0142a\nStarodub, Cezary Kromer oraz Igor Myszko. &nbsp;Wszyscy lektorzy przepi\u0119knie zinterpretowali\ntekst. Ka\u017cde wyst\u0105pienie budzi\u0142o ogromne emocje.&nbsp; Scenka przygotowana przez naszych nauczycieli\ni uczni\u00f3w, utrzymana w stylu dziewi\u0119tnastowiecznym, niezwykle wzruszy\u0142a\ns\u0142uchaczy. <\/p>\n\n\n\n<p>&nbsp;&nbsp;&nbsp;&nbsp;&nbsp;&nbsp;&nbsp;&nbsp;&nbsp;&nbsp;&nbsp;&nbsp; Akcja by\u0142a skierowana do klas 4-\n6, dla kt\u00f3rych ,,Katarynka\u201d jest lektur\u0105 obowi\u0105zkow\u0105. Dzieci wys\u0142ucha\u0142y tekstu,\nsiedz\u0105c na kolorowych poduszkach. Atmosfera panuj\u0105ca podczas czytania sprawi\u0142a,\n\u017ce ka\u017cdy m\u00f3g\u0142 poczu\u0107 si\u0119 jak w domu. Prezentuj\u0105c&nbsp; utw\u00f3r, starali\u015bmy si\u0119 pokaza\u0107, \u017ce jego wymowa jest ponadczasowa. To nowela, kt\u00f3ra\nzwraca uwag\u0119 na sytuacj\u0119 niewidomego dziecka. Jest dla nas wsp\u00f3\u0142czesnych &#8211; nieustaj\u0105c\u0105\nlekcj\u0105 tolerancji. Gdyby\u015bmy tak jak pan Tomasz, zauwa\u017cyli wok\u00f3\u0142 siebie ludzi\npotrzebuj\u0105cych pomocy, \u015bwiat sta\u0142by si\u0119 lepszy. Recytacja wiersza Jana\nTwardowskiego pt. ,,Sprawiedliwo\u015b\u0107\u201d w interpretacji Mi\u0142y Starodub\nu\u015bwiadomi\u0142a&nbsp; nam, \u017ce ka\u017cdy cz\u0142owiek jest\npotrzebny, natomiast piosenka Stanis\u0142awa Soyki pt. ,,Tolerancja\u201d w wykonaniu\nEwy Hlebickiej \u2013 J\u00f3zefowicz i Laury Sztuk by\u0142a przepi\u0119kn\u0105 refleksj\u0105, \u017ce warto\nby\u0107 ponad podzia\u0142ami. Nasza akcja to dow\u00f3d na to, \u017ce czytanie ma uniwersaln\u0105\nwarto\u015b\u0107, \u0142\u0105czy pokolenia. Na zako\u0144czenie &nbsp;go\u015bcie z\u0142o\u017cyli pami\u0105tkowy wpis do Kroniki\nSzko\u0142y. <\/p>\n\n\n\n<p>Serdecznie dzi\u0119kujemy naszym go\u015bciom,\nnauczycielom, rodzicom oraz uczniom za udzia\u0142 w akcji. <\/p>\n\n\n\n<p>&nbsp;&nbsp;&nbsp;&nbsp;&nbsp;&nbsp;&nbsp;&nbsp;&nbsp;&nbsp;&nbsp;&nbsp;&nbsp;&nbsp;&nbsp;&nbsp;&nbsp;&nbsp;&nbsp;&nbsp;&nbsp;&nbsp;&nbsp;&nbsp;&nbsp;&nbsp;&nbsp;&nbsp;&nbsp;&nbsp;&nbsp;&nbsp;&nbsp;&nbsp;&nbsp;&nbsp;&nbsp;&nbsp;&nbsp;&nbsp;&nbsp;&nbsp;&nbsp;&nbsp;&nbsp;&nbsp;&nbsp;\n&nbsp;&nbsp;&nbsp;&nbsp;&nbsp;&nbsp;&nbsp;&nbsp;&nbsp;&nbsp;&nbsp;&nbsp;&nbsp;&nbsp;&nbsp;&nbsp;&nbsp;&nbsp;&nbsp;&nbsp;&nbsp;&nbsp;&nbsp;&nbsp;&nbsp;&nbsp;&nbsp;&nbsp;&nbsp;&nbsp;&nbsp;&nbsp;&nbsp;&nbsp;&nbsp;&nbsp;&nbsp;&nbsp;&nbsp;&nbsp;&nbsp;&nbsp;&nbsp;&nbsp;&nbsp;&nbsp;&nbsp;&nbsp;&nbsp;&nbsp;&nbsp;&nbsp;&nbsp;&nbsp;&nbsp;&nbsp;&nbsp;&nbsp;&nbsp;&nbsp;&nbsp;&nbsp;&nbsp;&nbsp;&nbsp;&nbsp;&nbsp;&nbsp;&nbsp;&nbsp;&nbsp;&nbsp;&nbsp;&nbsp;&nbsp;&nbsp;&nbsp;&nbsp;&nbsp;&nbsp;&nbsp;&nbsp;&nbsp;&nbsp;&nbsp;&nbsp;&nbsp;&nbsp;&nbsp;&nbsp;&nbsp;&nbsp;&nbsp;&nbsp;&nbsp;&nbsp;&nbsp;&nbsp;Organizatorzy\n<\/p>\n\n\n\n<p style=\"text-align:right\">&nbsp;&nbsp;&nbsp;&nbsp;&nbsp;&nbsp;&nbsp;&nbsp;&nbsp;&nbsp;&nbsp;&nbsp;&nbsp;&nbsp;&nbsp;&nbsp;&nbsp;&nbsp;&nbsp;&nbsp;&nbsp;&nbsp;&nbsp;&nbsp;&nbsp;&nbsp;&nbsp;&nbsp;&nbsp; &nbsp;&nbsp;&nbsp;&nbsp;&nbsp;&nbsp;&nbsp;&nbsp;&nbsp;&nbsp;&nbsp;&nbsp;&nbsp;&nbsp;&nbsp;&nbsp;&nbsp;scenariusz- Dorota Broni\u015b<\/p>\n\n\n\n<p style=\"text-align:right\">&nbsp;&nbsp;&nbsp;&nbsp;&nbsp;&nbsp;&nbsp;&nbsp;&nbsp;&nbsp;&nbsp;&nbsp;&nbsp;&nbsp;&nbsp;&nbsp;&nbsp;&nbsp;&nbsp;&nbsp;&nbsp;&nbsp;&nbsp;&nbsp;&nbsp;&nbsp;&nbsp;&nbsp;&nbsp;&nbsp;&nbsp;&nbsp;&nbsp;&nbsp;&nbsp;&nbsp;&nbsp;&nbsp;&nbsp;&nbsp;&nbsp;&nbsp;&nbsp;&nbsp;&nbsp;&nbsp;&nbsp;&nbsp;&nbsp;&nbsp;&nbsp;&nbsp;&nbsp;&nbsp;&nbsp;&nbsp;&nbsp;&nbsp;&nbsp;&nbsp;\nBiblioteka Szkolna- Renata Kozie\u0142<\/p>\n\n\n\n<p style=\"text-align:right\">oprawa medialna: Ewa\nStachura<\/p>\n\n\n\n<p style=\"text-align:right\">&nbsp;&nbsp;&nbsp;&nbsp;&nbsp;&nbsp;&nbsp;&nbsp;&nbsp;&nbsp;&nbsp;&nbsp;&nbsp;&nbsp;&nbsp;&nbsp;&nbsp;&nbsp;&nbsp;&nbsp;&nbsp;&nbsp;&nbsp;&nbsp;&nbsp;&nbsp;&nbsp;&nbsp;&nbsp;&nbsp;&nbsp;&nbsp;&nbsp;&nbsp;&nbsp;&nbsp;&nbsp;&nbsp;&nbsp;&nbsp;&nbsp;&nbsp;&nbsp;&nbsp;&nbsp;&nbsp;&nbsp;&nbsp;&nbsp;&nbsp;&nbsp;&nbsp;&nbsp;&nbsp;&nbsp;&nbsp;&nbsp;&nbsp;&nbsp; &nbsp;&nbsp;&nbsp;&nbsp;&nbsp;&nbsp;&nbsp;&nbsp;&nbsp;&nbsp;&nbsp;&nbsp;&nbsp;&nbsp;&nbsp;&nbsp;&nbsp;&nbsp;&nbsp;&nbsp;&nbsp;&nbsp;&nbsp;&nbsp;&nbsp;&nbsp;&nbsp;&nbsp;&nbsp;&nbsp;&nbsp;oprawa plastyczna:<\/p>\n\n\n\n<p style=\"text-align:right\"> Anna Materny, Aneta Trzci\u0144ska <\/p>\n\n\n\n<p style=\"text-align:right\">&nbsp;&nbsp;&nbsp;&nbsp;&nbsp;&nbsp;&nbsp;&nbsp;&nbsp;&nbsp;&nbsp;&nbsp;&nbsp;&nbsp;&nbsp;&nbsp;&nbsp;&nbsp;&nbsp;&nbsp;&nbsp;&nbsp;&nbsp;&nbsp;&nbsp;&nbsp;&nbsp;&nbsp;&nbsp;&nbsp;&nbsp;&nbsp;&nbsp;&nbsp;&nbsp;&nbsp;&nbsp;&nbsp;&nbsp;&nbsp;&nbsp;&nbsp;&nbsp;&nbsp;&nbsp;&nbsp;&nbsp;&nbsp;&nbsp;&nbsp;&nbsp;&nbsp;&nbsp;&nbsp;&nbsp;&nbsp;&nbsp;&nbsp;&nbsp;\n&nbsp;&nbsp;&nbsp;&nbsp;&nbsp;&nbsp;&nbsp;oprawa muzyczna: El\u017cbieta\nLitwinek <\/p>\n\n\n\n<figure class=\"wp-block-embed-youtube wp-block-embed is-type-video is-provider-youtube wp-embed-aspect-16-9 wp-has-aspect-ratio\"><div class=\"wp-block-embed__wrapper\">\n<iframe loading=\"lazy\" title=\"Osiem lektur na \u00f3sme #NarodoweCzytanie\" width=\"1160\" height=\"653\" src=\"https:\/\/www.youtube.com\/embed\/pk9bidUd8rs?feature=oembed\" frameborder=\"0\" allow=\"accelerometer; autoplay; encrypted-media; gyroscope; picture-in-picture\" allowfullscreen><\/iframe>\n<\/div><\/figure>\n\n\n\n<p>Media o nas: <\/p>\n\n\n\n<p> Kancelaria Prezydenta RP <a href=\"https:\/\/www.prezydent.pl\/kancelaria\/narodowe-czytanie\/narodowe-czytanie-2019\/\">kliknij<\/a><\/p>\n\n\n\n<p>Urz\u0105d Miasta Kielce <\/p>\n\n\n\n<p><a href=\"http:\/\/www.um.kielce.pl\/biuro-prasowe\/aktualnosci\/art,21303,narodowe-czytanie-nowele-polskie.html\">kliknij<\/a><\/p>\n\n\n\n<figure class=\"wp-block-embed-youtube wp-block-embed is-type-video is-provider-youtube wp-embed-aspect-16-9 wp-has-aspect-ratio\"><div class=\"wp-block-embed__wrapper\">\n<iframe loading=\"lazy\" title=\"Narodowe Czytanie  - Nowele polskie  - ITV Kielce\" width=\"1160\" height=\"653\" src=\"https:\/\/www.youtube.com\/embed\/DO-u1u965ZI?feature=oembed\" frameborder=\"0\" allow=\"accelerometer; autoplay; encrypted-media; gyroscope; picture-in-picture\" allowfullscreen><\/iframe>\n<\/div><\/figure>\n\n\n\n<p>Kielce Nasze Miasto <\/p>\n\n\n\n<p><a href=\"https:\/\/kielce.naszemiasto.pl\/znani-czytali-katarynke-w-szkole-podstawowej-numer-1-w\/ar\/c1-7354867\">kliknij<\/a><\/p>\n\n\n\n<p>Korona Kielce<\/p>\n\n\n\n<p><a href=\"http:\/\/korona-kielce.pl\/artykuly\/2019\/68263-jakub-zubrowski-gosciem-narodowego-czytania\/\"> <\/a><a href=\"http:\/\/korona-kielce.pl\/artykuly\/2019\/68263-jakub-zubrowski-gosciem-narodowego-czytaniahttps:\/\/youtu.be\/pk9bidUd8rs\"><a href=\"http:\/\/korona-kielce.pl\/artykuly\/2019\/68263-jakub-zubrowski-gosciem-narodowego-czytania\/\">http:\/\/korona-kielce.pl\/artykuly\/2019\/68263-jakub-zubrowski-gosciem-narodowego-czytaniahttps:\/\/youtu.be\/pk9bidUd8rs<\/a><\/a><\/p>\n\n\n\n<p>FB Miasta Kielce <a href=\"https:\/\/m.facebook.com\/story.php?story_fbid=2211709102455182&amp;id=2029898670636227\">kliknij<\/a><\/p>\n\n\n\n<p>FB Urz\u0119du Marsza\u0142kowskiego Wojew\u00f3dztwa \u015awi\u0119tokrzyskiego <a href=\"https:\/\/m.facebook.com\/story.php?story_fbid=3021429721231879&amp;id=172845796090300\">kliknij<\/a><\/p>\n\n\n\n<ul class=\"wp-block-gallery columns-3 is-cropped wp-block-gallery-1 is-layout-flex wp-block-gallery-is-layout-flex\"><li class=\"blocks-gallery-item\"><figure><a href=\"http:\/\/sp1.kielce.eu\/wp-content\/uploads\/2019\/09\/DSC_9456_wm-Medium.jpg\"><img loading=\"lazy\" decoding=\"async\" width=\"1207\" height=\"768\" src=\"http:\/\/sp1.kielce.eu\/wp-content\/uploads\/2019\/09\/DSC_9456_wm-Medium.jpg\" alt=\"\" data-id=\"7665\" data-link=\"http:\/\/sp1.kielce.eu\/?attachment_id=7665\" class=\"wp-image-7665\" srcset=\"https:\/\/sp1.kielce.eu\/wp-content\/uploads\/2019\/09\/DSC_9456_wm-Medium.jpg 1207w, https:\/\/sp1.kielce.eu\/wp-content\/uploads\/2019\/09\/DSC_9456_wm-Medium-300x191.jpg 300w, https:\/\/sp1.kielce.eu\/wp-content\/uploads\/2019\/09\/DSC_9456_wm-Medium-768x489.jpg 768w, https:\/\/sp1.kielce.eu\/wp-content\/uploads\/2019\/09\/DSC_9456_wm-Medium-820x522.jpg 820w\" sizes=\"auto, (max-width: 1207px) 100vw, 1207px\" \/><\/a><figcaption>1<\/figcaption><\/figure><\/li><li class=\"blocks-gallery-item\"><figure><a href=\"http:\/\/sp1.kielce.eu\/wp-content\/uploads\/2019\/09\/DSC_9459_wm_wm-Medium.jpg\"><img loading=\"lazy\" decoding=\"async\" width=\"1366\" height=\"749\" src=\"http:\/\/sp1.kielce.eu\/wp-content\/uploads\/2019\/09\/DSC_9459_wm_wm-Medium.jpg\" alt=\"\" data-id=\"7666\" data-link=\"http:\/\/sp1.kielce.eu\/?attachment_id=7666\" class=\"wp-image-7666\" srcset=\"https:\/\/sp1.kielce.eu\/wp-content\/uploads\/2019\/09\/DSC_9459_wm_wm-Medium.jpg 1366w, https:\/\/sp1.kielce.eu\/wp-content\/uploads\/2019\/09\/DSC_9459_wm_wm-Medium-300x164.jpg 300w, https:\/\/sp1.kielce.eu\/wp-content\/uploads\/2019\/09\/DSC_9459_wm_wm-Medium-768x421.jpg 768w, https:\/\/sp1.kielce.eu\/wp-content\/uploads\/2019\/09\/DSC_9459_wm_wm-Medium-820x450.jpg 820w\" sizes=\"auto, (max-width: 1366px) 100vw, 1366px\" \/><\/a><figcaption>2<\/figcaption><\/figure><\/li><li class=\"blocks-gallery-item\"><figure><a href=\"http:\/\/sp1.kielce.eu\/wp-content\/uploads\/2019\/09\/DSC_9460_wm-Medium.jpg\"><img loading=\"lazy\" decoding=\"async\" width=\"1071\" height=\"768\" src=\"http:\/\/sp1.kielce.eu\/wp-content\/uploads\/2019\/09\/DSC_9460_wm-Medium.jpg\" alt=\"\" data-id=\"7667\" data-link=\"http:\/\/sp1.kielce.eu\/?attachment_id=7667\" class=\"wp-image-7667\" srcset=\"https:\/\/sp1.kielce.eu\/wp-content\/uploads\/2019\/09\/DSC_9460_wm-Medium.jpg 1071w, https:\/\/sp1.kielce.eu\/wp-content\/uploads\/2019\/09\/DSC_9460_wm-Medium-300x215.jpg 300w, https:\/\/sp1.kielce.eu\/wp-content\/uploads\/2019\/09\/DSC_9460_wm-Medium-768x551.jpg 768w, https:\/\/sp1.kielce.eu\/wp-content\/uploads\/2019\/09\/DSC_9460_wm-Medium-820x588.jpg 820w\" sizes=\"auto, (max-width: 1071px) 100vw, 1071px\" \/><\/a><figcaption>3<\/figcaption><\/figure><\/li><li class=\"blocks-gallery-item\"><figure><a href=\"http:\/\/sp1.kielce.eu\/wp-content\/uploads\/2019\/09\/DSC_9461_wm-Medium.jpg\"><img loading=\"lazy\" decoding=\"async\" width=\"1131\" height=\"768\" src=\"http:\/\/sp1.kielce.eu\/wp-content\/uploads\/2019\/09\/DSC_9461_wm-Medium.jpg\" alt=\"\" data-id=\"7668\" data-link=\"http:\/\/sp1.kielce.eu\/?attachment_id=7668\" class=\"wp-image-7668\" srcset=\"https:\/\/sp1.kielce.eu\/wp-content\/uploads\/2019\/09\/DSC_9461_wm-Medium.jpg 1131w, https:\/\/sp1.kielce.eu\/wp-content\/uploads\/2019\/09\/DSC_9461_wm-Medium-300x204.jpg 300w, https:\/\/sp1.kielce.eu\/wp-content\/uploads\/2019\/09\/DSC_9461_wm-Medium-768x522.jpg 768w, https:\/\/sp1.kielce.eu\/wp-content\/uploads\/2019\/09\/DSC_9461_wm-Medium-820x557.jpg 820w\" sizes=\"auto, (max-width: 1131px) 100vw, 1131px\" \/><\/a><figcaption>4<\/figcaption><\/figure><\/li><li class=\"blocks-gallery-item\"><figure><a href=\"http:\/\/sp1.kielce.eu\/wp-content\/uploads\/2019\/09\/DSC_9463_wm-Medium.jpg\"><img loading=\"lazy\" decoding=\"async\" width=\"1156\" height=\"768\" src=\"http:\/\/sp1.kielce.eu\/wp-content\/uploads\/2019\/09\/DSC_9463_wm-Medium.jpg\" alt=\"\" data-id=\"7669\" data-link=\"http:\/\/sp1.kielce.eu\/?attachment_id=7669\" class=\"wp-image-7669\" srcset=\"https:\/\/sp1.kielce.eu\/wp-content\/uploads\/2019\/09\/DSC_9463_wm-Medium.jpg 1156w, https:\/\/sp1.kielce.eu\/wp-content\/uploads\/2019\/09\/DSC_9463_wm-Medium-300x199.jpg 300w, https:\/\/sp1.kielce.eu\/wp-content\/uploads\/2019\/09\/DSC_9463_wm-Medium-768x510.jpg 768w, https:\/\/sp1.kielce.eu\/wp-content\/uploads\/2019\/09\/DSC_9463_wm-Medium-600x400.jpg 600w, https:\/\/sp1.kielce.eu\/wp-content\/uploads\/2019\/09\/DSC_9463_wm-Medium-820x545.jpg 820w\" sizes=\"auto, (max-width: 1156px) 100vw, 1156px\" \/><\/a><figcaption>5<\/figcaption><\/figure><\/li><li class=\"blocks-gallery-item\"><figure><a href=\"http:\/\/sp1.kielce.eu\/wp-content\/uploads\/2019\/09\/DSC_9465_wm-Medium.jpg\"><img loading=\"lazy\" decoding=\"async\" width=\"1115\" height=\"768\" src=\"http:\/\/sp1.kielce.eu\/wp-content\/uploads\/2019\/09\/DSC_9465_wm-Medium.jpg\" alt=\"\" data-id=\"7670\" data-link=\"http:\/\/sp1.kielce.eu\/?attachment_id=7670\" class=\"wp-image-7670\" srcset=\"https:\/\/sp1.kielce.eu\/wp-content\/uploads\/2019\/09\/DSC_9465_wm-Medium.jpg 1115w, https:\/\/sp1.kielce.eu\/wp-content\/uploads\/2019\/09\/DSC_9465_wm-Medium-300x207.jpg 300w, https:\/\/sp1.kielce.eu\/wp-content\/uploads\/2019\/09\/DSC_9465_wm-Medium-768x529.jpg 768w, https:\/\/sp1.kielce.eu\/wp-content\/uploads\/2019\/09\/DSC_9465_wm-Medium-820x565.jpg 820w\" sizes=\"auto, (max-width: 1115px) 100vw, 1115px\" \/><\/a><figcaption>6<\/figcaption><\/figure><\/li><li class=\"blocks-gallery-item\"><figure><a href=\"http:\/\/sp1.kielce.eu\/wp-content\/uploads\/2019\/09\/DSC_9467_wm-Medium.jpg\"><img loading=\"lazy\" decoding=\"async\" width=\"1249\" height=\"768\" src=\"http:\/\/sp1.kielce.eu\/wp-content\/uploads\/2019\/09\/DSC_9467_wm-Medium.jpg\" alt=\"\" data-id=\"7671\" data-link=\"http:\/\/sp1.kielce.eu\/?attachment_id=7671\" class=\"wp-image-7671\" srcset=\"https:\/\/sp1.kielce.eu\/wp-content\/uploads\/2019\/09\/DSC_9467_wm-Medium.jpg 1249w, https:\/\/sp1.kielce.eu\/wp-content\/uploads\/2019\/09\/DSC_9467_wm-Medium-300x184.jpg 300w, https:\/\/sp1.kielce.eu\/wp-content\/uploads\/2019\/09\/DSC_9467_wm-Medium-768x472.jpg 768w, https:\/\/sp1.kielce.eu\/wp-content\/uploads\/2019\/09\/DSC_9467_wm-Medium-820x504.jpg 820w\" sizes=\"auto, (max-width: 1249px) 100vw, 1249px\" \/><\/a><figcaption>7<\/figcaption><\/figure><\/li><li class=\"blocks-gallery-item\"><figure><a href=\"http:\/\/sp1.kielce.eu\/wp-content\/uploads\/2019\/09\/DSC_9484_wm-Medium.jpg\"><img loading=\"lazy\" decoding=\"async\" width=\"1156\" height=\"768\" src=\"http:\/\/sp1.kielce.eu\/wp-content\/uploads\/2019\/09\/DSC_9484_wm-Medium.jpg\" alt=\"\" data-id=\"7673\" data-link=\"http:\/\/sp1.kielce.eu\/?attachment_id=7673\" class=\"wp-image-7673\" srcset=\"https:\/\/sp1.kielce.eu\/wp-content\/uploads\/2019\/09\/DSC_9484_wm-Medium.jpg 1156w, https:\/\/sp1.kielce.eu\/wp-content\/uploads\/2019\/09\/DSC_9484_wm-Medium-300x199.jpg 300w, https:\/\/sp1.kielce.eu\/wp-content\/uploads\/2019\/09\/DSC_9484_wm-Medium-768x510.jpg 768w, https:\/\/sp1.kielce.eu\/wp-content\/uploads\/2019\/09\/DSC_9484_wm-Medium-600x400.jpg 600w, https:\/\/sp1.kielce.eu\/wp-content\/uploads\/2019\/09\/DSC_9484_wm-Medium-820x545.jpg 820w\" sizes=\"auto, (max-width: 1156px) 100vw, 1156px\" \/><\/a><figcaption>9<\/figcaption><\/figure><\/li><li class=\"blocks-gallery-item\"><figure><a href=\"http:\/\/sp1.kielce.eu\/wp-content\/uploads\/2019\/09\/DSC_9486_wm-Medium.jpg\"><img loading=\"lazy\" decoding=\"async\" width=\"1198\" height=\"768\" src=\"http:\/\/sp1.kielce.eu\/wp-content\/uploads\/2019\/09\/DSC_9486_wm-Medium.jpg\" alt=\"\" data-id=\"7674\" data-link=\"http:\/\/sp1.kielce.eu\/?attachment_id=7674\" class=\"wp-image-7674\" srcset=\"https:\/\/sp1.kielce.eu\/wp-content\/uploads\/2019\/09\/DSC_9486_wm-Medium.jpg 1198w, https:\/\/sp1.kielce.eu\/wp-content\/uploads\/2019\/09\/DSC_9486_wm-Medium-300x192.jpg 300w, https:\/\/sp1.kielce.eu\/wp-content\/uploads\/2019\/09\/DSC_9486_wm-Medium-768x492.jpg 768w, https:\/\/sp1.kielce.eu\/wp-content\/uploads\/2019\/09\/DSC_9486_wm-Medium-820x526.jpg 820w\" sizes=\"auto, (max-width: 1198px) 100vw, 1198px\" \/><\/a><figcaption>10<\/figcaption><\/figure><\/li><li class=\"blocks-gallery-item\"><figure><a href=\"http:\/\/sp1.kielce.eu\/wp-content\/uploads\/2019\/09\/DSC_9488_wm-Medium.jpg\"><img loading=\"lazy\" decoding=\"async\" width=\"1261\" height=\"768\" src=\"http:\/\/sp1.kielce.eu\/wp-content\/uploads\/2019\/09\/DSC_9488_wm-Medium.jpg\" alt=\"\" data-id=\"7675\" data-link=\"http:\/\/sp1.kielce.eu\/?attachment_id=7675\" class=\"wp-image-7675\" srcset=\"https:\/\/sp1.kielce.eu\/wp-content\/uploads\/2019\/09\/DSC_9488_wm-Medium.jpg 1261w, https:\/\/sp1.kielce.eu\/wp-content\/uploads\/2019\/09\/DSC_9488_wm-Medium-300x183.jpg 300w, https:\/\/sp1.kielce.eu\/wp-content\/uploads\/2019\/09\/DSC_9488_wm-Medium-768x468.jpg 768w, https:\/\/sp1.kielce.eu\/wp-content\/uploads\/2019\/09\/DSC_9488_wm-Medium-820x499.jpg 820w\" sizes=\"auto, (max-width: 1261px) 100vw, 1261px\" \/><\/a><figcaption>11<\/figcaption><\/figure><\/li><li class=\"blocks-gallery-item\"><figure><a href=\"http:\/\/sp1.kielce.eu\/wp-content\/uploads\/2019\/09\/DSC_9491_wm-Medium.jpg\"><img loading=\"lazy\" decoding=\"async\" width=\"1152\" height=\"768\" src=\"http:\/\/sp1.kielce.eu\/wp-content\/uploads\/2019\/09\/DSC_9491_wm-Medium.jpg\" alt=\"\" data-id=\"7676\" data-link=\"http:\/\/sp1.kielce.eu\/?attachment_id=7676\" class=\"wp-image-7676\" srcset=\"https:\/\/sp1.kielce.eu\/wp-content\/uploads\/2019\/09\/DSC_9491_wm-Medium.jpg 1152w, https:\/\/sp1.kielce.eu\/wp-content\/uploads\/2019\/09\/DSC_9491_wm-Medium-300x200.jpg 300w, https:\/\/sp1.kielce.eu\/wp-content\/uploads\/2019\/09\/DSC_9491_wm-Medium-768x512.jpg 768w, https:\/\/sp1.kielce.eu\/wp-content\/uploads\/2019\/09\/DSC_9491_wm-Medium-600x400.jpg 600w, https:\/\/sp1.kielce.eu\/wp-content\/uploads\/2019\/09\/DSC_9491_wm-Medium-820x547.jpg 820w\" sizes=\"auto, (max-width: 1152px) 100vw, 1152px\" \/><\/a><figcaption>12<\/figcaption><\/figure><\/li><li class=\"blocks-gallery-item\"><figure><a href=\"http:\/\/sp1.kielce.eu\/wp-content\/uploads\/2019\/09\/DSC_9496_wm-Medium.jpg\"><img loading=\"lazy\" decoding=\"async\" width=\"1156\" height=\"768\" src=\"http:\/\/sp1.kielce.eu\/wp-content\/uploads\/2019\/09\/DSC_9496_wm-Medium.jpg\" alt=\"\" data-id=\"7677\" data-link=\"http:\/\/sp1.kielce.eu\/?attachment_id=7677\" class=\"wp-image-7677\" srcset=\"https:\/\/sp1.kielce.eu\/wp-content\/uploads\/2019\/09\/DSC_9496_wm-Medium.jpg 1156w, https:\/\/sp1.kielce.eu\/wp-content\/uploads\/2019\/09\/DSC_9496_wm-Medium-300x199.jpg 300w, https:\/\/sp1.kielce.eu\/wp-content\/uploads\/2019\/09\/DSC_9496_wm-Medium-768x510.jpg 768w, https:\/\/sp1.kielce.eu\/wp-content\/uploads\/2019\/09\/DSC_9496_wm-Medium-600x400.jpg 600w, https:\/\/sp1.kielce.eu\/wp-content\/uploads\/2019\/09\/DSC_9496_wm-Medium-820x545.jpg 820w\" sizes=\"auto, (max-width: 1156px) 100vw, 1156px\" \/><\/a><figcaption>13<\/figcaption><\/figure><\/li><li class=\"blocks-gallery-item\"><figure><a href=\"http:\/\/sp1.kielce.eu\/wp-content\/uploads\/2019\/09\/DSC_9498_wm-Medium.jpg\"><img loading=\"lazy\" decoding=\"async\" width=\"1156\" height=\"768\" src=\"http:\/\/sp1.kielce.eu\/wp-content\/uploads\/2019\/09\/DSC_9498_wm-Medium.jpg\" alt=\"\" data-id=\"7678\" data-link=\"http:\/\/sp1.kielce.eu\/?attachment_id=7678\" class=\"wp-image-7678\" srcset=\"https:\/\/sp1.kielce.eu\/wp-content\/uploads\/2019\/09\/DSC_9498_wm-Medium.jpg 1156w, https:\/\/sp1.kielce.eu\/wp-content\/uploads\/2019\/09\/DSC_9498_wm-Medium-300x199.jpg 300w, https:\/\/sp1.kielce.eu\/wp-content\/uploads\/2019\/09\/DSC_9498_wm-Medium-768x510.jpg 768w, https:\/\/sp1.kielce.eu\/wp-content\/uploads\/2019\/09\/DSC_9498_wm-Medium-600x400.jpg 600w, https:\/\/sp1.kielce.eu\/wp-content\/uploads\/2019\/09\/DSC_9498_wm-Medium-820x545.jpg 820w\" sizes=\"auto, (max-width: 1156px) 100vw, 1156px\" \/><\/a><figcaption>14<\/figcaption><\/figure><\/li><li class=\"blocks-gallery-item\"><figure><a href=\"http:\/\/sp1.kielce.eu\/wp-content\/uploads\/2019\/09\/DSC_9500_wm-Medium.jpg\"><img loading=\"lazy\" decoding=\"async\" width=\"1023\" height=\"768\" src=\"http:\/\/sp1.kielce.eu\/wp-content\/uploads\/2019\/09\/DSC_9500_wm-Medium.jpg\" alt=\"\" data-id=\"7679\" data-link=\"http:\/\/sp1.kielce.eu\/?attachment_id=7679\" class=\"wp-image-7679\" srcset=\"https:\/\/sp1.kielce.eu\/wp-content\/uploads\/2019\/09\/DSC_9500_wm-Medium.jpg 1023w, https:\/\/sp1.kielce.eu\/wp-content\/uploads\/2019\/09\/DSC_9500_wm-Medium-300x225.jpg 300w, https:\/\/sp1.kielce.eu\/wp-content\/uploads\/2019\/09\/DSC_9500_wm-Medium-768x577.jpg 768w, https:\/\/sp1.kielce.eu\/wp-content\/uploads\/2019\/09\/DSC_9500_wm-Medium-820x616.jpg 820w\" sizes=\"auto, (max-width: 1023px) 100vw, 1023px\" \/><\/a><figcaption>15<\/figcaption><\/figure><\/li><li class=\"blocks-gallery-item\"><figure><a href=\"http:\/\/sp1.kielce.eu\/wp-content\/uploads\/2019\/09\/DSC_9507_wm_wm-Medium-598x900.jpg\"><img loading=\"lazy\" decoding=\"async\" width=\"598\" height=\"900\" src=\"http:\/\/sp1.kielce.eu\/wp-content\/uploads\/2019\/09\/DSC_9507_wm_wm-Medium-598x900.jpg\" alt=\"\" data-id=\"7680\" data-link=\"http:\/\/sp1.kielce.eu\/?attachment_id=7680\" class=\"wp-image-7680\" srcset=\"https:\/\/sp1.kielce.eu\/wp-content\/uploads\/2019\/09\/DSC_9507_wm_wm-Medium-598x900.jpg 598w, https:\/\/sp1.kielce.eu\/wp-content\/uploads\/2019\/09\/DSC_9507_wm_wm-Medium-199x300.jpg 199w, https:\/\/sp1.kielce.eu\/wp-content\/uploads\/2019\/09\/DSC_9507_wm_wm-Medium.jpg 768w\" sizes=\"auto, (max-width: 598px) 100vw, 598px\" \/><\/a><figcaption>16<\/figcaption><\/figure><\/li><li class=\"blocks-gallery-item\"><figure><a href=\"http:\/\/sp1.kielce.eu\/wp-content\/uploads\/2019\/09\/DSC_9508_wm-Medium.jpg\"><img loading=\"lazy\" decoding=\"async\" width=\"1119\" height=\"768\" src=\"http:\/\/sp1.kielce.eu\/wp-content\/uploads\/2019\/09\/DSC_9508_wm-Medium.jpg\" alt=\"\" data-id=\"7681\" data-link=\"http:\/\/sp1.kielce.eu\/?attachment_id=7681\" class=\"wp-image-7681\" srcset=\"https:\/\/sp1.kielce.eu\/wp-content\/uploads\/2019\/09\/DSC_9508_wm-Medium.jpg 1119w, https:\/\/sp1.kielce.eu\/wp-content\/uploads\/2019\/09\/DSC_9508_wm-Medium-300x206.jpg 300w, https:\/\/sp1.kielce.eu\/wp-content\/uploads\/2019\/09\/DSC_9508_wm-Medium-768x527.jpg 768w, https:\/\/sp1.kielce.eu\/wp-content\/uploads\/2019\/09\/DSC_9508_wm-Medium-820x563.jpg 820w\" sizes=\"auto, (max-width: 1119px) 100vw, 1119px\" \/><\/a><figcaption>17<\/figcaption><\/figure><\/li><li class=\"blocks-gallery-item\"><figure><a href=\"http:\/\/sp1.kielce.eu\/wp-content\/uploads\/2019\/09\/DSC_9511_wm-Medium.jpg\"><img loading=\"lazy\" decoding=\"async\" width=\"1189\" height=\"768\" src=\"http:\/\/sp1.kielce.eu\/wp-content\/uploads\/2019\/09\/DSC_9511_wm-Medium.jpg\" alt=\"\" data-id=\"7682\" data-link=\"http:\/\/sp1.kielce.eu\/?attachment_id=7682\" class=\"wp-image-7682\" srcset=\"https:\/\/sp1.kielce.eu\/wp-content\/uploads\/2019\/09\/DSC_9511_wm-Medium.jpg 1189w, https:\/\/sp1.kielce.eu\/wp-content\/uploads\/2019\/09\/DSC_9511_wm-Medium-300x194.jpg 300w, https:\/\/sp1.kielce.eu\/wp-content\/uploads\/2019\/09\/DSC_9511_wm-Medium-768x496.jpg 768w, https:\/\/sp1.kielce.eu\/wp-content\/uploads\/2019\/09\/DSC_9511_wm-Medium-820x530.jpg 820w\" sizes=\"auto, (max-width: 1189px) 100vw, 1189px\" \/><\/a><figcaption>18<\/figcaption><\/figure><\/li><li class=\"blocks-gallery-item\"><figure><a href=\"http:\/\/sp1.kielce.eu\/wp-content\/uploads\/2019\/09\/DSC_9519_wm_wm-Medium.jpg\"><img loading=\"lazy\" decoding=\"async\" width=\"1366\" height=\"720\" src=\"http:\/\/sp1.kielce.eu\/wp-content\/uploads\/2019\/09\/DSC_9519_wm_wm-Medium.jpg\" alt=\"\" data-id=\"7683\" data-link=\"http:\/\/sp1.kielce.eu\/?attachment_id=7683\" class=\"wp-image-7683\" srcset=\"https:\/\/sp1.kielce.eu\/wp-content\/uploads\/2019\/09\/DSC_9519_wm_wm-Medium.jpg 1366w, https:\/\/sp1.kielce.eu\/wp-content\/uploads\/2019\/09\/DSC_9519_wm_wm-Medium-300x158.jpg 300w, https:\/\/sp1.kielce.eu\/wp-content\/uploads\/2019\/09\/DSC_9519_wm_wm-Medium-768x405.jpg 768w, https:\/\/sp1.kielce.eu\/wp-content\/uploads\/2019\/09\/DSC_9519_wm_wm-Medium-820x432.jpg 820w\" sizes=\"auto, (max-width: 1366px) 100vw, 1366px\" \/><\/a><figcaption>19<\/figcaption><\/figure><\/li><li class=\"blocks-gallery-item\"><figure><a href=\"http:\/\/sp1.kielce.eu\/wp-content\/uploads\/2019\/09\/DSC_9522_wm-Medium-534x900.jpg\"><img loading=\"lazy\" decoding=\"async\" width=\"534\" height=\"900\" src=\"http:\/\/sp1.kielce.eu\/wp-content\/uploads\/2019\/09\/DSC_9522_wm-Medium-534x900.jpg\" alt=\"\" data-id=\"7684\" data-link=\"http:\/\/sp1.kielce.eu\/?attachment_id=7684\" class=\"wp-image-7684\" srcset=\"https:\/\/sp1.kielce.eu\/wp-content\/uploads\/2019\/09\/DSC_9522_wm-Medium-534x900.jpg 534w, https:\/\/sp1.kielce.eu\/wp-content\/uploads\/2019\/09\/DSC_9522_wm-Medium-178x300.jpg 178w, https:\/\/sp1.kielce.eu\/wp-content\/uploads\/2019\/09\/DSC_9522_wm-Medium.jpg 768w\" sizes=\"auto, (max-width: 534px) 100vw, 534px\" \/><\/a><figcaption>20<\/figcaption><\/figure><\/li><li class=\"blocks-gallery-item\"><figure><a href=\"http:\/\/sp1.kielce.eu\/wp-content\/uploads\/2019\/09\/DSC_9525_wm_wm-Medium.jpg\"><img loading=\"lazy\" decoding=\"async\" width=\"1152\" height=\"768\" src=\"http:\/\/sp1.kielce.eu\/wp-content\/uploads\/2019\/09\/DSC_9525_wm_wm-Medium.jpg\" alt=\"\" data-id=\"7685\" data-link=\"http:\/\/sp1.kielce.eu\/?attachment_id=7685\" class=\"wp-image-7685\" srcset=\"https:\/\/sp1.kielce.eu\/wp-content\/uploads\/2019\/09\/DSC_9525_wm_wm-Medium.jpg 1152w, https:\/\/sp1.kielce.eu\/wp-content\/uploads\/2019\/09\/DSC_9525_wm_wm-Medium-300x200.jpg 300w, https:\/\/sp1.kielce.eu\/wp-content\/uploads\/2019\/09\/DSC_9525_wm_wm-Medium-768x512.jpg 768w, https:\/\/sp1.kielce.eu\/wp-content\/uploads\/2019\/09\/DSC_9525_wm_wm-Medium-600x400.jpg 600w, https:\/\/sp1.kielce.eu\/wp-content\/uploads\/2019\/09\/DSC_9525_wm_wm-Medium-820x547.jpg 820w\" sizes=\"auto, (max-width: 1152px) 100vw, 1152px\" \/><\/a><figcaption>21<\/figcaption><\/figure><\/li><li class=\"blocks-gallery-item\"><figure><a href=\"http:\/\/sp1.kielce.eu\/wp-content\/uploads\/2019\/09\/DSC_9527_wm-Medium.jpg\"><img loading=\"lazy\" decoding=\"async\" width=\"1156\" height=\"768\" src=\"http:\/\/sp1.kielce.eu\/wp-content\/uploads\/2019\/09\/DSC_9527_wm-Medium.jpg\" alt=\"\" data-id=\"7686\" data-link=\"http:\/\/sp1.kielce.eu\/?attachment_id=7686\" class=\"wp-image-7686\" srcset=\"https:\/\/sp1.kielce.eu\/wp-content\/uploads\/2019\/09\/DSC_9527_wm-Medium.jpg 1156w, https:\/\/sp1.kielce.eu\/wp-content\/uploads\/2019\/09\/DSC_9527_wm-Medium-300x199.jpg 300w, https:\/\/sp1.kielce.eu\/wp-content\/uploads\/2019\/09\/DSC_9527_wm-Medium-768x510.jpg 768w, https:\/\/sp1.kielce.eu\/wp-content\/uploads\/2019\/09\/DSC_9527_wm-Medium-600x400.jpg 600w, https:\/\/sp1.kielce.eu\/wp-content\/uploads\/2019\/09\/DSC_9527_wm-Medium-820x545.jpg 820w\" sizes=\"auto, (max-width: 1156px) 100vw, 1156px\" \/><\/a><figcaption>22<\/figcaption><\/figure><\/li><li class=\"blocks-gallery-item\"><figure><a href=\"http:\/\/sp1.kielce.eu\/wp-content\/uploads\/2019\/09\/DSC_9538_wm-Medium.jpg\"><img loading=\"lazy\" decoding=\"async\" width=\"1156\" height=\"768\" src=\"http:\/\/sp1.kielce.eu\/wp-content\/uploads\/2019\/09\/DSC_9538_wm-Medium.jpg\" alt=\"\" data-id=\"7687\" data-link=\"http:\/\/sp1.kielce.eu\/?attachment_id=7687\" class=\"wp-image-7687\" srcset=\"https:\/\/sp1.kielce.eu\/wp-content\/uploads\/2019\/09\/DSC_9538_wm-Medium.jpg 1156w, https:\/\/sp1.kielce.eu\/wp-content\/uploads\/2019\/09\/DSC_9538_wm-Medium-300x199.jpg 300w, https:\/\/sp1.kielce.eu\/wp-content\/uploads\/2019\/09\/DSC_9538_wm-Medium-768x510.jpg 768w, https:\/\/sp1.kielce.eu\/wp-content\/uploads\/2019\/09\/DSC_9538_wm-Medium-600x400.jpg 600w, https:\/\/sp1.kielce.eu\/wp-content\/uploads\/2019\/09\/DSC_9538_wm-Medium-820x545.jpg 820w\" sizes=\"auto, (max-width: 1156px) 100vw, 1156px\" \/><\/a><figcaption>23<\/figcaption><\/figure><\/li><li class=\"blocks-gallery-item\"><figure><a href=\"http:\/\/sp1.kielce.eu\/wp-content\/uploads\/2019\/09\/DSC_9541_wm_wm-Medium.jpg\"><img loading=\"lazy\" decoding=\"async\" width=\"1366\" height=\"759\" src=\"http:\/\/sp1.kielce.eu\/wp-content\/uploads\/2019\/09\/DSC_9541_wm_wm-Medium.jpg\" alt=\"\" data-id=\"7688\" data-link=\"http:\/\/sp1.kielce.eu\/?attachment_id=7688\" class=\"wp-image-7688\" srcset=\"https:\/\/sp1.kielce.eu\/wp-content\/uploads\/2019\/09\/DSC_9541_wm_wm-Medium.jpg 1366w, https:\/\/sp1.kielce.eu\/wp-content\/uploads\/2019\/09\/DSC_9541_wm_wm-Medium-300x167.jpg 300w, https:\/\/sp1.kielce.eu\/wp-content\/uploads\/2019\/09\/DSC_9541_wm_wm-Medium-768x427.jpg 768w, https:\/\/sp1.kielce.eu\/wp-content\/uploads\/2019\/09\/DSC_9541_wm_wm-Medium-820x456.jpg 820w\" sizes=\"auto, (max-width: 1366px) 100vw, 1366px\" \/><\/a><figcaption>24<\/figcaption><\/figure><\/li><li class=\"blocks-gallery-item\"><figure><a href=\"http:\/\/sp1.kielce.eu\/wp-content\/uploads\/2019\/09\/DSC_9555_wm-Medium.jpg\"><img loading=\"lazy\" decoding=\"async\" width=\"1102\" height=\"768\" src=\"http:\/\/sp1.kielce.eu\/wp-content\/uploads\/2019\/09\/DSC_9555_wm-Medium.jpg\" alt=\"\" data-id=\"7689\" data-link=\"http:\/\/sp1.kielce.eu\/?attachment_id=7689\" class=\"wp-image-7689\" srcset=\"https:\/\/sp1.kielce.eu\/wp-content\/uploads\/2019\/09\/DSC_9555_wm-Medium.jpg 1102w, https:\/\/sp1.kielce.eu\/wp-content\/uploads\/2019\/09\/DSC_9555_wm-Medium-300x209.jpg 300w, https:\/\/sp1.kielce.eu\/wp-content\/uploads\/2019\/09\/DSC_9555_wm-Medium-768x535.jpg 768w, https:\/\/sp1.kielce.eu\/wp-content\/uploads\/2019\/09\/DSC_9555_wm-Medium-820x571.jpg 820w\" sizes=\"auto, (max-width: 1102px) 100vw, 1102px\" \/><\/a><figcaption>25<\/figcaption><\/figure><\/li><li class=\"blocks-gallery-item\"><figure><a href=\"http:\/\/sp1.kielce.eu\/wp-content\/uploads\/2019\/09\/DSC_9560_wm-Medium.jpg\"><img loading=\"lazy\" decoding=\"async\" width=\"953\" height=\"768\" src=\"http:\/\/sp1.kielce.eu\/wp-content\/uploads\/2019\/09\/DSC_9560_wm-Medium.jpg\" alt=\"\" data-id=\"7690\" data-link=\"http:\/\/sp1.kielce.eu\/?attachment_id=7690\" class=\"wp-image-7690\" srcset=\"https:\/\/sp1.kielce.eu\/wp-content\/uploads\/2019\/09\/DSC_9560_wm-Medium.jpg 953w, https:\/\/sp1.kielce.eu\/wp-content\/uploads\/2019\/09\/DSC_9560_wm-Medium-300x242.jpg 300w, https:\/\/sp1.kielce.eu\/wp-content\/uploads\/2019\/09\/DSC_9560_wm-Medium-768x619.jpg 768w, https:\/\/sp1.kielce.eu\/wp-content\/uploads\/2019\/09\/DSC_9560_wm-Medium-820x661.jpg 820w\" sizes=\"auto, (max-width: 953px) 100vw, 953px\" \/><\/a><figcaption>26<\/figcaption><\/figure><\/li><li class=\"blocks-gallery-item\"><figure><a href=\"http:\/\/sp1.kielce.eu\/wp-content\/uploads\/2019\/09\/DSC_9567_wm-Medium.jpg\"><img loading=\"lazy\" decoding=\"async\" width=\"1156\" height=\"768\" src=\"http:\/\/sp1.kielce.eu\/wp-content\/uploads\/2019\/09\/DSC_9567_wm-Medium.jpg\" alt=\"\" data-id=\"7691\" data-link=\"http:\/\/sp1.kielce.eu\/?attachment_id=7691\" class=\"wp-image-7691\" srcset=\"https:\/\/sp1.kielce.eu\/wp-content\/uploads\/2019\/09\/DSC_9567_wm-Medium.jpg 1156w, https:\/\/sp1.kielce.eu\/wp-content\/uploads\/2019\/09\/DSC_9567_wm-Medium-300x199.jpg 300w, https:\/\/sp1.kielce.eu\/wp-content\/uploads\/2019\/09\/DSC_9567_wm-Medium-768x510.jpg 768w, https:\/\/sp1.kielce.eu\/wp-content\/uploads\/2019\/09\/DSC_9567_wm-Medium-600x400.jpg 600w, https:\/\/sp1.kielce.eu\/wp-content\/uploads\/2019\/09\/DSC_9567_wm-Medium-820x545.jpg 820w\" sizes=\"auto, (max-width: 1156px) 100vw, 1156px\" \/><\/a><figcaption>27<\/figcaption><\/figure><\/li><li class=\"blocks-gallery-item\"><figure><a href=\"http:\/\/sp1.kielce.eu\/wp-content\/uploads\/2019\/09\/DSC_9577_wm-Medium-598x900.jpg\"><img loading=\"lazy\" decoding=\"async\" width=\"598\" height=\"900\" src=\"http:\/\/sp1.kielce.eu\/wp-content\/uploads\/2019\/09\/DSC_9577_wm-Medium-598x900.jpg\" alt=\"\" data-id=\"7692\" data-link=\"http:\/\/sp1.kielce.eu\/?attachment_id=7692\" class=\"wp-image-7692\" srcset=\"https:\/\/sp1.kielce.eu\/wp-content\/uploads\/2019\/09\/DSC_9577_wm-Medium-598x900.jpg 598w, https:\/\/sp1.kielce.eu\/wp-content\/uploads\/2019\/09\/DSC_9577_wm-Medium-199x300.jpg 199w, https:\/\/sp1.kielce.eu\/wp-content\/uploads\/2019\/09\/DSC_9577_wm-Medium.jpg 768w\" sizes=\"auto, (max-width: 598px) 100vw, 598px\" \/><\/a><figcaption>28<\/figcaption><\/figure><\/li><li class=\"blocks-gallery-item\"><figure><a href=\"http:\/\/sp1.kielce.eu\/wp-content\/uploads\/2019\/09\/DSC_9578_wm-Medium.jpg\"><img loading=\"lazy\" decoding=\"async\" width=\"768\" height=\"870\" src=\"http:\/\/sp1.kielce.eu\/wp-content\/uploads\/2019\/09\/DSC_9578_wm-Medium.jpg\" alt=\"\" data-id=\"7693\" data-link=\"http:\/\/sp1.kielce.eu\/?attachment_id=7693\" class=\"wp-image-7693\" srcset=\"https:\/\/sp1.kielce.eu\/wp-content\/uploads\/2019\/09\/DSC_9578_wm-Medium.jpg 768w, https:\/\/sp1.kielce.eu\/wp-content\/uploads\/2019\/09\/DSC_9578_wm-Medium-265x300.jpg 265w\" sizes=\"auto, (max-width: 768px) 100vw, 768px\" \/><\/a><figcaption>29<\/figcaption><\/figure><\/li><li class=\"blocks-gallery-item\"><figure><a href=\"http:\/\/sp1.kielce.eu\/wp-content\/uploads\/2019\/09\/DSC_9581_wm-Medium.jpg\"><img loading=\"lazy\" decoding=\"async\" width=\"1098\" height=\"768\" src=\"http:\/\/sp1.kielce.eu\/wp-content\/uploads\/2019\/09\/DSC_9581_wm-Medium.jpg\" alt=\"\" data-id=\"7694\" data-link=\"http:\/\/sp1.kielce.eu\/?attachment_id=7694\" class=\"wp-image-7694\" srcset=\"https:\/\/sp1.kielce.eu\/wp-content\/uploads\/2019\/09\/DSC_9581_wm-Medium.jpg 1098w, https:\/\/sp1.kielce.eu\/wp-content\/uploads\/2019\/09\/DSC_9581_wm-Medium-300x210.jpg 300w, https:\/\/sp1.kielce.eu\/wp-content\/uploads\/2019\/09\/DSC_9581_wm-Medium-768x537.jpg 768w, https:\/\/sp1.kielce.eu\/wp-content\/uploads\/2019\/09\/DSC_9581_wm-Medium-820x574.jpg 820w\" sizes=\"auto, (max-width: 1098px) 100vw, 1098px\" \/><\/a><figcaption>30<\/figcaption><\/figure><\/li><li class=\"blocks-gallery-item\"><figure><a href=\"http:\/\/sp1.kielce.eu\/wp-content\/uploads\/2019\/09\/DSC_9582_wm-Medium.jpg\"><img loading=\"lazy\" decoding=\"async\" width=\"1152\" height=\"768\" src=\"http:\/\/sp1.kielce.eu\/wp-content\/uploads\/2019\/09\/DSC_9582_wm-Medium.jpg\" alt=\"\" data-id=\"7695\" data-link=\"http:\/\/sp1.kielce.eu\/?attachment_id=7695\" class=\"wp-image-7695\" srcset=\"https:\/\/sp1.kielce.eu\/wp-content\/uploads\/2019\/09\/DSC_9582_wm-Medium.jpg 1152w, https:\/\/sp1.kielce.eu\/wp-content\/uploads\/2019\/09\/DSC_9582_wm-Medium-300x200.jpg 300w, https:\/\/sp1.kielce.eu\/wp-content\/uploads\/2019\/09\/DSC_9582_wm-Medium-768x512.jpg 768w, https:\/\/sp1.kielce.eu\/wp-content\/uploads\/2019\/09\/DSC_9582_wm-Medium-600x400.jpg 600w, https:\/\/sp1.kielce.eu\/wp-content\/uploads\/2019\/09\/DSC_9582_wm-Medium-820x547.jpg 820w\" sizes=\"auto, (max-width: 1152px) 100vw, 1152px\" \/><\/a><figcaption>31<\/figcaption><\/figure><\/li><li class=\"blocks-gallery-item\"><figure><a href=\"http:\/\/sp1.kielce.eu\/wp-content\/uploads\/2019\/09\/DSC_9588_wm-Medium-560x900.jpg\"><img loading=\"lazy\" decoding=\"async\" width=\"560\" height=\"900\" src=\"http:\/\/sp1.kielce.eu\/wp-content\/uploads\/2019\/09\/DSC_9588_wm-Medium-560x900.jpg\" alt=\"\" data-id=\"7696\" data-link=\"http:\/\/sp1.kielce.eu\/?attachment_id=7696\" class=\"wp-image-7696\" srcset=\"https:\/\/sp1.kielce.eu\/wp-content\/uploads\/2019\/09\/DSC_9588_wm-Medium-560x900.jpg 560w, https:\/\/sp1.kielce.eu\/wp-content\/uploads\/2019\/09\/DSC_9588_wm-Medium-187x300.jpg 187w, https:\/\/sp1.kielce.eu\/wp-content\/uploads\/2019\/09\/DSC_9588_wm-Medium.jpg 768w\" sizes=\"auto, (max-width: 560px) 100vw, 560px\" \/><\/a><figcaption>32<\/figcaption><\/figure><\/li><li class=\"blocks-gallery-item\"><figure><a href=\"http:\/\/sp1.kielce.eu\/wp-content\/uploads\/2019\/09\/DSC_9591_wm-Medium-585x900.jpg\"><img loading=\"lazy\" decoding=\"async\" width=\"585\" height=\"900\" src=\"http:\/\/sp1.kielce.eu\/wp-content\/uploads\/2019\/09\/DSC_9591_wm-Medium-585x900.jpg\" alt=\"\" data-id=\"7697\" data-link=\"http:\/\/sp1.kielce.eu\/?attachment_id=7697\" class=\"wp-image-7697\" srcset=\"https:\/\/sp1.kielce.eu\/wp-content\/uploads\/2019\/09\/DSC_9591_wm-Medium-585x900.jpg 585w, https:\/\/sp1.kielce.eu\/wp-content\/uploads\/2019\/09\/DSC_9591_wm-Medium-195x300.jpg 195w, https:\/\/sp1.kielce.eu\/wp-content\/uploads\/2019\/09\/DSC_9591_wm-Medium.jpg 768w\" sizes=\"auto, (max-width: 585px) 100vw, 585px\" \/><\/a><figcaption>33<\/figcaption><\/figure><\/li><li class=\"blocks-gallery-item\"><figure><a href=\"http:\/\/sp1.kielce.eu\/wp-content\/uploads\/2019\/09\/DSC_9592_wm-Medium-663x900.jpg\"><img loading=\"lazy\" decoding=\"async\" width=\"663\" height=\"900\" src=\"http:\/\/sp1.kielce.eu\/wp-content\/uploads\/2019\/09\/DSC_9592_wm-Medium-663x900.jpg\" alt=\"\" data-id=\"7698\" data-link=\"http:\/\/sp1.kielce.eu\/?attachment_id=7698\" class=\"wp-image-7698\" srcset=\"https:\/\/sp1.kielce.eu\/wp-content\/uploads\/2019\/09\/DSC_9592_wm-Medium-663x900.jpg 663w, https:\/\/sp1.kielce.eu\/wp-content\/uploads\/2019\/09\/DSC_9592_wm-Medium-221x300.jpg 221w, https:\/\/sp1.kielce.eu\/wp-content\/uploads\/2019\/09\/DSC_9592_wm-Medium.jpg 768w\" sizes=\"auto, (max-width: 663px) 100vw, 663px\" \/><\/a><figcaption>34<\/figcaption><\/figure><\/li><\/ul>\n","protected":false},"excerpt":{"rendered":"<p>Narodowe Czytanie ,,Katarynki\u201d Boles\u0142awa Prusa ,, Czytanie to najpi\u0119kniejsza zabawa, jak\u0105 sobie ludzko\u015b\u0107 wymy\u015bli\u0142a\u201d &nbsp;&nbsp;\/Wis\u0142awa [&hellip;]<\/p>\n","protected":false},"author":5,"featured_media":7662,"comment_status":"closed","ping_status":"open","sticky":false,"template":"","format":"standard","meta":{"footnotes":""},"categories":[36,72],"tags":[],"class_list":["post-7664","post","type-post","status-publish","format-standard","has-post-thumbnail","hentry","category-wydarzenia","category-biblioteka"],"_links":{"self":[{"href":"https:\/\/sp1.kielce.eu\/index.php\/wp-json\/wp\/v2\/posts\/7664","targetHints":{"allow":["GET"]}}],"collection":[{"href":"https:\/\/sp1.kielce.eu\/index.php\/wp-json\/wp\/v2\/posts"}],"about":[{"href":"https:\/\/sp1.kielce.eu\/index.php\/wp-json\/wp\/v2\/types\/post"}],"author":[{"embeddable":true,"href":"https:\/\/sp1.kielce.eu\/index.php\/wp-json\/wp\/v2\/users\/5"}],"replies":[{"embeddable":true,"href":"https:\/\/sp1.kielce.eu\/index.php\/wp-json\/wp\/v2\/comments?post=7664"}],"version-history":[{"count":9,"href":"https:\/\/sp1.kielce.eu\/index.php\/wp-json\/wp\/v2\/posts\/7664\/revisions"}],"predecessor-version":[{"id":10655,"href":"https:\/\/sp1.kielce.eu\/index.php\/wp-json\/wp\/v2\/posts\/7664\/revisions\/10655"}],"wp:featuredmedia":[{"embeddable":true,"href":"https:\/\/sp1.kielce.eu\/index.php\/wp-json\/wp\/v2\/media\/7662"}],"wp:attachment":[{"href":"https:\/\/sp1.kielce.eu\/index.php\/wp-json\/wp\/v2\/media?parent=7664"}],"wp:term":[{"taxonomy":"category","embeddable":true,"href":"https:\/\/sp1.kielce.eu\/index.php\/wp-json\/wp\/v2\/categories?post=7664"},{"taxonomy":"post_tag","embeddable":true,"href":"https:\/\/sp1.kielce.eu\/index.php\/wp-json\/wp\/v2\/tags?post=7664"}],"curies":[{"name":"wp","href":"https:\/\/api.w.org\/{rel}","templated":true}]}}