{"id":759,"date":"2017-03-19T14:12:35","date_gmt":"2017-03-19T13:12:35","guid":{"rendered":"http:\/\/sp1.kielce.eu\/?p=759"},"modified":"2017-03-19T15:20:27","modified_gmt":"2017-03-19T14:20:27","slug":"dzien-papieski","status":"publish","type":"post","link":"https:\/\/sp1.kielce.eu\/index.php\/2017\/03\/19\/dzien-papieski\/","title":{"rendered":"&#8222;Dzie\u0144 Papieski&#8221;"},"content":{"rendered":"<p>Dnia 27 pa\u017cdziernika 2016r. uczniowie kl. Va wraz z katechetk\u0105 s. Cecyli\u0105 &#8211; Mari\u0105 Misztal i p. El\u017cbiet\u0105 Litwinek przygotowali Apel po\u015bwi\u0119cony osobie i nauczaniu \u015bw. Jana Paw\u0142a II.<\/p>\n<p style=\"text-align: right;\">s. Cecylia<\/p>\n<div id='gallery-1' class='gallery galleryid-759 gallery-columns-4 gallery-size-thumbnail'><figure class='gallery-item'>\n\t\t\t<div class='gallery-icon landscape'>\n\t\t\t\t<a href='https:\/\/sp1.kielce.eu\/wp-content\/uploads\/2017\/03\/papieski1.jpg'><img loading=\"lazy\" decoding=\"async\" width=\"150\" height=\"150\" src=\"https:\/\/sp1.kielce.eu\/wp-content\/uploads\/2017\/03\/papieski1-150x150.jpg\" class=\"attachment-thumbnail size-thumbnail\" alt=\"sp1 kielce\" \/><\/a>\n\t\t\t<\/div><\/figure><figure class='gallery-item'>\n\t\t\t<div class='gallery-icon landscape'>\n\t\t\t\t<a href='https:\/\/sp1.kielce.eu\/wp-content\/uploads\/2017\/03\/papieski2.jpg'><img loading=\"lazy\" decoding=\"async\" width=\"150\" height=\"150\" src=\"https:\/\/sp1.kielce.eu\/wp-content\/uploads\/2017\/03\/papieski2-150x150.jpg\" class=\"attachment-thumbnail size-thumbnail\" alt=\"\" \/><\/a>\n\t\t\t<\/div><\/figure><figure class='gallery-item'>\n\t\t\t<div class='gallery-icon landscape'>\n\t\t\t\t<a href='https:\/\/sp1.kielce.eu\/wp-content\/uploads\/2017\/03\/papieski3.jpg'><img loading=\"lazy\" decoding=\"async\" width=\"150\" height=\"150\" src=\"https:\/\/sp1.kielce.eu\/wp-content\/uploads\/2017\/03\/papieski3-150x150.jpg\" class=\"attachment-thumbnail size-thumbnail\" alt=\"\" \/><\/a>\n\t\t\t<\/div><\/figure><figure class='gallery-item'>\n\t\t\t<div class='gallery-icon landscape'>\n\t\t\t\t<a href='https:\/\/sp1.kielce.eu\/wp-content\/uploads\/2017\/03\/papieski4.jpg'><img loading=\"lazy\" decoding=\"async\" width=\"150\" height=\"150\" src=\"https:\/\/sp1.kielce.eu\/wp-content\/uploads\/2017\/03\/papieski4-150x150.jpg\" class=\"attachment-thumbnail size-thumbnail\" alt=\"sp1 kielce\" \/><\/a>\n\t\t\t<\/div><\/figure>\n\t\t<\/div>\n\n","protected":false},"excerpt":{"rendered":"<p>Dnia 27 pa\u017cdziernika 2016r. uczniowie kl. Va wraz z katechetk\u0105 s. Cecyli\u0105 &#8211; Mari\u0105 Misztal [&hellip;]<\/p>\n","protected":false},"author":4,"featured_media":763,"comment_status":"closed","ping_status":"open","sticky":false,"template":"","format":"standard","meta":{"footnotes":""},"categories":[36],"tags":[38],"class_list":["post-759","post","type-post","status-publish","format-standard","has-post-thumbnail","hentry","category-wydarzenia","tag-sp1-kielce"],"_links":{"self":[{"href":"https:\/\/sp1.kielce.eu\/index.php\/wp-json\/wp\/v2\/posts\/759","targetHints":{"allow":["GET"]}}],"collection":[{"href":"https:\/\/sp1.kielce.eu\/index.php\/wp-json\/wp\/v2\/posts"}],"about":[{"href":"https:\/\/sp1.kielce.eu\/index.php\/wp-json\/wp\/v2\/types\/post"}],"author":[{"embeddable":true,"href":"https:\/\/sp1.kielce.eu\/index.php\/wp-json\/wp\/v2\/users\/4"}],"replies":[{"embeddable":true,"href":"https:\/\/sp1.kielce.eu\/index.php\/wp-json\/wp\/v2\/comments?post=759"}],"version-history":[{"count":2,"href":"https:\/\/sp1.kielce.eu\/index.php\/wp-json\/wp\/v2\/posts\/759\/revisions"}],"predecessor-version":[{"id":969,"href":"https:\/\/sp1.kielce.eu\/index.php\/wp-json\/wp\/v2\/posts\/759\/revisions\/969"}],"wp:featuredmedia":[{"embeddable":true,"href":"https:\/\/sp1.kielce.eu\/index.php\/wp-json\/wp\/v2\/media\/763"}],"wp:attachment":[{"href":"https:\/\/sp1.kielce.eu\/index.php\/wp-json\/wp\/v2\/media?parent=759"}],"wp:term":[{"taxonomy":"category","embeddable":true,"href":"https:\/\/sp1.kielce.eu\/index.php\/wp-json\/wp\/v2\/categories?post=759"},{"taxonomy":"post_tag","embeddable":true,"href":"https:\/\/sp1.kielce.eu\/index.php\/wp-json\/wp\/v2\/tags?post=759"}],"curies":[{"name":"wp","href":"https:\/\/api.w.org\/{rel}","templated":true}]}}