{"id":7580,"date":"2019-09-24T21:08:21","date_gmt":"2019-09-24T19:08:21","guid":{"rendered":"http:\/\/sp1.kielce.eu\/?p=7580"},"modified":"2019-09-24T21:08:21","modified_gmt":"2019-09-24T19:08:21","slug":"wycieczka-do-lasu","status":"publish","type":"post","link":"https:\/\/sp1.kielce.eu\/index.php\/2019\/09\/24\/wycieczka-do-lasu\/","title":{"rendered":"Wycieczka do lasu"},"content":{"rendered":"\n<p style=\"text-align:left\">W dniu 24 wrze\u015bnia 2019 r. uczniowie klas trzecich wraz z\u00a0wychowawcami \u2013 paniami Iwon\u0105 Ko\u015bcieleck\u0105 i\u00a0Ma\u0142gorzat\u0105 Kasz\u0105 wybrali si\u0119 do lasu na Stadion Le\u015bny. Zorganizowano tam zaj\u0119cia przyrodnicze pt. ,,Jesie\u0144 w\u00a0lesie\u201d. Dzieci w\u00a0terenie pozna\u0142y wiele ciekawostek zwi\u0105zanych z\u00a0lasem. Przypomnia\u0142y sobie jakie zmiany zachodz\u0105 w\u00a0przyrodzie i\u00a0jak wa\u017cny jest las dla ludzi. Musimy powt\u00f3rzy\u0107 tak\u0105 wycieczk\u0119 na wiosn\u0119!<\/p>\n\n\n\n<p style=\"text-align:right\">Ma\u0142gorzata Kasza<\/p>\n\n\n\n<ul class=\"wp-block-gallery columns-3 is-cropped wp-block-gallery-1 is-layout-flex wp-block-gallery-is-layout-flex\"><li class=\"blocks-gallery-item\"><figure><a href=\"http:\/\/sp1.kielce.eu\/wp-content\/uploads\/2019\/09\/DSC04903-Copy-1200x900.jpg\"><img loading=\"lazy\" decoding=\"async\" width=\"1200\" height=\"900\" src=\"http:\/\/sp1.kielce.eu\/wp-content\/uploads\/2019\/09\/DSC04903-Copy-1200x900.jpg\" alt=\"\" data-id=\"7581\" data-link=\"http:\/\/sp1.kielce.eu\/?attachment_id=7581\" class=\"wp-image-7581\" srcset=\"https:\/\/sp1.kielce.eu\/wp-content\/uploads\/2019\/09\/DSC04903-Copy.jpg 1200w, https:\/\/sp1.kielce.eu\/wp-content\/uploads\/2019\/09\/DSC04903-Copy-300x225.jpg 300w, https:\/\/sp1.kielce.eu\/wp-content\/uploads\/2019\/09\/DSC04903-Copy-768x576.jpg 768w, https:\/\/sp1.kielce.eu\/wp-content\/uploads\/2019\/09\/DSC04903-Copy-820x615.jpg 820w\" sizes=\"auto, (max-width: 1200px) 100vw, 1200px\" \/><\/a><\/figure><\/li><li class=\"blocks-gallery-item\"><figure><a href=\"http:\/\/sp1.kielce.eu\/wp-content\/uploads\/2019\/09\/DSC04909-Copy-1200x900.jpg\"><img loading=\"lazy\" decoding=\"async\" width=\"1200\" height=\"900\" src=\"http:\/\/sp1.kielce.eu\/wp-content\/uploads\/2019\/09\/DSC04909-Copy-1200x900.jpg\" alt=\"\" data-id=\"7582\" data-link=\"http:\/\/sp1.kielce.eu\/?attachment_id=7582\" class=\"wp-image-7582\" srcset=\"https:\/\/sp1.kielce.eu\/wp-content\/uploads\/2019\/09\/DSC04909-Copy.jpg 1200w, https:\/\/sp1.kielce.eu\/wp-content\/uploads\/2019\/09\/DSC04909-Copy-300x225.jpg 300w, https:\/\/sp1.kielce.eu\/wp-content\/uploads\/2019\/09\/DSC04909-Copy-768x576.jpg 768w, https:\/\/sp1.kielce.eu\/wp-content\/uploads\/2019\/09\/DSC04909-Copy-820x615.jpg 820w\" sizes=\"auto, (max-width: 1200px) 100vw, 1200px\" \/><\/a><\/figure><\/li><li class=\"blocks-gallery-item\"><figure><a href=\"http:\/\/sp1.kielce.eu\/wp-content\/uploads\/2019\/09\/DSC04917-Copy-1200x900.jpg\"><img loading=\"lazy\" decoding=\"async\" width=\"1200\" height=\"900\" src=\"http:\/\/sp1.kielce.eu\/wp-content\/uploads\/2019\/09\/DSC04917-Copy-1200x900.jpg\" alt=\"\" data-id=\"7583\" data-link=\"http:\/\/sp1.kielce.eu\/?attachment_id=7583\" class=\"wp-image-7583\" srcset=\"https:\/\/sp1.kielce.eu\/wp-content\/uploads\/2019\/09\/DSC04917-Copy.jpg 1200w, https:\/\/sp1.kielce.eu\/wp-content\/uploads\/2019\/09\/DSC04917-Copy-300x225.jpg 300w, https:\/\/sp1.kielce.eu\/wp-content\/uploads\/2019\/09\/DSC04917-Copy-768x576.jpg 768w, https:\/\/sp1.kielce.eu\/wp-content\/uploads\/2019\/09\/DSC04917-Copy-820x615.jpg 820w\" sizes=\"auto, (max-width: 1200px) 100vw, 1200px\" \/><\/a><\/figure><\/li><li class=\"blocks-gallery-item\"><figure><a href=\"http:\/\/sp1.kielce.eu\/wp-content\/uploads\/2019\/09\/DSC04920-Copy-675x900.jpg\"><img loading=\"lazy\" decoding=\"async\" width=\"675\" height=\"900\" src=\"http:\/\/sp1.kielce.eu\/wp-content\/uploads\/2019\/09\/DSC04920-Copy-675x900.jpg\" alt=\"\" data-id=\"7584\" data-link=\"http:\/\/sp1.kielce.eu\/?attachment_id=7584\" class=\"wp-image-7584\" srcset=\"https:\/\/sp1.kielce.eu\/wp-content\/uploads\/2019\/09\/DSC04920-Copy.jpg 675w, https:\/\/sp1.kielce.eu\/wp-content\/uploads\/2019\/09\/DSC04920-Copy-225x300.jpg 225w\" sizes=\"auto, (max-width: 675px) 100vw, 675px\" \/><\/a><\/figure><\/li><li class=\"blocks-gallery-item\"><figure><a href=\"http:\/\/sp1.kielce.eu\/wp-content\/uploads\/2019\/09\/DSC04933-Copy-675x900.jpg\"><img loading=\"lazy\" decoding=\"async\" width=\"675\" height=\"900\" src=\"http:\/\/sp1.kielce.eu\/wp-content\/uploads\/2019\/09\/DSC04933-Copy-675x900.jpg\" alt=\"\" data-id=\"7585\" data-link=\"http:\/\/sp1.kielce.eu\/?attachment_id=7585\" class=\"wp-image-7585\" srcset=\"https:\/\/sp1.kielce.eu\/wp-content\/uploads\/2019\/09\/DSC04933-Copy.jpg 675w, https:\/\/sp1.kielce.eu\/wp-content\/uploads\/2019\/09\/DSC04933-Copy-225x300.jpg 225w\" sizes=\"auto, (max-width: 675px) 100vw, 675px\" \/><\/a><\/figure><\/li><li class=\"blocks-gallery-item\"><figure><a href=\"http:\/\/sp1.kielce.eu\/wp-content\/uploads\/2019\/09\/DSC04937-Copy-1200x900.jpg\"><img loading=\"lazy\" decoding=\"async\" width=\"1200\" height=\"900\" src=\"http:\/\/sp1.kielce.eu\/wp-content\/uploads\/2019\/09\/DSC04937-Copy-1200x900.jpg\" alt=\"\" data-id=\"7586\" data-link=\"http:\/\/sp1.kielce.eu\/?attachment_id=7586\" class=\"wp-image-7586\" srcset=\"https:\/\/sp1.kielce.eu\/wp-content\/uploads\/2019\/09\/DSC04937-Copy.jpg 1200w, https:\/\/sp1.kielce.eu\/wp-content\/uploads\/2019\/09\/DSC04937-Copy-300x225.jpg 300w, https:\/\/sp1.kielce.eu\/wp-content\/uploads\/2019\/09\/DSC04937-Copy-768x576.jpg 768w, https:\/\/sp1.kielce.eu\/wp-content\/uploads\/2019\/09\/DSC04937-Copy-820x615.jpg 820w\" sizes=\"auto, (max-width: 1200px) 100vw, 1200px\" \/><\/a><\/figure><\/li><li class=\"blocks-gallery-item\"><figure><a href=\"http:\/\/sp1.kielce.eu\/wp-content\/uploads\/2019\/09\/DSC04939-Copy.jpg\"><img loading=\"lazy\" decoding=\"async\" width=\"1200\" height=\"796\" src=\"http:\/\/sp1.kielce.eu\/wp-content\/uploads\/2019\/09\/DSC04939-Copy.jpg\" alt=\"\" data-id=\"7587\" data-link=\"http:\/\/sp1.kielce.eu\/?attachment_id=7587\" class=\"wp-image-7587\" srcset=\"https:\/\/sp1.kielce.eu\/wp-content\/uploads\/2019\/09\/DSC04939-Copy.jpg 1200w, https:\/\/sp1.kielce.eu\/wp-content\/uploads\/2019\/09\/DSC04939-Copy-300x199.jpg 300w, https:\/\/sp1.kielce.eu\/wp-content\/uploads\/2019\/09\/DSC04939-Copy-768x509.jpg 768w, https:\/\/sp1.kielce.eu\/wp-content\/uploads\/2019\/09\/DSC04939-Copy-820x544.jpg 820w\" sizes=\"auto, (max-width: 1200px) 100vw, 1200px\" \/><\/a><\/figure><\/li><\/ul>\n","protected":false},"excerpt":{"rendered":"<p>W dniu 24 wrze\u015bnia 2019 r. uczniowie klas trzecich wraz z\u00a0wychowawcami \u2013 paniami Iwon\u0105 Ko\u015bcieleck\u0105 [&hellip;]<\/p>\n","protected":false},"author":13,"featured_media":7587,"comment_status":"closed","ping_status":"open","sticky":false,"template":"","format":"standard","meta":{"footnotes":""},"categories":[36,3],"tags":[],"class_list":["post-7580","post","type-post","status-publish","format-standard","has-post-thumbnail","hentry","category-wydarzenia","category-wycieczki"],"_links":{"self":[{"href":"https:\/\/sp1.kielce.eu\/index.php\/wp-json\/wp\/v2\/posts\/7580","targetHints":{"allow":["GET"]}}],"collection":[{"href":"https:\/\/sp1.kielce.eu\/index.php\/wp-json\/wp\/v2\/posts"}],"about":[{"href":"https:\/\/sp1.kielce.eu\/index.php\/wp-json\/wp\/v2\/types\/post"}],"author":[{"embeddable":true,"href":"https:\/\/sp1.kielce.eu\/index.php\/wp-json\/wp\/v2\/users\/13"}],"replies":[{"embeddable":true,"href":"https:\/\/sp1.kielce.eu\/index.php\/wp-json\/wp\/v2\/comments?post=7580"}],"version-history":[{"count":1,"href":"https:\/\/sp1.kielce.eu\/index.php\/wp-json\/wp\/v2\/posts\/7580\/revisions"}],"predecessor-version":[{"id":7588,"href":"https:\/\/sp1.kielce.eu\/index.php\/wp-json\/wp\/v2\/posts\/7580\/revisions\/7588"}],"wp:featuredmedia":[{"embeddable":true,"href":"https:\/\/sp1.kielce.eu\/index.php\/wp-json\/wp\/v2\/media\/7587"}],"wp:attachment":[{"href":"https:\/\/sp1.kielce.eu\/index.php\/wp-json\/wp\/v2\/media?parent=7580"}],"wp:term":[{"taxonomy":"category","embeddable":true,"href":"https:\/\/sp1.kielce.eu\/index.php\/wp-json\/wp\/v2\/categories?post=7580"},{"taxonomy":"post_tag","embeddable":true,"href":"https:\/\/sp1.kielce.eu\/index.php\/wp-json\/wp\/v2\/tags?post=7580"}],"curies":[{"name":"wp","href":"https:\/\/api.w.org\/{rel}","templated":true}]}}