{"id":7546,"date":"2019-09-23T09:57:47","date_gmt":"2019-09-23T07:57:47","guid":{"rendered":"http:\/\/sp1.kielce.eu\/?p=7546"},"modified":"2019-09-23T09:57:47","modified_gmt":"2019-09-23T07:57:47","slug":"czwartki-lekkoatletyczne-3","status":"publish","type":"post","link":"https:\/\/sp1.kielce.eu\/index.php\/2019\/09\/23\/czwartki-lekkoatletyczne-3\/","title":{"rendered":"Czwartki Lekkoatletyczne"},"content":{"rendered":"\n<p>Uczniowie Jedynki w czwartek brali udzia\u0142 w ,,Czwartkach Lekkoatletycznych\u201d.\u00a0 W bie\u017c\u0105cym roku szkolnym b\u0119dzie realizowana XXVI edycja zawod\u00f3w. Dzieci uczestniczy\u0142y w dw\u00f3ch konkurencjach \u2013 biegu na 60 m i rzucie pi\u0142eczk\u0105 palantow\u0105.\u00a0 \u017byczymy powodzenia na kolejnych zawodach. <\/p>\n\n\n\n<ul class=\"wp-block-gallery columns-1 is-cropped wp-block-gallery-1 is-layout-flex wp-block-gallery-is-layout-flex\"><li class=\"blocks-gallery-item\"><figure><img loading=\"lazy\" decoding=\"async\" width=\"506\" height=\"900\" src=\"http:\/\/sp1.kielce.eu\/wp-content\/uploads\/2019\/09\/DSC_0320-Medium-506x900.jpg\" alt=\"\" data-id=\"7547\" data-link=\"http:\/\/sp1.kielce.eu\/?attachment_id=7547\" class=\"wp-image-7547\" srcset=\"https:\/\/sp1.kielce.eu\/wp-content\/uploads\/2019\/09\/DSC_0320-Medium-506x900.jpg 506w, https:\/\/sp1.kielce.eu\/wp-content\/uploads\/2019\/09\/DSC_0320-Medium-169x300.jpg 169w, https:\/\/sp1.kielce.eu\/wp-content\/uploads\/2019\/09\/DSC_0320-Medium.jpg 768w\" sizes=\"auto, (max-width: 506px) 100vw, 506px\" \/><figcaption>1<\/figcaption><\/figure><\/li><\/ul>\n\n\n\n<p>&nbsp;&nbsp;&nbsp;&nbsp;&nbsp;&nbsp;&nbsp;&nbsp;&nbsp;&nbsp;&nbsp;&nbsp;&nbsp;&nbsp;&nbsp;&nbsp;&nbsp;&nbsp;&nbsp;&nbsp;&nbsp;&nbsp;&nbsp;&nbsp;&nbsp;&nbsp;&nbsp;&nbsp;&nbsp;&nbsp;&nbsp;&nbsp;&nbsp;&nbsp;&nbsp;&nbsp;&nbsp;&nbsp;&nbsp;&nbsp;&nbsp;&nbsp;&nbsp;&nbsp;&nbsp;&nbsp;&nbsp;&nbsp;&nbsp;&nbsp;&nbsp;&nbsp;&nbsp;&nbsp;&nbsp;&nbsp;&nbsp;&nbsp;&nbsp;&nbsp;&nbsp;&nbsp;&nbsp;&nbsp;&nbsp;&nbsp;&nbsp;&nbsp;&nbsp;&nbsp;&nbsp;\nRemigiusz Krzywda <\/p>\n","protected":false},"excerpt":{"rendered":"<p>Uczniowie Jedynki w czwartek brali udzia\u0142 w ,,Czwartkach Lekkoatletycznych\u201d.\u00a0 W bie\u017c\u0105cym roku szkolnym b\u0119dzie realizowana [&hellip;]<\/p>\n","protected":false},"author":5,"featured_media":7547,"comment_status":"closed","ping_status":"open","sticky":false,"template":"","format":"standard","meta":{"footnotes":""},"categories":[11],"tags":[],"class_list":["post-7546","post","type-post","status-publish","format-standard","has-post-thumbnail","hentry","category-zawody-sportowe"],"_links":{"self":[{"href":"https:\/\/sp1.kielce.eu\/index.php\/wp-json\/wp\/v2\/posts\/7546","targetHints":{"allow":["GET"]}}],"collection":[{"href":"https:\/\/sp1.kielce.eu\/index.php\/wp-json\/wp\/v2\/posts"}],"about":[{"href":"https:\/\/sp1.kielce.eu\/index.php\/wp-json\/wp\/v2\/types\/post"}],"author":[{"embeddable":true,"href":"https:\/\/sp1.kielce.eu\/index.php\/wp-json\/wp\/v2\/users\/5"}],"replies":[{"embeddable":true,"href":"https:\/\/sp1.kielce.eu\/index.php\/wp-json\/wp\/v2\/comments?post=7546"}],"version-history":[{"count":1,"href":"https:\/\/sp1.kielce.eu\/index.php\/wp-json\/wp\/v2\/posts\/7546\/revisions"}],"predecessor-version":[{"id":7548,"href":"https:\/\/sp1.kielce.eu\/index.php\/wp-json\/wp\/v2\/posts\/7546\/revisions\/7548"}],"wp:featuredmedia":[{"embeddable":true,"href":"https:\/\/sp1.kielce.eu\/index.php\/wp-json\/wp\/v2\/media\/7547"}],"wp:attachment":[{"href":"https:\/\/sp1.kielce.eu\/index.php\/wp-json\/wp\/v2\/media?parent=7546"}],"wp:term":[{"taxonomy":"category","embeddable":true,"href":"https:\/\/sp1.kielce.eu\/index.php\/wp-json\/wp\/v2\/categories?post=7546"},{"taxonomy":"post_tag","embeddable":true,"href":"https:\/\/sp1.kielce.eu\/index.php\/wp-json\/wp\/v2\/tags?post=7546"}],"curies":[{"name":"wp","href":"https:\/\/api.w.org\/{rel}","templated":true}]}}