{"id":7038,"date":"2019-06-16T22:20:21","date_gmt":"2019-06-16T20:20:21","guid":{"rendered":"http:\/\/sp1.kielce.eu\/?p=7038"},"modified":"2019-06-16T22:20:21","modified_gmt":"2019-06-16T20:20:21","slug":"szkolny-konkurs-matematyka-na-6","status":"publish","type":"post","link":"https:\/\/sp1.kielce.eu\/index.php\/2019\/06\/16\/szkolny-konkurs-matematyka-na-6\/","title":{"rendered":"Szkolny konkurs MATEMATYKA NA 6"},"content":{"rendered":"<p>Dnia 14.06.2019\u00a0 og\u0142oszone zosta\u0142y wyniki corocznego szkolnego konkursu \u201eMatematyka na 6\u201d przeznaczonego dla klas IV \u2013 VIII. Uczniowie\u00a0 rozwi\u0105zywali jednakowe zestawy zada\u0144 tekstowych odpowiednie dla danego poziomu wiekowego. Na rozwi\u0105zanie zada\u0144 przewidziano 60 minut.<\/p>\n<p>Laureaci konkursu w pionach klas to:<\/p>\n<p><strong>Matusz Cedro \u2013 klasa IV a<\/strong><\/p>\n<p><strong>Daniel \u015alusarz &#8211; klasa V b<\/strong><\/p>\n<p><strong>Wojciech Graba \u2013 klasa VI c<\/strong><\/p>\n<p><strong>Ex aequo Anna Sznajder &#8211; klasa VII b i Amelia Januchta \u2013 klasa VII b<\/strong><\/p>\n<p><strong>Ex aequo\u00a0 Zuzanna Zieli\u0144ska \u2013 klasa VIII c i Dawid Wypych \u2013 klasa VIII b<\/strong><\/p>\n<p style=\"text-align: right\">Anna Mazur<\/p>\n<p style=\"text-align: right\">Urszula Sodel<\/p>\n<p style=\"text-align: right\">Sylwia Michorek &#8211; Kania<\/p>\n<p style=\"text-align: right\">\n<div id='gallery-1' class='gallery galleryid-7038 gallery-columns-3 gallery-size-thumbnail'><figure class='gallery-item'>\n\t\t\t<div class='gallery-icon landscape'>\n\t\t\t\t<a href='https:\/\/sp1.kielce.eu\/wp-content\/uploads\/2019\/06\/Matematyka-na-6-klasy-5.jpg'><img loading=\"lazy\" decoding=\"async\" width=\"150\" height=\"150\" src=\"https:\/\/sp1.kielce.eu\/wp-content\/uploads\/2019\/06\/Matematyka-na-6-klasy-5-150x150.jpg\" class=\"attachment-thumbnail size-thumbnail\" alt=\"\" aria-describedby=\"gallery-1-7039\" \/><\/a>\n\t\t\t<\/div>\n\t\t\t\t<figcaption class='wp-caption-text gallery-caption' id='gallery-1-7039'>\n\t\t\t\tMatematyka na 6 klasy 5\n\t\t\t\t<\/figcaption><\/figure><figure class='gallery-item'>\n\t\t\t<div class='gallery-icon landscape'>\n\t\t\t\t<a href='https:\/\/sp1.kielce.eu\/wp-content\/uploads\/2019\/06\/Matematyka-na-6-klasy-7.jpg'><img loading=\"lazy\" decoding=\"async\" width=\"150\" height=\"150\" src=\"https:\/\/sp1.kielce.eu\/wp-content\/uploads\/2019\/06\/Matematyka-na-6-klasy-7-150x150.jpg\" class=\"attachment-thumbnail size-thumbnail\" alt=\"\" aria-describedby=\"gallery-1-7040\" \/><\/a>\n\t\t\t<\/div>\n\t\t\t\t<figcaption class='wp-caption-text gallery-caption' id='gallery-1-7040'>\n\t\t\t\tMatematyka na 6 klasy 7\n\t\t\t\t<\/figcaption><\/figure><figure class='gallery-item'>\n\t\t\t<div class='gallery-icon portrait'>\n\t\t\t\t<a href='https:\/\/sp1.kielce.eu\/wp-content\/uploads\/2019\/06\/Matematyka-na-6-klasy-8.jpg'><img loading=\"lazy\" decoding=\"async\" width=\"150\" height=\"150\" src=\"https:\/\/sp1.kielce.eu\/wp-content\/uploads\/2019\/06\/Matematyka-na-6-klasy-8-150x150.jpg\" class=\"attachment-thumbnail size-thumbnail\" alt=\"\" aria-describedby=\"gallery-1-7041\" \/><\/a>\n\t\t\t<\/div>\n\t\t\t\t<figcaption class='wp-caption-text gallery-caption' id='gallery-1-7041'>\n\t\t\t\tMatematyka na 6 klasy 8\n\t\t\t\t<\/figcaption><\/figure>\n\t\t<\/div>\n\n<p style=\"text-align: right\">\n<p>&nbsp;<\/p>\n","protected":false},"excerpt":{"rendered":"<p>Dnia 14.06.2019\u00a0 og\u0142oszone zosta\u0142y wyniki corocznego szkolnego konkursu \u201eMatematyka na 6\u201d przeznaczonego dla klas IV [&hellip;]<\/p>\n","protected":false},"author":6,"featured_media":7041,"comment_status":"closed","ping_status":"open","sticky":false,"template":"","format":"standard","meta":{"footnotes":""},"categories":[10,22],"tags":[],"class_list":["post-7038","post","type-post","status-publish","format-standard","has-post-thumbnail","hentry","category-konkursy-przedmiotowe","category-konkursy-konkursy-przedmiotowe"],"_links":{"self":[{"href":"https:\/\/sp1.kielce.eu\/index.php\/wp-json\/wp\/v2\/posts\/7038","targetHints":{"allow":["GET"]}}],"collection":[{"href":"https:\/\/sp1.kielce.eu\/index.php\/wp-json\/wp\/v2\/posts"}],"about":[{"href":"https:\/\/sp1.kielce.eu\/index.php\/wp-json\/wp\/v2\/types\/post"}],"author":[{"embeddable":true,"href":"https:\/\/sp1.kielce.eu\/index.php\/wp-json\/wp\/v2\/users\/6"}],"replies":[{"embeddable":true,"href":"https:\/\/sp1.kielce.eu\/index.php\/wp-json\/wp\/v2\/comments?post=7038"}],"version-history":[{"count":1,"href":"https:\/\/sp1.kielce.eu\/index.php\/wp-json\/wp\/v2\/posts\/7038\/revisions"}],"predecessor-version":[{"id":7042,"href":"https:\/\/sp1.kielce.eu\/index.php\/wp-json\/wp\/v2\/posts\/7038\/revisions\/7042"}],"wp:featuredmedia":[{"embeddable":true,"href":"https:\/\/sp1.kielce.eu\/index.php\/wp-json\/wp\/v2\/media\/7041"}],"wp:attachment":[{"href":"https:\/\/sp1.kielce.eu\/index.php\/wp-json\/wp\/v2\/media?parent=7038"}],"wp:term":[{"taxonomy":"category","embeddable":true,"href":"https:\/\/sp1.kielce.eu\/index.php\/wp-json\/wp\/v2\/categories?post=7038"},{"taxonomy":"post_tag","embeddable":true,"href":"https:\/\/sp1.kielce.eu\/index.php\/wp-json\/wp\/v2\/tags?post=7038"}],"curies":[{"name":"wp","href":"https:\/\/api.w.org\/{rel}","templated":true}]}}