{"id":6991,"date":"2019-06-16T12:24:00","date_gmt":"2019-06-16T10:24:00","guid":{"rendered":"http:\/\/sp1.kielce.eu\/?p=6991"},"modified":"2019-06-16T12:24:00","modified_gmt":"2019-06-16T10:24:00","slug":"ratujemy-i-uczymy-ratowac-3","status":"publish","type":"post","link":"https:\/\/sp1.kielce.eu\/index.php\/2019\/06\/16\/ratujemy-i-uczymy-ratowac-3\/","title":{"rendered":"Ratujemy i Uczymy Ratowa\u0107"},"content":{"rendered":"<p style=\"text-align: justify\">Zako\u0144czyli\u015bmy zaj\u0119cia z Programu Edukacyjnego \u201eRatujemy i\u00a0Uczymy Ratowa\u0107\u201d. Gdyby potrzebna by\u0142a nasza pomoc umiemy ju\u017c jej udzieli\u0107. Nasze uczestnictwo w programie i\u00a0umiej\u0119tno\u015bci potwierdzaj\u0105 otrzymane certyfikaty.<\/p>\n<p style=\"text-align: right\">Ma\u0142gorzata R\u0119bi\u015b<\/p>\n<div id='gallery-1' class='gallery galleryid-6991 gallery-columns-3 gallery-size-thumbnail'><figure class='gallery-item'>\n\t\t\t<div class='gallery-icon landscape'>\n\t\t\t\t<a href='https:\/\/sp1.kielce.eu\/wp-content\/uploads\/2019\/06\/20190613_113404-Copy.jpg'><img loading=\"lazy\" decoding=\"async\" width=\"150\" height=\"150\" src=\"https:\/\/sp1.kielce.eu\/wp-content\/uploads\/2019\/06\/20190613_113404-Copy-150x150.jpg\" class=\"attachment-thumbnail size-thumbnail\" alt=\"\" \/><\/a>\n\t\t\t<\/div><\/figure><figure class='gallery-item'>\n\t\t\t<div class='gallery-icon portrait'>\n\t\t\t\t<a href='https:\/\/sp1.kielce.eu\/wp-content\/uploads\/2019\/06\/20190613_120450-Copy.jpg'><img loading=\"lazy\" decoding=\"async\" width=\"150\" height=\"150\" src=\"https:\/\/sp1.kielce.eu\/wp-content\/uploads\/2019\/06\/20190613_120450-Copy-150x150.jpg\" class=\"attachment-thumbnail size-thumbnail\" alt=\"\" \/><\/a>\n\t\t\t<\/div><\/figure><figure class='gallery-item'>\n\t\t\t<div class='gallery-icon portrait'>\n\t\t\t\t<a href='https:\/\/sp1.kielce.eu\/wp-content\/uploads\/2019\/06\/20190613_120515-Copy.jpg'><img loading=\"lazy\" decoding=\"async\" width=\"150\" height=\"150\" src=\"https:\/\/sp1.kielce.eu\/wp-content\/uploads\/2019\/06\/20190613_120515-Copy-150x150.jpg\" class=\"attachment-thumbnail size-thumbnail\" alt=\"\" \/><\/a>\n\t\t\t<\/div><\/figure>\n\t\t<\/div>\n\n","protected":false},"excerpt":{"rendered":"<p>Zako\u0144czyli\u015bmy zaj\u0119cia z Programu Edukacyjnego \u201eRatujemy i\u00a0Uczymy Ratowa\u0107\u201d. Gdyby potrzebna by\u0142a nasza pomoc umiemy ju\u017c [&hellip;]<\/p>\n","protected":false},"author":13,"featured_media":6992,"comment_status":"closed","ping_status":"open","sticky":false,"template":"","format":"standard","meta":{"footnotes":""},"categories":[36,24],"tags":[142],"class_list":["post-6991","post","type-post","status-publish","format-standard","has-post-thumbnail","hentry","category-wydarzenia","category-zdrowie","tag-wosp"],"_links":{"self":[{"href":"https:\/\/sp1.kielce.eu\/index.php\/wp-json\/wp\/v2\/posts\/6991","targetHints":{"allow":["GET"]}}],"collection":[{"href":"https:\/\/sp1.kielce.eu\/index.php\/wp-json\/wp\/v2\/posts"}],"about":[{"href":"https:\/\/sp1.kielce.eu\/index.php\/wp-json\/wp\/v2\/types\/post"}],"author":[{"embeddable":true,"href":"https:\/\/sp1.kielce.eu\/index.php\/wp-json\/wp\/v2\/users\/13"}],"replies":[{"embeddable":true,"href":"https:\/\/sp1.kielce.eu\/index.php\/wp-json\/wp\/v2\/comments?post=6991"}],"version-history":[{"count":2,"href":"https:\/\/sp1.kielce.eu\/index.php\/wp-json\/wp\/v2\/posts\/6991\/revisions"}],"predecessor-version":[{"id":7738,"href":"https:\/\/sp1.kielce.eu\/index.php\/wp-json\/wp\/v2\/posts\/6991\/revisions\/7738"}],"wp:featuredmedia":[{"embeddable":true,"href":"https:\/\/sp1.kielce.eu\/index.php\/wp-json\/wp\/v2\/media\/6992"}],"wp:attachment":[{"href":"https:\/\/sp1.kielce.eu\/index.php\/wp-json\/wp\/v2\/media?parent=6991"}],"wp:term":[{"taxonomy":"category","embeddable":true,"href":"https:\/\/sp1.kielce.eu\/index.php\/wp-json\/wp\/v2\/categories?post=6991"},{"taxonomy":"post_tag","embeddable":true,"href":"https:\/\/sp1.kielce.eu\/index.php\/wp-json\/wp\/v2\/tags?post=6991"}],"curies":[{"name":"wp","href":"https:\/\/api.w.org\/{rel}","templated":true}]}}