{"id":6867,"date":"2019-06-10T00:21:42","date_gmt":"2019-06-09T22:21:42","guid":{"rendered":"http:\/\/sp1.kielce.eu\/?p=6867"},"modified":"2019-06-10T18:12:00","modified_gmt":"2019-06-10T16:12:00","slug":"wycieczka-klas-8a-i-8c","status":"publish","type":"post","link":"https:\/\/sp1.kielce.eu\/index.php\/2019\/06\/10\/wycieczka-klas-8a-i-8c\/","title":{"rendered":"Wycieczka klas 8a i 8c"},"content":{"rendered":"<p style=\"text-align: justify\">W dniach 05-08.06.2019r. uczniowie klas \u00f3smych udali si\u0119 na wycieczk\u0119 do Kotliny K\u0142odzkiej oraz Pragi. Naszym pierwszym przystankiem by\u0142a kopalnia z\u0142ota \u201eZ\u0142oty Stok\u201d. \u00a0Wraz z przewodnikiem przebyli\u015bmy podziemn\u0105 tras\u0119 turystyczn\u0105. Dowiedzieli\u015bmy si\u0119 jak kiedy\u015b w kopalni \u00a0wydobywano z\u0142oto, a w p\u00f3\u017aniejszym czasie arsen. Zobaczyli\u015bmy jedyny w Polsce podziemny wodospad w \u201eSztolni Czarnej\u201d. Na koniec wyjechali\u015bmy na powierzchni\u0119 Podziemnym Pomara\u0144czowym Tramwajem. Z kopalni udali\u015bmy si\u0119 do najwi\u0119kszej g\u00f3rskiej twierdzy w Europie wzniesionej w latach 1765-1777. Twierdza Srebrna G\u00f3ra sk\u0142ada si\u0119 bowiem a\u017c z sze\u015bciu fort\u03ccw i kilku bastion\u03ccw. Ogromne magazyny, studnie, zbrojownia, kaplica, wi\u0119zienie, szpital, piekarnia, browar, warsztaty rzemie\u015blnicze i prochownia czyni\u0142 fort ca\u0142kowicie samodzielnym i samowystarczalnym. Natomiast historia samej Srebrnej G\u00f3ry od pocz\u0105tku istnienia a\u017c do XVII \u00a0zwi\u0105zana jest z wydobyciem srebra i o\u0142owiu. Po zwiedzaniu udali\u015bmy si\u0119 na zas\u0142u\u017cony odpoczynek do o\u015brodka \u201eSzekla\u201d. Drugiego dnia go\u015bcili\u015bmy w stolicy Czech. Zwiedzanie Pragi rozpocz\u0119li\u015bmy od wej\u015bcia na kr\u00f3lewski zamek Hradczany i do gotyckiej katedry \u015aw. Wita, Wac\u0142awa i Wojciecha, kt\u00f3ra na wszystkich zrobi\u0142a ogromne wra\u017cenie. Przed zamkiem mogli\u015bmy obejrze\u0107 honorow\u0105 zmian\u0119 warty. Nast\u0119pnie udali\u015bmy si\u0119 na s\u0142ynn\u0105 Z\u0142ot\u0105 Uliczk\u0119. Po drodze do kolejnych miejsc podziwiali\u015bmy wspania\u0142\u0105 panoram\u0119 miasta, a tak\u017ce zobaczyli\u015bmy jedn\u0105 z najw\u0119\u017cszych ulic \u015bwiata. Kolejnym punktem by\u0142 najstarszy zachowany most kamienny &#8211; Most Karola na We\u0142tawie. Roztacza si\u0119 z niego naprawd\u0119 wspania\u0142y widok. Dalej poruszali\u015bmy si\u0119 uliczkami Pragi z pi\u0119knie zdobionymi kamienicami dochodz\u0105c do Praskiego Zegara Astronomicznego znajduj\u0105cego si\u0119 na \u015bcianie Ratusza Staromiejskiego. Chwil\u0119 czasu po\u015bwi\u0119cili\u015bmy na zakup pami\u0105tek i po pe\u0142nym wra\u017ce\u0144 dniu powr\u00f3cili\u015bmy do o\u015brodka. Ostatniego dnia udali\u015bmy si\u0119 w G\u00f3ry Sto\u0142owe, aby zobaczy\u0107 s\u0142ynne B\u0142\u0119dne Ska\u0142y. Przemierzaj\u0105c wytyczony szlak mogli\u015bmy obejrze\u0107 mi.in. Skalne Siod\u0142o, Kas\u0119, Skalne Wrota. Poruszanie si\u0119 skalnym labiryntem wszystkim sprawi\u0142o wielk\u0105 frajd\u0119. \u00a0Z g\u00f3r pojechali\u015bmy do Kudowy Zdr\u00f3j. Odwiedzili\u015bmy \u00a0Czermn\u0105 z Kaplic\u0105 Czaszek, a potem udali\u015bmy si\u0119 na spacer po Parku Zdrojowym. \u00a0Jego wizyt\u00f3wk\u0105 s\u0105 okaza\u0142e palmy ustawione wzd\u0142u\u017c g\u0142\u00f3wnej alei.<\/p>\n<p style=\"text-align: justify\">Wszystkie odwiedzane miejsca zrobi\u0142y na nas du\u017ce wra\u017cenie i na pewno ten wsp\u00f3lnie sp\u0119dzony czas pozostanie w naszej pami\u0119ci.<\/p>\n<p style=\"text-align: right\">Krystyna Banasik<\/p>\n<p style=\"text-align: right\">Anna Mazur<\/p>\n<p style=\"text-align: right\">Urszula Sodel<\/p>\n<div id='gallery-1' class='gallery galleryid-6867 gallery-columns-8 gallery-size-thumbnail'><figure class='gallery-item'>\n\t\t\t<div class='gallery-icon portrait'>\n\t\t\t\t<a href='https:\/\/sp1.kielce.eu\/wp-content\/uploads\/2019\/06\/Kopalnia-Z\u0142ota.jpg'><img loading=\"lazy\" decoding=\"async\" width=\"150\" height=\"150\" src=\"https:\/\/sp1.kielce.eu\/wp-content\/uploads\/2019\/06\/Kopalnia-Z\u0142ota-150x150.jpg\" class=\"attachment-thumbnail size-thumbnail\" alt=\"\" aria-describedby=\"gallery-1-6904\" \/><\/a>\n\t\t\t<\/div>\n\t\t\t\t<figcaption class='wp-caption-text gallery-caption' id='gallery-1-6904'>\n\t\t\t\t01  Kopalnia Z\u0142ota\n\t\t\t\t<\/figcaption><\/figure><figure class='gallery-item'>\n\t\t\t<div class='gallery-icon landscape'>\n\t\t\t\t<a href='https:\/\/sp1.kielce.eu\/wp-content\/uploads\/2019\/06\/01-Kopalnia-Zloty-Stok.jpg'><img loading=\"lazy\" decoding=\"async\" width=\"150\" height=\"150\" src=\"https:\/\/sp1.kielce.eu\/wp-content\/uploads\/2019\/06\/01-Kopalnia-Zloty-Stok-150x150.jpg\" class=\"attachment-thumbnail size-thumbnail\" alt=\"\" aria-describedby=\"gallery-1-6870\" \/><\/a>\n\t\t\t<\/div>\n\t\t\t\t<figcaption class='wp-caption-text gallery-caption' id='gallery-1-6870'>\n\t\t\t\t02 Kopalnia Zloty Stok\n\t\t\t\t<\/figcaption><\/figure><figure class='gallery-item'>\n\t\t\t<div class='gallery-icon portrait'>\n\t\t\t\t<a href='https:\/\/sp1.kielce.eu\/wp-content\/uploads\/2019\/06\/02-Kopalnia-Z\u0142oty-Stok.jpg'><img loading=\"lazy\" decoding=\"async\" width=\"150\" height=\"150\" src=\"https:\/\/sp1.kielce.eu\/wp-content\/uploads\/2019\/06\/02-Kopalnia-Z\u0142oty-Stok-150x150.jpg\" class=\"attachment-thumbnail size-thumbnail\" alt=\"\" aria-describedby=\"gallery-1-6875\" \/><\/a>\n\t\t\t<\/div>\n\t\t\t\t<figcaption class='wp-caption-text gallery-caption' id='gallery-1-6875'>\n\t\t\t\t03 Kopalnia Z\u0142oty Stok\n\t\t\t\t<\/figcaption><\/figure><figure class='gallery-item'>\n\t\t\t<div class='gallery-icon portrait'>\n\t\t\t\t<a href='https:\/\/sp1.kielce.eu\/wp-content\/uploads\/2019\/06\/05-Kopalnia-Z\u0142oty-Stok.jpg'><img loading=\"lazy\" decoding=\"async\" width=\"150\" height=\"150\" src=\"https:\/\/sp1.kielce.eu\/wp-content\/uploads\/2019\/06\/05-Kopalnia-Z\u0142oty-Stok-150x150.jpg\" class=\"attachment-thumbnail size-thumbnail\" alt=\"\" aria-describedby=\"gallery-1-6886\" \/><\/a>\n\t\t\t<\/div>\n\t\t\t\t<figcaption class='wp-caption-text gallery-caption' id='gallery-1-6886'>\n\t\t\t\t04 Kopalnia Z\u0142oty Stok\n\t\t\t\t<\/figcaption><\/figure><figure class='gallery-item'>\n\t\t\t<div class='gallery-icon landscape'>\n\t\t\t\t<a href='https:\/\/sp1.kielce.eu\/wp-content\/uploads\/2019\/06\/07-Kopalnia-Z\u0142ota.jpg'><img loading=\"lazy\" decoding=\"async\" width=\"150\" height=\"150\" src=\"https:\/\/sp1.kielce.eu\/wp-content\/uploads\/2019\/06\/07-Kopalnia-Z\u0142ota-150x150.jpg\" class=\"attachment-thumbnail size-thumbnail\" alt=\"\" aria-describedby=\"gallery-1-6892\" \/><\/a>\n\t\t\t<\/div>\n\t\t\t\t<figcaption class='wp-caption-text gallery-caption' id='gallery-1-6892'>\n\t\t\t\t05 Muzeum Minera\u0142\u00f3w\n\t\t\t\t<\/figcaption><\/figure><figure class='gallery-item'>\n\t\t\t<div class='gallery-icon landscape'>\n\t\t\t\t<a href='https:\/\/sp1.kielce.eu\/wp-content\/uploads\/2019\/06\/02-Twierdza-Srebrna-G\u00f3ra.jpg'><img loading=\"lazy\" decoding=\"async\" width=\"150\" height=\"150\" src=\"https:\/\/sp1.kielce.eu\/wp-content\/uploads\/2019\/06\/02-Twierdza-Srebrna-G\u00f3ra-150x150.jpg\" class=\"attachment-thumbnail size-thumbnail\" alt=\"\" aria-describedby=\"gallery-1-6879\" \/><\/a>\n\t\t\t<\/div>\n\t\t\t\t<figcaption class='wp-caption-text gallery-caption' id='gallery-1-6879'>\n\t\t\t\t01 Twierdza Srebrna G\u00f3ra\n\t\t\t\t<\/figcaption><\/figure><figure class='gallery-item'>\n\t\t\t<div class='gallery-icon landscape'>\n\t\t\t\t<a href='https:\/\/sp1.kielce.eu\/wp-content\/uploads\/2019\/06\/01-Twierdza-Srebrna-G\u00f3ra.jpg'><img loading=\"lazy\" decoding=\"async\" width=\"150\" height=\"150\" src=\"https:\/\/sp1.kielce.eu\/wp-content\/uploads\/2019\/06\/01-Twierdza-Srebrna-G\u00f3ra-150x150.jpg\" class=\"attachment-thumbnail size-thumbnail\" alt=\"\" aria-describedby=\"gallery-1-6873\" \/><\/a>\n\t\t\t<\/div>\n\t\t\t\t<figcaption class='wp-caption-text gallery-caption' id='gallery-1-6873'>\n\t\t\t\t02 Twierdza Srebrna G\u00f3ra\n\t\t\t\t<\/figcaption><\/figure><figure class='gallery-item'>\n\t\t\t<div class='gallery-icon landscape'>\n\t\t\t\t<a href='https:\/\/sp1.kielce.eu\/wp-content\/uploads\/2019\/06\/04-Twierdza-Srebrna-G\u00f3ra.jpg'><img loading=\"lazy\" decoding=\"async\" width=\"150\" height=\"150\" src=\"https:\/\/sp1.kielce.eu\/wp-content\/uploads\/2019\/06\/04-Twierdza-Srebrna-G\u00f3ra-150x150.jpg\" class=\"attachment-thumbnail size-thumbnail\" alt=\"\" aria-describedby=\"gallery-1-6884\" \/><\/a>\n\t\t\t<\/div>\n\t\t\t\t<figcaption class='wp-caption-text gallery-caption' id='gallery-1-6884'>\n\t\t\t\t03 Twierdza Srebrna G\u00f3ra\n\t\t\t\t<\/figcaption><\/figure><figure class='gallery-item'>\n\t\t\t<div class='gallery-icon landscape'>\n\t\t\t\t<a href='https:\/\/sp1.kielce.eu\/wp-content\/uploads\/2019\/06\/05-Twierdza-Srebrna-G\u00f3ra.jpg'><img loading=\"lazy\" decoding=\"async\" width=\"150\" height=\"150\" src=\"https:\/\/sp1.kielce.eu\/wp-content\/uploads\/2019\/06\/05-Twierdza-Srebrna-G\u00f3ra-150x150.jpg\" class=\"attachment-thumbnail size-thumbnail\" alt=\"\" aria-describedby=\"gallery-1-6888\" \/><\/a>\n\t\t\t<\/div>\n\t\t\t\t<figcaption class='wp-caption-text gallery-caption' id='gallery-1-6888'>\n\t\t\t\t04 Twierdza Srebrna G\u00f3ra\n\t\t\t\t<\/figcaption><\/figure><figure class='gallery-item'>\n\t\t\t<div class='gallery-icon landscape'>\n\t\t\t\t<a href='https:\/\/sp1.kielce.eu\/wp-content\/uploads\/2019\/06\/08-Twierdza-Srebrna-G\u00f3ra.jpg'><img loading=\"lazy\" decoding=\"async\" width=\"150\" height=\"150\" src=\"https:\/\/sp1.kielce.eu\/wp-content\/uploads\/2019\/06\/08-Twierdza-Srebrna-G\u00f3ra-150x150.jpg\" class=\"attachment-thumbnail size-thumbnail\" alt=\"\" aria-describedby=\"gallery-1-6896\" \/><\/a>\n\t\t\t<\/div>\n\t\t\t\t<figcaption class='wp-caption-text gallery-caption' id='gallery-1-6896'>\n\t\t\t\t05 Twierdza Srebrna G\u00f3ra\n\t\t\t\t<\/figcaption><\/figure><figure class='gallery-item'>\n\t\t\t<div class='gallery-icon landscape'>\n\t\t\t\t<a href='https:\/\/sp1.kielce.eu\/wp-content\/uploads\/2019\/06\/09-Twierdza-Srebrna-G\u00f3ra.jpg'><img loading=\"lazy\" decoding=\"async\" width=\"150\" height=\"150\" src=\"https:\/\/sp1.kielce.eu\/wp-content\/uploads\/2019\/06\/09-Twierdza-Srebrna-G\u00f3ra-150x150.jpg\" class=\"attachment-thumbnail size-thumbnail\" alt=\"\" aria-describedby=\"gallery-1-6897\" \/><\/a>\n\t\t\t<\/div>\n\t\t\t\t<figcaption class='wp-caption-text gallery-caption' id='gallery-1-6897'>\n\t\t\t\t06 Twierdza Srebrna G\u00f3ra\n\t\t\t\t<\/figcaption><\/figure><figure class='gallery-item'>\n\t\t\t<div class='gallery-icon landscape'>\n\t\t\t\t<a href='https:\/\/sp1.kielce.eu\/wp-content\/uploads\/2019\/06\/10-Twierdza-Srebrna-G\u00f3ra.jpg'><img loading=\"lazy\" decoding=\"async\" width=\"150\" height=\"150\" src=\"https:\/\/sp1.kielce.eu\/wp-content\/uploads\/2019\/06\/10-Twierdza-Srebrna-G\u00f3ra-150x150.jpg\" class=\"attachment-thumbnail size-thumbnail\" alt=\"\" aria-describedby=\"gallery-1-6899\" \/><\/a>\n\t\t\t<\/div>\n\t\t\t\t<figcaption class='wp-caption-text gallery-caption' id='gallery-1-6899'>\n\t\t\t\t07 Twierdza Srebrna G\u00f3ra\n\t\t\t\t<\/figcaption><\/figure><figure class='gallery-item'>\n\t\t\t<div class='gallery-icon landscape'>\n\t\t\t\t<a href='https:\/\/sp1.kielce.eu\/wp-content\/uploads\/2019\/06\/11-Twierdza-Srebrna-G\u00f3ra.jpg'><img loading=\"lazy\" decoding=\"async\" width=\"150\" height=\"150\" src=\"https:\/\/sp1.kielce.eu\/wp-content\/uploads\/2019\/06\/11-Twierdza-Srebrna-G\u00f3ra-150x150.jpg\" class=\"attachment-thumbnail size-thumbnail\" alt=\"\" aria-describedby=\"gallery-1-6901\" \/><\/a>\n\t\t\t<\/div>\n\t\t\t\t<figcaption class='wp-caption-text gallery-caption' id='gallery-1-6901'>\n\t\t\t\t08 Twierdza Srebrna G\u00f3ra\n\t\t\t\t<\/figcaption><\/figure><figure class='gallery-item'>\n\t\t\t<div class='gallery-icon portrait'>\n\t\t\t\t<a href='https:\/\/sp1.kielce.eu\/wp-content\/uploads\/2019\/06\/02-Praga-Hradczany.jpg'><img loading=\"lazy\" decoding=\"async\" width=\"150\" height=\"150\" src=\"https:\/\/sp1.kielce.eu\/wp-content\/uploads\/2019\/06\/02-Praga-Hradczany-150x150.jpg\" class=\"attachment-thumbnail size-thumbnail\" alt=\"\" aria-describedby=\"gallery-1-6878\" \/><\/a>\n\t\t\t<\/div>\n\t\t\t\t<figcaption class='wp-caption-text gallery-caption' id='gallery-1-6878'>\n\t\t\t\t01 Praga &#8211; Hradczany\n\t\t\t\t<\/figcaption><\/figure><figure class='gallery-item'>\n\t\t\t<div class='gallery-icon portrait'>\n\t\t\t\t<a href='https:\/\/sp1.kielce.eu\/wp-content\/uploads\/2019\/06\/Katedra-Praga.jpg'><img loading=\"lazy\" decoding=\"async\" width=\"150\" height=\"150\" src=\"https:\/\/sp1.kielce.eu\/wp-content\/uploads\/2019\/06\/Katedra-Praga-150x150.jpg\" class=\"attachment-thumbnail size-thumbnail\" alt=\"\" aria-describedby=\"gallery-1-6903\" \/><\/a>\n\t\t\t<\/div>\n\t\t\t\t<figcaption class='wp-caption-text gallery-caption' id='gallery-1-6903'>\n\t\t\t\t02 Katedra &#8211; Praga\n\t\t\t\t<\/figcaption><\/figure><figure class='gallery-item'>\n\t\t\t<div class='gallery-icon portrait'>\n\t\t\t\t<a href='https:\/\/sp1.kielce.eu\/wp-content\/uploads\/2019\/06\/05-Praga.jpg'><img loading=\"lazy\" decoding=\"async\" width=\"150\" height=\"150\" src=\"https:\/\/sp1.kielce.eu\/wp-content\/uploads\/2019\/06\/05-Praga-150x150.jpg\" class=\"attachment-thumbnail size-thumbnail\" alt=\"\" aria-describedby=\"gallery-1-6887\" \/><\/a>\n\t\t\t<\/div>\n\t\t\t\t<figcaption class='wp-caption-text gallery-caption' id='gallery-1-6887'>\n\t\t\t\t03 Praga\n\t\t\t\t<\/figcaption><\/figure><figure class='gallery-item'>\n\t\t\t<div class='gallery-icon landscape'>\n\t\t\t\t<a href='https:\/\/sp1.kielce.eu\/wp-content\/uploads\/2019\/06\/04-Praga.jpg'><img loading=\"lazy\" decoding=\"async\" width=\"150\" height=\"150\" src=\"https:\/\/sp1.kielce.eu\/wp-content\/uploads\/2019\/06\/04-Praga-150x150.jpg\" class=\"attachment-thumbnail size-thumbnail\" alt=\"\" aria-describedby=\"gallery-1-6883\" \/><\/a>\n\t\t\t<\/div>\n\t\t\t\t<figcaption class='wp-caption-text gallery-caption' id='gallery-1-6883'>\n\t\t\t\t04 Praga\n\t\t\t\t<\/figcaption><\/figure><figure class='gallery-item'>\n\t\t\t<div class='gallery-icon landscape'>\n\t\t\t\t<a href='https:\/\/sp1.kielce.eu\/wp-content\/uploads\/2019\/06\/01-Praga.jpg'><img loading=\"lazy\" decoding=\"async\" width=\"150\" height=\"150\" src=\"https:\/\/sp1.kielce.eu\/wp-content\/uploads\/2019\/06\/01-Praga-150x150.jpg\" class=\"attachment-thumbnail size-thumbnail\" alt=\"\" aria-describedby=\"gallery-1-6872\" \/><\/a>\n\t\t\t<\/div>\n\t\t\t\t<figcaption class='wp-caption-text gallery-caption' id='gallery-1-6872'>\n\t\t\t\t05 Praga\n\t\t\t\t<\/figcaption><\/figure><figure class='gallery-item'>\n\t\t\t<div class='gallery-icon portrait'>\n\t\t\t\t<a href='https:\/\/sp1.kielce.eu\/wp-content\/uploads\/2019\/06\/06-Praga.jpg'><img loading=\"lazy\" decoding=\"async\" width=\"150\" height=\"150\" src=\"https:\/\/sp1.kielce.eu\/wp-content\/uploads\/2019\/06\/06-Praga-150x150.jpg\" class=\"attachment-thumbnail size-thumbnail\" alt=\"\" aria-describedby=\"gallery-1-6890\" \/><\/a>\n\t\t\t<\/div>\n\t\t\t\t<figcaption class='wp-caption-text gallery-caption' id='gallery-1-6890'>\n\t\t\t\t06 Praga\n\t\t\t\t<\/figcaption><\/figure><figure class='gallery-item'>\n\t\t\t<div class='gallery-icon portrait'>\n\t\t\t\t<a href='https:\/\/sp1.kielce.eu\/wp-content\/uploads\/2019\/06\/Z\u0142ota-Uliczka-Praga.jpg'><img loading=\"lazy\" decoding=\"async\" width=\"150\" height=\"150\" src=\"https:\/\/sp1.kielce.eu\/wp-content\/uploads\/2019\/06\/Z\u0142ota-Uliczka-Praga-150x150.jpg\" class=\"attachment-thumbnail size-thumbnail\" alt=\"\" aria-describedby=\"gallery-1-6905\" \/><\/a>\n\t\t\t<\/div>\n\t\t\t\t<figcaption class='wp-caption-text gallery-caption' id='gallery-1-6905'>\n\t\t\t\t07 Z\u0142ota Uliczka &#8211; Praga\n\t\t\t\t<\/figcaption><\/figure><figure class='gallery-item'>\n\t\t\t<div class='gallery-icon landscape'>\n\t\t\t\t<a href='https:\/\/sp1.kielce.eu\/wp-content\/uploads\/2019\/06\/01-Most-Karola.jpg'><img loading=\"lazy\" decoding=\"async\" width=\"150\" height=\"150\" src=\"https:\/\/sp1.kielce.eu\/wp-content\/uploads\/2019\/06\/01-Most-Karola-150x150.jpg\" class=\"attachment-thumbnail size-thumbnail\" alt=\"\" aria-describedby=\"gallery-1-6871\" \/><\/a>\n\t\t\t<\/div>\n\t\t\t\t<figcaption class='wp-caption-text gallery-caption' id='gallery-1-6871'>\n\t\t\t\t08 Most Karola &#8211; Praga\n\t\t\t\t<\/figcaption><\/figure><figure class='gallery-item'>\n\t\t\t<div class='gallery-icon portrait'>\n\t\t\t\t<a href='https:\/\/sp1.kielce.eu\/wp-content\/uploads\/2019\/06\/02-Most-Karola.jpg'><img loading=\"lazy\" decoding=\"async\" width=\"150\" height=\"150\" src=\"https:\/\/sp1.kielce.eu\/wp-content\/uploads\/2019\/06\/02-Most-Karola-150x150.jpg\" class=\"attachment-thumbnail size-thumbnail\" alt=\"\" aria-describedby=\"gallery-1-6876\" \/><\/a>\n\t\t\t<\/div>\n\t\t\t\t<figcaption class='wp-caption-text gallery-caption' id='gallery-1-6876'>\n\t\t\t\t09 Most Karola &#8211; Praga\n\t\t\t\t<\/figcaption><\/figure><figure class='gallery-item'>\n\t\t\t<div class='gallery-icon landscape'>\n\t\t\t\t<a href='https:\/\/sp1.kielce.eu\/wp-content\/uploads\/2019\/06\/07-Praga-panorama.jpg'><img loading=\"lazy\" decoding=\"async\" width=\"150\" height=\"150\" src=\"https:\/\/sp1.kielce.eu\/wp-content\/uploads\/2019\/06\/07-Praga-panorama-150x150.jpg\" class=\"attachment-thumbnail size-thumbnail\" alt=\"\" aria-describedby=\"gallery-1-6893\" \/><\/a>\n\t\t\t<\/div>\n\t\t\t\t<figcaption class='wp-caption-text gallery-caption' id='gallery-1-6893'>\n\t\t\t\t10 Praga &#8211; panorama\n\t\t\t\t<\/figcaption><\/figure><figure class='gallery-item'>\n\t\t\t<div class='gallery-icon portrait'>\n\t\t\t\t<a href='https:\/\/sp1.kielce.eu\/wp-content\/uploads\/2019\/06\/11-Praga.jpg'><img loading=\"lazy\" decoding=\"async\" width=\"150\" height=\"150\" src=\"https:\/\/sp1.kielce.eu\/wp-content\/uploads\/2019\/06\/11-Praga-150x150.jpg\" class=\"attachment-thumbnail size-thumbnail\" alt=\"\" aria-describedby=\"gallery-1-6900\" \/><\/a>\n\t\t\t<\/div>\n\t\t\t\t<figcaption class='wp-caption-text gallery-caption' id='gallery-1-6900'>\n\t\t\t\t10 Praga\n\t\t\t\t<\/figcaption><\/figure><figure class='gallery-item'>\n\t\t\t<div class='gallery-icon portrait'>\n\t\t\t\t<a href='https:\/\/sp1.kielce.eu\/wp-content\/uploads\/2019\/06\/10-Ratusz-Staromiejski.jpg'><img loading=\"lazy\" decoding=\"async\" width=\"150\" height=\"150\" src=\"https:\/\/sp1.kielce.eu\/wp-content\/uploads\/2019\/06\/10-Ratusz-Staromiejski-150x150.jpg\" class=\"attachment-thumbnail size-thumbnail\" alt=\"\" aria-describedby=\"gallery-1-6898\" \/><\/a>\n\t\t\t<\/div>\n\t\t\t\t<figcaption class='wp-caption-text gallery-caption' id='gallery-1-6898'>\n\t\t\t\t12 Ratusz Staromiejski\n\t\t\t\t<\/figcaption><\/figure><figure class='gallery-item'>\n\t\t\t<div class='gallery-icon portrait'>\n\t\t\t\t<a href='https:\/\/sp1.kielce.eu\/wp-content\/uploads\/2019\/06\/12-Praga.jpg'><img loading=\"lazy\" decoding=\"async\" width=\"150\" height=\"150\" src=\"https:\/\/sp1.kielce.eu\/wp-content\/uploads\/2019\/06\/12-Praga-150x150.jpg\" class=\"attachment-thumbnail size-thumbnail\" alt=\"\" aria-describedby=\"gallery-1-6902\" \/><\/a>\n\t\t\t<\/div>\n\t\t\t\t<figcaption class='wp-caption-text gallery-caption' id='gallery-1-6902'>\n\t\t\t\t13 Praga\n\t\t\t\t<\/figcaption><\/figure><figure class='gallery-item'>\n\t\t\t<div class='gallery-icon landscape'>\n\t\t\t\t<a href='https:\/\/sp1.kielce.eu\/wp-content\/uploads\/2019\/06\/08-Praga.jpg'><img loading=\"lazy\" decoding=\"async\" width=\"150\" height=\"150\" src=\"https:\/\/sp1.kielce.eu\/wp-content\/uploads\/2019\/06\/08-Praga-150x150.jpg\" class=\"attachment-thumbnail size-thumbnail\" alt=\"\" aria-describedby=\"gallery-1-6895\" \/><\/a>\n\t\t\t<\/div>\n\t\t\t\t<figcaption class='wp-caption-text gallery-caption' id='gallery-1-6895'>\n\t\t\t\t13 Praga\n\t\t\t\t<\/figcaption><\/figure><figure class='gallery-item'>\n\t\t\t<div class='gallery-icon portrait'>\n\t\t\t\t<a href='https:\/\/sp1.kielce.eu\/wp-content\/uploads\/2019\/06\/DSCN1186.jpg'><img loading=\"lazy\" decoding=\"async\" width=\"150\" height=\"150\" src=\"https:\/\/sp1.kielce.eu\/wp-content\/uploads\/2019\/06\/DSCN1186-150x150.jpg\" class=\"attachment-thumbnail size-thumbnail\" alt=\"\" aria-describedby=\"gallery-1-6906\" \/><\/a>\n\t\t\t<\/div>\n\t\t\t\t<figcaption class='wp-caption-text gallery-caption' id='gallery-1-6906'>\n\t\t\t\t14 Praga\n\t\t\t\t<\/figcaption><\/figure><figure class='gallery-item'>\n\t\t\t<div class='gallery-icon landscape'>\n\t\t\t\t<a href='https:\/\/sp1.kielce.eu\/wp-content\/uploads\/2019\/06\/DSCN1235.jpg'><img loading=\"lazy\" decoding=\"async\" width=\"150\" height=\"150\" src=\"https:\/\/sp1.kielce.eu\/wp-content\/uploads\/2019\/06\/DSCN1235-150x150.jpg\" class=\"attachment-thumbnail size-thumbnail\" alt=\"\" aria-describedby=\"gallery-1-6907\" \/><\/a>\n\t\t\t<\/div>\n\t\t\t\t<figcaption class='wp-caption-text gallery-caption' id='gallery-1-6907'>\n\t\t\t\t15 Praga\n\t\t\t\t<\/figcaption><\/figure><figure class='gallery-item'>\n\t\t\t<div class='gallery-icon portrait'>\n\t\t\t\t<a href='https:\/\/sp1.kielce.eu\/wp-content\/uploads\/2019\/06\/01-B\u0142\u0119dne-Ska\u0142y.jpg'><img loading=\"lazy\" decoding=\"async\" width=\"150\" height=\"150\" src=\"https:\/\/sp1.kielce.eu\/wp-content\/uploads\/2019\/06\/01-B\u0142\u0119dne-Ska\u0142y-150x150.jpg\" class=\"attachment-thumbnail size-thumbnail\" alt=\"\" aria-describedby=\"gallery-1-6868\" \/><\/a>\n\t\t\t<\/div>\n\t\t\t\t<figcaption class='wp-caption-text gallery-caption' id='gallery-1-6868'>\n\t\t\t\t01 B\u0142\u0119dne Ska\u0142y\n\t\t\t\t<\/figcaption><\/figure><figure class='gallery-item'>\n\t\t\t<div class='gallery-icon landscape'>\n\t\t\t\t<a href='https:\/\/sp1.kielce.eu\/wp-content\/uploads\/2019\/06\/02-B\u0142\u0119dne-Ska\u0142y.jpg'><img loading=\"lazy\" decoding=\"async\" width=\"150\" height=\"150\" src=\"https:\/\/sp1.kielce.eu\/wp-content\/uploads\/2019\/06\/02-B\u0142\u0119dne-Ska\u0142y-150x150.jpg\" class=\"attachment-thumbnail size-thumbnail\" alt=\"\" aria-describedby=\"gallery-1-6874\" \/><\/a>\n\t\t\t<\/div>\n\t\t\t\t<figcaption class='wp-caption-text gallery-caption' id='gallery-1-6874'>\n\t\t\t\t02 B\u0142\u0119dne Ska\u0142y\n\t\t\t\t<\/figcaption><\/figure><figure class='gallery-item'>\n\t\t\t<div class='gallery-icon portrait'>\n\t\t\t\t<a href='https:\/\/sp1.kielce.eu\/wp-content\/uploads\/2019\/06\/04-B\u0142\u0119dne-Ska\u0142y.jpg'><img loading=\"lazy\" decoding=\"async\" width=\"150\" height=\"150\" src=\"https:\/\/sp1.kielce.eu\/wp-content\/uploads\/2019\/06\/04-B\u0142\u0119dne-Ska\u0142y-150x150.jpg\" class=\"attachment-thumbnail size-thumbnail\" alt=\"\" aria-describedby=\"gallery-1-6882\" \/><\/a>\n\t\t\t<\/div>\n\t\t\t\t<figcaption class='wp-caption-text gallery-caption' id='gallery-1-6882'>\n\t\t\t\t03 B\u0142\u0119dne Ska\u0142y\n\t\t\t\t<\/figcaption><\/figure><figure class='gallery-item'>\n\t\t\t<div class='gallery-icon portrait'>\n\t\t\t\t<a href='https:\/\/sp1.kielce.eu\/wp-content\/uploads\/2019\/06\/05-B\u0142edne-Ska\u0142y.jpg'><img loading=\"lazy\" decoding=\"async\" width=\"150\" height=\"150\" src=\"https:\/\/sp1.kielce.eu\/wp-content\/uploads\/2019\/06\/05-B\u0142edne-Ska\u0142y-150x150.jpg\" class=\"attachment-thumbnail size-thumbnail\" alt=\"\" aria-describedby=\"gallery-1-6885\" \/><\/a>\n\t\t\t<\/div>\n\t\t\t\t<figcaption class='wp-caption-text gallery-caption' id='gallery-1-6885'>\n\t\t\t\t04 B\u0142\u0119dne Ska\u0142y\n\t\t\t\t<\/figcaption><\/figure><figure class='gallery-item'>\n\t\t\t<div class='gallery-icon landscape'>\n\t\t\t\t<a href='https:\/\/sp1.kielce.eu\/wp-content\/uploads\/2019\/06\/03-B\u0142\u0119dne-Ska\u0142y.jpg'><img loading=\"lazy\" decoding=\"async\" width=\"150\" height=\"150\" src=\"https:\/\/sp1.kielce.eu\/wp-content\/uploads\/2019\/06\/03-B\u0142\u0119dne-Ska\u0142y-150x150.jpg\" class=\"attachment-thumbnail size-thumbnail\" alt=\"\" aria-describedby=\"gallery-1-6880\" \/><\/a>\n\t\t\t<\/div>\n\t\t\t\t<figcaption class='wp-caption-text gallery-caption' id='gallery-1-6880'>\n\t\t\t\t05 B\u0142\u0119dne Ska\u0142y\n\t\t\t\t<\/figcaption><\/figure><figure class='gallery-item'>\n\t\t\t<div class='gallery-icon portrait'>\n\t\t\t\t<a href='https:\/\/sp1.kielce.eu\/wp-content\/uploads\/2019\/06\/06-B\u0142\u0119dne-Ska\u0142y.jpg'><img loading=\"lazy\" decoding=\"async\" width=\"150\" height=\"150\" src=\"https:\/\/sp1.kielce.eu\/wp-content\/uploads\/2019\/06\/06-B\u0142\u0119dne-Ska\u0142y-150x150.jpg\" class=\"attachment-thumbnail size-thumbnail\" alt=\"\" aria-describedby=\"gallery-1-6889\" \/><\/a>\n\t\t\t<\/div>\n\t\t\t\t<figcaption class='wp-caption-text gallery-caption' id='gallery-1-6889'>\n\t\t\t\t06 B\u0142\u0119dne Ska\u0142y\n\t\t\t\t<\/figcaption><\/figure><figure class='gallery-item'>\n\t\t\t<div class='gallery-icon landscape'>\n\t\t\t\t<a href='https:\/\/sp1.kielce.eu\/wp-content\/uploads\/2019\/06\/08-B\u0142\u0119dne-Ska\u0142y.jpg'><img loading=\"lazy\" decoding=\"async\" width=\"150\" height=\"150\" src=\"https:\/\/sp1.kielce.eu\/wp-content\/uploads\/2019\/06\/08-B\u0142\u0119dne-Ska\u0142y-150x150.jpg\" class=\"attachment-thumbnail size-thumbnail\" alt=\"\" aria-describedby=\"gallery-1-6894\" \/><\/a>\n\t\t\t<\/div>\n\t\t\t\t<figcaption class='wp-caption-text gallery-caption' id='gallery-1-6894'>\n\t\t\t\t07 B\u0142\u0119dne Ska\u0142y\n\t\t\t\t<\/figcaption><\/figure><figure class='gallery-item'>\n\t\t\t<div class='gallery-icon landscape'>\n\t\t\t\t<a href='https:\/\/sp1.kielce.eu\/wp-content\/uploads\/2019\/06\/01-Czermna.jpg'><img loading=\"lazy\" decoding=\"async\" width=\"150\" height=\"150\" src=\"https:\/\/sp1.kielce.eu\/wp-content\/uploads\/2019\/06\/01-Czermna-150x150.jpg\" class=\"attachment-thumbnail size-thumbnail\" alt=\"\" aria-describedby=\"gallery-1-6869\" \/><\/a>\n\t\t\t<\/div>\n\t\t\t\t<figcaption class='wp-caption-text gallery-caption' id='gallery-1-6869'>\n\t\t\t\t01 Czermna\n\t\t\t\t<\/figcaption><\/figure><figure class='gallery-item'>\n\t\t\t<div class='gallery-icon portrait'>\n\t\t\t\t<a href='https:\/\/sp1.kielce.eu\/wp-content\/uploads\/2019\/06\/02-Park-Zdrojowy.jpg'><img loading=\"lazy\" decoding=\"async\" width=\"150\" height=\"150\" src=\"https:\/\/sp1.kielce.eu\/wp-content\/uploads\/2019\/06\/02-Park-Zdrojowy-150x150.jpg\" class=\"attachment-thumbnail size-thumbnail\" alt=\"\" aria-describedby=\"gallery-1-6877\" \/><\/a>\n\t\t\t<\/div>\n\t\t\t\t<figcaption class='wp-caption-text gallery-caption' id='gallery-1-6877'>\n\t\t\t\t01 Kudowa Zdr\u00f3j\n\t\t\t\t<\/figcaption><\/figure><figure class='gallery-item'>\n\t\t\t<div class='gallery-icon landscape'>\n\t\t\t\t<a href='https:\/\/sp1.kielce.eu\/wp-content\/uploads\/2019\/06\/03-Park-Zdrojowy.jpg'><img loading=\"lazy\" decoding=\"async\" width=\"150\" height=\"150\" src=\"https:\/\/sp1.kielce.eu\/wp-content\/uploads\/2019\/06\/03-Park-Zdrojowy-150x150.jpg\" class=\"attachment-thumbnail size-thumbnail\" alt=\"\" aria-describedby=\"gallery-1-6881\" \/><\/a>\n\t\t\t<\/div>\n\t\t\t\t<figcaption class='wp-caption-text gallery-caption' id='gallery-1-6881'>\n\t\t\t\t02 Kudowa Zdr\u00f3j\n\t\t\t\t<\/figcaption><\/figure>\n\t\t<\/div>\n\n","protected":false},"excerpt":{"rendered":"<p>W dniach 05-08.06.2019r. uczniowie klas \u00f3smych udali si\u0119 na wycieczk\u0119 do Kotliny K\u0142odzkiej oraz Pragi. [&hellip;]<\/p>\n","protected":false},"author":6,"featured_media":6895,"comment_status":"closed","ping_status":"open","sticky":false,"template":"","format":"standard","meta":{"footnotes":""},"categories":[3],"tags":[],"class_list":["post-6867","post","type-post","status-publish","format-standard","has-post-thumbnail","hentry","category-wycieczki"],"_links":{"self":[{"href":"https:\/\/sp1.kielce.eu\/index.php\/wp-json\/wp\/v2\/posts\/6867","targetHints":{"allow":["GET"]}}],"collection":[{"href":"https:\/\/sp1.kielce.eu\/index.php\/wp-json\/wp\/v2\/posts"}],"about":[{"href":"https:\/\/sp1.kielce.eu\/index.php\/wp-json\/wp\/v2\/types\/post"}],"author":[{"embeddable":true,"href":"https:\/\/sp1.kielce.eu\/index.php\/wp-json\/wp\/v2\/users\/6"}],"replies":[{"embeddable":true,"href":"https:\/\/sp1.kielce.eu\/index.php\/wp-json\/wp\/v2\/comments?post=6867"}],"version-history":[{"count":2,"href":"https:\/\/sp1.kielce.eu\/index.php\/wp-json\/wp\/v2\/posts\/6867\/revisions"}],"predecessor-version":[{"id":6909,"href":"https:\/\/sp1.kielce.eu\/index.php\/wp-json\/wp\/v2\/posts\/6867\/revisions\/6909"}],"wp:featuredmedia":[{"embeddable":true,"href":"https:\/\/sp1.kielce.eu\/index.php\/wp-json\/wp\/v2\/media\/6895"}],"wp:attachment":[{"href":"https:\/\/sp1.kielce.eu\/index.php\/wp-json\/wp\/v2\/media?parent=6867"}],"wp:term":[{"taxonomy":"category","embeddable":true,"href":"https:\/\/sp1.kielce.eu\/index.php\/wp-json\/wp\/v2\/categories?post=6867"},{"taxonomy":"post_tag","embeddable":true,"href":"https:\/\/sp1.kielce.eu\/index.php\/wp-json\/wp\/v2\/tags?post=6867"}],"curies":[{"name":"wp","href":"https:\/\/api.w.org\/{rel}","templated":true}]}}