{"id":6820,"date":"2019-06-05T23:17:14","date_gmt":"2019-06-05T21:17:14","guid":{"rendered":"http:\/\/sp1.kielce.eu\/?p=6820"},"modified":"2019-10-03T22:21:28","modified_gmt":"2019-10-03T20:21:28","slug":"pomoc-psychologiczno-pedagogiczna-wychowawcza-i-opiekuncza","status":"publish","type":"post","link":"https:\/\/sp1.kielce.eu\/index.php\/2019\/06\/05\/pomoc-psychologiczno-pedagogiczna-wychowawcza-i-opiekuncza\/","title":{"rendered":"Pomoc psychologiczno-pedagogiczna, wychowawcza i opieku\u0144cza"},"content":{"rendered":"<p><strong>Wykaz instytucji, w kt\u00f3rych mo\u017cna uzyska\u0107 pomoc psychologiczno-pedagogiczn\u0105, wychowawcz\u0105 i opieku\u0144cz\u0105<\/strong><\/p>\n<p>&nbsp;<\/p>\n<p>Miejski Zesp\u00f3\u0142 Poradni Psychologiczno-Pedgogicznyc<br \/>\nul. Urz\u0119dnicza 16<br \/>\ntel. 41&nbsp;367 67 28<\/p>\n<p>godziny pracy poniedzia\u0142ek \u2013 czwartek 8:00-19:00, pi\u0105tek 8:00-15:00<\/p>\n<p>&nbsp;<\/p>\n<p>Miejski O\u015brodek Pomocy Rodzinie<br \/>\nul. Studzienna 2<br \/>\ntel. 41&nbsp;331 25 24<\/p>\n<p>&nbsp;<\/p>\n<p>Rejon Opieku\u0144czy \u201eCentrum\u201d<br \/>\nul. Warszawska 29<br \/>\npokoje nr&nbsp; 9-10, III pi\u0119tro<br \/>\ntel . 41&nbsp;242 80 23<\/p>\n<p>&nbsp;<\/p>\n<p>Rejon Opieku\u0144czy \u201eSzyd\u0142\u00f3wek\u201d<br \/>\nul. Miodowa 7<br \/>\ntel. 41&nbsp;362 62 65<\/p>\n<p>&nbsp;<\/p>\n<p>Rejon Opieku\u0144czy \u201eUroczysko\u201d<br \/>\nul. Zapolskiej 7<br \/>\ntel. 41&nbsp;331 29 93<\/p>\n<p>&nbsp;<\/p>\n<p>Zesp\u00f3\u0142 Profilaktyki Rodziny MOPR<br \/>\nul. Wi\u015bniowa<br \/>\ntel. 41&nbsp;331 35 45<\/p>\n<p>&nbsp;<\/p>\n<p>Specjalistyczny O\u015brodek Wsparcia dla Ofiar Przemocy w Rodzinie<br \/>\nul. Weso\u0142a 51<br \/>\ngodziny pracy: poniedzia\u0142ek \u2013 pi\u0105tek 8:00-18:00<br \/>\ntel. 41&nbsp;368 18 67<\/p>\n<p>O\u015brodek Korekcyjno Edukacyjny dla Os\u00f3b Stosuj\u0105cych Przemoc w Rodzinie<br \/>\nul. Wi\u015bniowa 3<br \/>\ngodziny pracy: poniedzia\u0142ek \u2013 pi\u0105tek 8:00-16:00<br \/>\ntel. 41 362 89 73<\/p>\n<p>Punkt Interwencyjno \u2013 Konsultacyjny dla Os\u00f3b Doznaj\u0105cych Przemocy&nbsp;&nbsp;&nbsp;&nbsp;&nbsp;&nbsp;&nbsp;&nbsp;&nbsp;&nbsp;&nbsp;&nbsp; w Rodzinie<br \/>\nul. Ko\u0142\u0142\u0105taja 4<br \/>\ntel. 41 366 10 52<br \/>\nczynne ca\u0142odobowo<\/p>\n<p>\u015awi\u0119tokrzyskie Centrum Profilaktyki i Edukacji<br \/>\nul. Jana Nowaka Jeziora\u0144skiego 65<br \/>\ntel. 41&nbsp;367 67 88<br \/>\ngodziny pracy: poniedzia\u0142ek \u2013 pi\u0105tek 8.00-20.00<\/p>\n<p>Komisariat I Policji w Kielcach<\/p>\n<p>Os. Na Stoku 63B<\/p>\n<p>tel. 41&nbsp;349&nbsp; 31 10 \u2013 oficer dy\u017curny<\/p>\n<p>tel. 41&nbsp;349 31 16 \u2013 dzielnicowy<\/p>\n<p>tel. 41&nbsp;349 31 \u2013 specjalista do spraw nieletnich<\/p>\n<p>O\u015brodek terapii uzale\u017cnienia i wsp\u00f3\u0142uzale\u017cnienia<br \/>\nul. Jana Nowaka Jeziora\u0144skiego 65<br \/>\ntel.\/fax 041 368-68-31<br \/>\ne-mail: <a href=\"mailto:otuiw.kielce@gmail.com\">otuiw.kielce@gmail.com<\/a><br \/>\nczynne: poniedzia\u0142ek \u2013 pi\u0105tek 7:30-19:30<\/p>\n<p>NZOZ \u201eNadzieja Rodzinie\u201d<br \/>\nZak\u0142ad Terapii Uzale\u017cnienia i Wsp\u00f3\u0142uzale\u017cnienia<br \/>\nz siedzib\u0105 przy ul. Karcz\u00f3wkowskiej 36 w Kielcach<br \/>\nczynny jest od poniedzia\u0142ku do pi\u0105tku<br \/>\nw godzinach 9:00-19:00<\/p>\n<p>Poradnia Profilaktyki i Terapii Uzale\u017cnie\u0144 Monar w Kielcach<br \/>\nul. Malik\u00f3w 150b<br \/>\ntel. 41 367 36 93<\/p>\n<p>&nbsp;<\/p>\n<p><strong>Telefony Zaufania<\/strong><strong>&nbsp;<\/strong><\/p>\n<p>Telefon Zaufania w sprawach rodzinnych \u2013 41&nbsp;368 18 74<\/p>\n<p>Czynny&nbsp; poniedzia\u0142ek \u2013 pi\u0105tek 8:00-18:00<\/p>\n<p>&nbsp;<\/p>\n<p>Miejski telefon Zaufania \u201eStop przemocy\u201d \u2013 195 13<\/p>\n<p>Czynny ca\u0142odobowo<\/p>\n<p>&nbsp;<\/p>\n<p>Telefon Zaufania dla os\u00f3b w kryzysie \u2013 195 25<\/p>\n<p>Czynny Ca\u0142odobowo<\/p>\n<p>Dzieci\u0119cy Telefon Zaufania przy Rzeczniku Praw dziecka \u2013 800 12 12 12<\/p>\n<p>Og\u00f3lnopolskie Pogotowie dla Ofiar Przemocy w Rodzinie \u2013 Niebieska Linia &#8211; 22 668 70 00<\/p>\n<p>&nbsp;<\/p>\n<p><a href=\"https:\/\/mopr.kielce.pl\/akt_pdf\/informator-gzi.pdf\">Interaktywny Informator &#8211; zasoby miasta Kielce w obszarze pomocy osobom z problemem przemocy w rodzinie <\/a><\/p>\n<p><a href=\"https:\/\/mopr.kielce.pl\/mopr\/MOPR-Kielce\/Akty-prawne\/dokumenty\/informator-dla-rodzin-04-09-2018.pdf\">Informator dla rodzin<\/a><\/p>\n","protected":false},"excerpt":{"rendered":"<p>Wykaz instytucji, w kt\u00f3rych mo\u017cna uzyska\u0107 pomoc psychologiczno-pedagogiczn\u0105, wychowawcz\u0105 i opieku\u0144cz\u0105 &nbsp; Miejski Zesp\u00f3\u0142 Poradni [&hellip;]<\/p>\n","protected":false},"author":4,"featured_media":6823,"comment_status":"closed","ping_status":"open","sticky":false,"template":"","format":"standard","meta":{"footnotes":""},"categories":[1],"tags":[],"class_list":["post-6820","post","type-post","status-publish","format-standard","has-post-thumbnail","hentry","category-bez-kategorii"],"_links":{"self":[{"href":"https:\/\/sp1.kielce.eu\/index.php\/wp-json\/wp\/v2\/posts\/6820","targetHints":{"allow":["GET"]}}],"collection":[{"href":"https:\/\/sp1.kielce.eu\/index.php\/wp-json\/wp\/v2\/posts"}],"about":[{"href":"https:\/\/sp1.kielce.eu\/index.php\/wp-json\/wp\/v2\/types\/post"}],"author":[{"embeddable":true,"href":"https:\/\/sp1.kielce.eu\/index.php\/wp-json\/wp\/v2\/users\/4"}],"replies":[{"embeddable":true,"href":"https:\/\/sp1.kielce.eu\/index.php\/wp-json\/wp\/v2\/comments?post=6820"}],"version-history":[{"count":4,"href":"https:\/\/sp1.kielce.eu\/index.php\/wp-json\/wp\/v2\/posts\/6820\/revisions"}],"predecessor-version":[{"id":7827,"href":"https:\/\/sp1.kielce.eu\/index.php\/wp-json\/wp\/v2\/posts\/6820\/revisions\/7827"}],"wp:featuredmedia":[{"embeddable":true,"href":"https:\/\/sp1.kielce.eu\/index.php\/wp-json\/wp\/v2\/media\/6823"}],"wp:attachment":[{"href":"https:\/\/sp1.kielce.eu\/index.php\/wp-json\/wp\/v2\/media?parent=6820"}],"wp:term":[{"taxonomy":"category","embeddable":true,"href":"https:\/\/sp1.kielce.eu\/index.php\/wp-json\/wp\/v2\/categories?post=6820"},{"taxonomy":"post_tag","embeddable":true,"href":"https:\/\/sp1.kielce.eu\/index.php\/wp-json\/wp\/v2\/tags?post=6820"}],"curies":[{"name":"wp","href":"https:\/\/api.w.org\/{rel}","templated":true}]}}