{"id":6809,"date":"2019-06-04T22:31:53","date_gmt":"2019-06-04T20:31:53","guid":{"rendered":"http:\/\/sp1.kielce.eu\/?p=6809"},"modified":"2019-06-04T22:31:53","modified_gmt":"2019-06-04T20:31:53","slug":"dzien-dziecka-2-b","status":"publish","type":"post","link":"https:\/\/sp1.kielce.eu\/index.php\/2019\/06\/04\/dzien-dziecka-2-b\/","title":{"rendered":"Dzie\u0144 Dziecka w klasie 2 b"},"content":{"rendered":"<p style=\"text-align: justify\">Z okazji Dnia Dziecka w\u00a0dniu 31 maja 2019\u00a0r. na dzieci z\u00a0klasy II b czeka\u0142y w klasie dwie ogromne siatki pe\u0142ne pi\u0119knie zapakowanych prezent\u00f3w. Nawet nasza Pani \u2013 Ma\u0142gorzata Kasza z trudno\u015bci\u0105 je przynios\u0142a! Uczniowie otrzymali ciekawe upominki \u2013 dziewczynki zestawy do robienia bransoletek, a ch\u0142opcy zestawy do uk\u0142adania pojazd\u00f3w. Wszyscy szybko rozpakowali prezenty z\u00a0ozdobnego papieru. Taki Dzie\u0144 Dziecka bardzo si\u0119 podoba\u0142. Poprzedniego dnia dzieci by\u0142y na wycieczce, wi\u0119c dzisiejszy tylko dope\u0142ni\u0142 obchody Dnia Dziecka w\u00a0naszej klasie.<\/p>\n<p style=\"text-align: right\">Ma\u0142gorzata Kasza<\/p>\n<div id='gallery-1' class='gallery galleryid-6809 gallery-columns-3 gallery-size-thumbnail'><figure class='gallery-item'>\n\t\t\t<div class='gallery-icon portrait'>\n\t\t\t\t<a href='https:\/\/sp1.kielce.eu\/wp-content\/uploads\/2019\/06\/DSC03669-Copy.jpg'><img loading=\"lazy\" decoding=\"async\" width=\"150\" height=\"150\" src=\"https:\/\/sp1.kielce.eu\/wp-content\/uploads\/2019\/06\/DSC03669-Copy-150x150.jpg\" class=\"attachment-thumbnail size-thumbnail\" alt=\"\" aria-describedby=\"gallery-1-6810\" \/><\/a>\n\t\t\t<\/div>\n\t\t\t\t<figcaption class='wp-caption-text gallery-caption' id='gallery-1-6810'>\n\t\t\t\tDzie\u0144 Dziecka w klasie 2b\n\t\t\t\t<\/figcaption><\/figure><figure class='gallery-item'>\n\t\t\t<div class='gallery-icon landscape'>\n\t\t\t\t<a href='https:\/\/sp1.kielce.eu\/wp-content\/uploads\/2019\/06\/DSC03671-Copy.jpg'><img loading=\"lazy\" decoding=\"async\" width=\"150\" height=\"150\" src=\"https:\/\/sp1.kielce.eu\/wp-content\/uploads\/2019\/06\/DSC03671-Copy-150x150.jpg\" class=\"attachment-thumbnail size-thumbnail\" alt=\"\" aria-describedby=\"gallery-1-6811\" \/><\/a>\n\t\t\t<\/div>\n\t\t\t\t<figcaption class='wp-caption-text gallery-caption' id='gallery-1-6811'>\n\t\t\t\tDzie\u0144 Dziecka w klasie 2b\n\t\t\t\t<\/figcaption><\/figure><figure class='gallery-item'>\n\t\t\t<div class='gallery-icon landscape'>\n\t\t\t\t<a href='https:\/\/sp1.kielce.eu\/wp-content\/uploads\/2019\/06\/DSC03672-Copy.jpg'><img loading=\"lazy\" decoding=\"async\" width=\"150\" height=\"150\" src=\"https:\/\/sp1.kielce.eu\/wp-content\/uploads\/2019\/06\/DSC03672-Copy-150x150.jpg\" class=\"attachment-thumbnail size-thumbnail\" alt=\"\" aria-describedby=\"gallery-1-6812\" \/><\/a>\n\t\t\t<\/div>\n\t\t\t\t<figcaption class='wp-caption-text gallery-caption' id='gallery-1-6812'>\n\t\t\t\tDzie\u0144 Dziecka w klasie 2b\n\t\t\t\t<\/figcaption><\/figure>\n\t\t<\/div>\n\n","protected":false},"excerpt":{"rendered":"<p>Z okazji Dnia Dziecka w\u00a0dniu 31 maja 2019\u00a0r. na dzieci z\u00a0klasy II b czeka\u0142y w [&hellip;]<\/p>\n","protected":false},"author":13,"featured_media":6812,"comment_status":"closed","ping_status":"open","sticky":false,"template":"","format":"standard","meta":{"footnotes":""},"categories":[36],"tags":[160],"class_list":["post-6809","post","type-post","status-publish","format-standard","has-post-thumbnail","hentry","category-wydarzenia","tag-dzien-dziecka"],"_links":{"self":[{"href":"https:\/\/sp1.kielce.eu\/index.php\/wp-json\/wp\/v2\/posts\/6809","targetHints":{"allow":["GET"]}}],"collection":[{"href":"https:\/\/sp1.kielce.eu\/index.php\/wp-json\/wp\/v2\/posts"}],"about":[{"href":"https:\/\/sp1.kielce.eu\/index.php\/wp-json\/wp\/v2\/types\/post"}],"author":[{"embeddable":true,"href":"https:\/\/sp1.kielce.eu\/index.php\/wp-json\/wp\/v2\/users\/13"}],"replies":[{"embeddable":true,"href":"https:\/\/sp1.kielce.eu\/index.php\/wp-json\/wp\/v2\/comments?post=6809"}],"version-history":[{"count":1,"href":"https:\/\/sp1.kielce.eu\/index.php\/wp-json\/wp\/v2\/posts\/6809\/revisions"}],"predecessor-version":[{"id":6813,"href":"https:\/\/sp1.kielce.eu\/index.php\/wp-json\/wp\/v2\/posts\/6809\/revisions\/6813"}],"wp:featuredmedia":[{"embeddable":true,"href":"https:\/\/sp1.kielce.eu\/index.php\/wp-json\/wp\/v2\/media\/6812"}],"wp:attachment":[{"href":"https:\/\/sp1.kielce.eu\/index.php\/wp-json\/wp\/v2\/media?parent=6809"}],"wp:term":[{"taxonomy":"category","embeddable":true,"href":"https:\/\/sp1.kielce.eu\/index.php\/wp-json\/wp\/v2\/categories?post=6809"},{"taxonomy":"post_tag","embeddable":true,"href":"https:\/\/sp1.kielce.eu\/index.php\/wp-json\/wp\/v2\/tags?post=6809"}],"curies":[{"name":"wp","href":"https:\/\/api.w.org\/{rel}","templated":true}]}}