{"id":679,"date":"2017-03-19T13:56:24","date_gmt":"2017-03-19T12:56:24","guid":{"rendered":"http:\/\/sp1.kielce.eu\/?p=679"},"modified":"2017-03-19T13:56:24","modified_gmt":"2017-03-19T12:56:24","slug":"dzien-chlopaka","status":"publish","type":"post","link":"https:\/\/sp1.kielce.eu\/index.php\/2017\/03\/19\/dzien-chlopaka\/","title":{"rendered":"Dzie\u0144 Ch\u0142opaka"},"content":{"rendered":"<p>03.10.2016<\/p>\n<p style=\"text-align: justify;\">Jest taki dzie\u0144 w roku, kiedy ch\u0142opcy obchodz\u0105 swoje \u015bwi\u0119to. Tak by\u0142o i tym razem 3 pa\u017adziernika\u00a0 w naszej szkole . Dziewcz\u0119ta z\u0142o\u017cy\u0142y\u00a0 \u017cyczenia wszystkim ch\u0142opcom\u00a0 i tym ma\u0142ym i tym du\u017cym. By\u0142o bardzo sympatycznie, od\u015bwi\u0119tnie i rado\u015bnie. Samorz\u0105d Uczniowski dzi\u0119kuje Radzie Rodzic\u00f3w za zakup s\u0142odkiej niespodzianki dla naszych ch\u0142opc\u00f3w i pan\u00f3w.<\/p>\n<div style=\"text-align: right;\">Opiekunowie SU<\/div>\n<div style=\"text-align: center;\">\n<div id='gallery-1' class='gallery galleryid-679 gallery-columns-3 gallery-size-thumbnail'><figure class='gallery-item'>\n\t\t\t<div class='gallery-icon landscape'>\n\t\t\t\t<a href='https:\/\/sp1.kielce.eu\/wp-content\/uploads\/2017\/03\/dzienchlopaka1.jpg'><img loading=\"lazy\" decoding=\"async\" width=\"150\" height=\"150\" src=\"https:\/\/sp1.kielce.eu\/wp-content\/uploads\/2017\/03\/dzienchlopaka1-150x150.jpg\" class=\"attachment-thumbnail size-thumbnail\" alt=\"sp1 kielce\" \/><\/a>\n\t\t\t<\/div><\/figure><figure class='gallery-item'>\n\t\t\t<div class='gallery-icon landscape'>\n\t\t\t\t<a href='https:\/\/sp1.kielce.eu\/wp-content\/uploads\/2017\/03\/dzienchlopaka2.jpg'><img loading=\"lazy\" decoding=\"async\" width=\"150\" height=\"150\" src=\"https:\/\/sp1.kielce.eu\/wp-content\/uploads\/2017\/03\/dzienchlopaka2-150x150.jpg\" class=\"attachment-thumbnail size-thumbnail\" alt=\"\" \/><\/a>\n\t\t\t<\/div><\/figure><figure class='gallery-item'>\n\t\t\t<div class='gallery-icon landscape'>\n\t\t\t\t<a href='https:\/\/sp1.kielce.eu\/wp-content\/uploads\/2017\/03\/dzienchlopaka3.jpg'><img loading=\"lazy\" decoding=\"async\" width=\"150\" height=\"150\" src=\"https:\/\/sp1.kielce.eu\/wp-content\/uploads\/2017\/03\/dzienchlopaka3-150x150.jpg\" class=\"attachment-thumbnail size-thumbnail\" alt=\"\" \/><\/a>\n\t\t\t<\/div><\/figure><figure class='gallery-item'>\n\t\t\t<div class='gallery-icon landscape'>\n\t\t\t\t<a href='https:\/\/sp1.kielce.eu\/wp-content\/uploads\/2017\/03\/dzienchlopaka4.jpg'><img loading=\"lazy\" decoding=\"async\" width=\"150\" height=\"150\" src=\"https:\/\/sp1.kielce.eu\/wp-content\/uploads\/2017\/03\/dzienchlopaka4-150x150.jpg\" class=\"attachment-thumbnail size-thumbnail\" alt=\"\" \/><\/a>\n\t\t\t<\/div><\/figure><figure class='gallery-item'>\n\t\t\t<div class='gallery-icon landscape'>\n\t\t\t\t<a href='https:\/\/sp1.kielce.eu\/wp-content\/uploads\/2017\/03\/dzienchlopaka5.jpg'><img loading=\"lazy\" decoding=\"async\" width=\"150\" height=\"150\" src=\"https:\/\/sp1.kielce.eu\/wp-content\/uploads\/2017\/03\/dzienchlopaka5-150x150.jpg\" class=\"attachment-thumbnail size-thumbnail\" alt=\"\" \/><\/a>\n\t\t\t<\/div><\/figure><figure class='gallery-item'>\n\t\t\t<div class='gallery-icon landscape'>\n\t\t\t\t<a href='https:\/\/sp1.kielce.eu\/wp-content\/uploads\/2017\/03\/dzienchlopaka6-1.jpg'><img loading=\"lazy\" decoding=\"async\" width=\"150\" height=\"150\" src=\"https:\/\/sp1.kielce.eu\/wp-content\/uploads\/2017\/03\/dzienchlopaka6-1-150x150.jpg\" class=\"attachment-thumbnail size-thumbnail\" alt=\"sp1 kielce\" \/><\/a>\n\t\t\t<\/div><\/figure>\n\t\t<\/div>\n\n<\/div>\n","protected":false},"excerpt":{"rendered":"<p>03.10.2016 Jest taki dzie\u0144 w roku, kiedy ch\u0142opcy obchodz\u0105 swoje \u015bwi\u0119to. Tak by\u0142o i tym [&hellip;]<\/p>\n","protected":false},"author":4,"featured_media":685,"comment_status":"closed","ping_status":"open","sticky":false,"template":"","format":"standard","meta":{"footnotes":""},"categories":[18],"tags":[],"class_list":["post-679","post","type-post","status-publish","format-standard","has-post-thumbnail","hentry","category-samorzad-uczniowoski"],"_links":{"self":[{"href":"https:\/\/sp1.kielce.eu\/index.php\/wp-json\/wp\/v2\/posts\/679","targetHints":{"allow":["GET"]}}],"collection":[{"href":"https:\/\/sp1.kielce.eu\/index.php\/wp-json\/wp\/v2\/posts"}],"about":[{"href":"https:\/\/sp1.kielce.eu\/index.php\/wp-json\/wp\/v2\/types\/post"}],"author":[{"embeddable":true,"href":"https:\/\/sp1.kielce.eu\/index.php\/wp-json\/wp\/v2\/users\/4"}],"replies":[{"embeddable":true,"href":"https:\/\/sp1.kielce.eu\/index.php\/wp-json\/wp\/v2\/comments?post=679"}],"version-history":[{"count":1,"href":"https:\/\/sp1.kielce.eu\/index.php\/wp-json\/wp\/v2\/posts\/679\/revisions"}],"predecessor-version":[{"id":686,"href":"https:\/\/sp1.kielce.eu\/index.php\/wp-json\/wp\/v2\/posts\/679\/revisions\/686"}],"wp:featuredmedia":[{"embeddable":true,"href":"https:\/\/sp1.kielce.eu\/index.php\/wp-json\/wp\/v2\/media\/685"}],"wp:attachment":[{"href":"https:\/\/sp1.kielce.eu\/index.php\/wp-json\/wp\/v2\/media?parent=679"}],"wp:term":[{"taxonomy":"category","embeddable":true,"href":"https:\/\/sp1.kielce.eu\/index.php\/wp-json\/wp\/v2\/categories?post=679"},{"taxonomy":"post_tag","embeddable":true,"href":"https:\/\/sp1.kielce.eu\/index.php\/wp-json\/wp\/v2\/tags?post=679"}],"curies":[{"name":"wp","href":"https:\/\/api.w.org\/{rel}","templated":true}]}}