{"id":6507,"date":"2019-03-20T22:10:58","date_gmt":"2019-03-20T21:10:58","guid":{"rendered":"http:\/\/sp1.kielce.eu\/?p=6507"},"modified":"2019-03-25T22:15:36","modified_gmt":"2019-03-25T21:15:36","slug":"prawa-fizyki-czy-czary","status":"publish","type":"post","link":"https:\/\/sp1.kielce.eu\/index.php\/2019\/03\/20\/prawa-fizyki-czy-czary\/","title":{"rendered":"Prawa fizyki, czy czary?!"},"content":{"rendered":"<p style=\"text-align: justify\">15 marca 2019r. odbywaj\u0105ca sw\u0105 praktyk\u0119 studenck\u0105 w\u00a0klasie 2\u00a0b, pani Justyna, przeprowadzi\u0142a wiele ciekawych do\u015bwiadcze\u0144, np.\u00a0z\u00a0topi\u0105cym si\u0119 kubkiem, ze znikaj\u0105cym pieprzem, przechodzeniem kolor\u00f3w. Dzieci zastanawia\u0142y si\u0119, czy to czary, czy prawa fizyki. By\u0142a to prawdziwa frajda, wszyscy cieszyli si\u0119 z\u00a0takich fascynuj\u0105cych do\u015bwiadcze\u0144!<\/p>\n<p style=\"text-align: right\">Ma\u0142gorzata Kasza<\/p>\n<div id='gallery-1' class='gallery galleryid-6507 gallery-columns-3 gallery-size-thumbnail'><figure class='gallery-item'>\n\t\t\t<div class='gallery-icon landscape'>\n\t\t\t\t<a href='https:\/\/sp1.kielce.eu\/wp-content\/uploads\/2019\/03\/DSC02998-Copy.jpg'><img loading=\"lazy\" decoding=\"async\" width=\"150\" height=\"150\" src=\"https:\/\/sp1.kielce.eu\/wp-content\/uploads\/2019\/03\/DSC02998-Copy-150x150.jpg\" class=\"attachment-thumbnail size-thumbnail\" alt=\"\" \/><\/a>\n\t\t\t<\/div><\/figure><figure class='gallery-item'>\n\t\t\t<div class='gallery-icon landscape'>\n\t\t\t\t<a href='https:\/\/sp1.kielce.eu\/wp-content\/uploads\/2019\/03\/DSC03000-Copy.jpg'><img loading=\"lazy\" decoding=\"async\" width=\"150\" height=\"150\" src=\"https:\/\/sp1.kielce.eu\/wp-content\/uploads\/2019\/03\/DSC03000-Copy-150x150.jpg\" class=\"attachment-thumbnail size-thumbnail\" alt=\"\" \/><\/a>\n\t\t\t<\/div><\/figure><figure class='gallery-item'>\n\t\t\t<div class='gallery-icon landscape'>\n\t\t\t\t<a href='https:\/\/sp1.kielce.eu\/wp-content\/uploads\/2019\/03\/DSC03002-Copy.jpg'><img loading=\"lazy\" decoding=\"async\" width=\"150\" height=\"150\" src=\"https:\/\/sp1.kielce.eu\/wp-content\/uploads\/2019\/03\/DSC03002-Copy-150x150.jpg\" class=\"attachment-thumbnail size-thumbnail\" alt=\"\" \/><\/a>\n\t\t\t<\/div><\/figure><figure class='gallery-item'>\n\t\t\t<div class='gallery-icon landscape'>\n\t\t\t\t<a href='https:\/\/sp1.kielce.eu\/wp-content\/uploads\/2019\/03\/DSC03004-Copy.jpg'><img loading=\"lazy\" decoding=\"async\" width=\"150\" height=\"150\" src=\"https:\/\/sp1.kielce.eu\/wp-content\/uploads\/2019\/03\/DSC03004-Copy-150x150.jpg\" class=\"attachment-thumbnail size-thumbnail\" alt=\"\" \/><\/a>\n\t\t\t<\/div><\/figure><figure class='gallery-item'>\n\t\t\t<div class='gallery-icon landscape'>\n\t\t\t\t<a href='https:\/\/sp1.kielce.eu\/wp-content\/uploads\/2019\/03\/DSC03005-Copy.jpg'><img loading=\"lazy\" decoding=\"async\" width=\"150\" height=\"150\" src=\"https:\/\/sp1.kielce.eu\/wp-content\/uploads\/2019\/03\/DSC03005-Copy-150x150.jpg\" class=\"attachment-thumbnail size-thumbnail\" alt=\"\" \/><\/a>\n\t\t\t<\/div><\/figure>\n\t\t<\/div>\n\n<p>&nbsp;<\/p>\n<p>&nbsp;<\/p>\n","protected":false},"excerpt":{"rendered":"<p>15 marca 2019r. odbywaj\u0105ca sw\u0105 praktyk\u0119 studenck\u0105 w\u00a0klasie 2\u00a0b, pani Justyna, przeprowadzi\u0142a wiele ciekawych do\u015bwiadcze\u0144, [&hellip;]<\/p>\n","protected":false},"author":13,"featured_media":6512,"comment_status":"closed","ping_status":"open","sticky":false,"template":"","format":"standard","meta":{"footnotes":""},"categories":[36],"tags":[135],"class_list":["post-6507","post","type-post","status-publish","format-standard","has-post-thumbnail","hentry","category-wydarzenia","tag-wydarzenia"],"_links":{"self":[{"href":"https:\/\/sp1.kielce.eu\/index.php\/wp-json\/wp\/v2\/posts\/6507","targetHints":{"allow":["GET"]}}],"collection":[{"href":"https:\/\/sp1.kielce.eu\/index.php\/wp-json\/wp\/v2\/posts"}],"about":[{"href":"https:\/\/sp1.kielce.eu\/index.php\/wp-json\/wp\/v2\/types\/post"}],"author":[{"embeddable":true,"href":"https:\/\/sp1.kielce.eu\/index.php\/wp-json\/wp\/v2\/users\/13"}],"replies":[{"embeddable":true,"href":"https:\/\/sp1.kielce.eu\/index.php\/wp-json\/wp\/v2\/comments?post=6507"}],"version-history":[{"count":1,"href":"https:\/\/sp1.kielce.eu\/index.php\/wp-json\/wp\/v2\/posts\/6507\/revisions"}],"predecessor-version":[{"id":6513,"href":"https:\/\/sp1.kielce.eu\/index.php\/wp-json\/wp\/v2\/posts\/6507\/revisions\/6513"}],"wp:featuredmedia":[{"embeddable":true,"href":"https:\/\/sp1.kielce.eu\/index.php\/wp-json\/wp\/v2\/media\/6512"}],"wp:attachment":[{"href":"https:\/\/sp1.kielce.eu\/index.php\/wp-json\/wp\/v2\/media?parent=6507"}],"wp:term":[{"taxonomy":"category","embeddable":true,"href":"https:\/\/sp1.kielce.eu\/index.php\/wp-json\/wp\/v2\/categories?post=6507"},{"taxonomy":"post_tag","embeddable":true,"href":"https:\/\/sp1.kielce.eu\/index.php\/wp-json\/wp\/v2\/tags?post=6507"}],"curies":[{"name":"wp","href":"https:\/\/api.w.org\/{rel}","templated":true}]}}