{"id":6352,"date":"2019-02-26T22:27:31","date_gmt":"2019-02-26T21:27:31","guid":{"rendered":"http:\/\/sp1.kielce.eu\/?p=6352"},"modified":"2019-03-07T22:44:32","modified_gmt":"2019-03-07T21:44:32","slug":"kl-i-iii-w-exbudzie-2","status":"publish","type":"post","link":"https:\/\/sp1.kielce.eu\/index.php\/2019\/02\/26\/kl-i-iii-w-exbudzie-2\/","title":{"rendered":"Spektakl dla kl. I-III w Exbudzie"},"content":{"rendered":"<p style=\"text-align: justify\">\u00a0\u00a0\u00a0\u00a0\u00a0\u00a0\u00a0\u00a0 W dniu 15 lutego 2019r. klasy pierwsze, drugie i\u00a0trzecie wraz z\u00a0wychowawcami przyby\u0142y do Centrum Biznesu \u201eExbud\u201d.<br \/>\nDzieci obejrza\u0142y spektakl wroc\u0142awskiego teatru \u201eArtenes\u201d pt.\u00a0\u201eCzarodziejskie s\u0142owa\u201d.<br \/>\nBy\u0142a to bajka z\u00a0nauk\u0105 o\u00a0tym, jakie znaczenie ma u\u017cywanie na co dzie\u0144 s\u0142\u00f3w: prosz\u0119, przepraszam, dzi\u0119kuj\u0119 \u2013 czarodziejskich s\u0142\u00f3w! to spektakl oparty na wierszach Jana Brzechwy i\u00a0Juliana Tuwima.<br \/>\nBajka mia\u0142a w\u00a0sobie przes\u0142anie &#8211; dobre wychowanie, kultura j\u0119zyka i\u00a0wzajemna pomoc, czyli takie warto\u015bci, kt\u00f3re nale\u017cy wpaja\u0107 ju\u017c od najm\u0142odszych lat. To by\u0142 udany dzie\u0144!<\/p>\n<p style=\"text-align: right\">Ma\u0142gorzata Kasza<\/p>\n<div id='gallery-1' class='gallery galleryid-6352 gallery-columns-1 gallery-size-thumbnail'><figure class='gallery-item'>\n\t\t\t<div class='gallery-icon portrait'>\n\t\t\t\t<a href='https:\/\/sp1.kielce.eu\/wp-content\/uploads\/2019\/03\/DSC02937-Copy.jpg'><img loading=\"lazy\" decoding=\"async\" width=\"150\" height=\"150\" src=\"https:\/\/sp1.kielce.eu\/wp-content\/uploads\/2019\/03\/DSC02937-Copy-150x150.jpg\" class=\"attachment-thumbnail size-thumbnail\" alt=\"\" \/><\/a>\n\t\t\t<\/div><\/figure>\n\t\t<\/div>\n\n","protected":false},"excerpt":{"rendered":"<p>\u00a0\u00a0\u00a0\u00a0\u00a0\u00a0\u00a0\u00a0 W dniu 15 lutego 2019r. klasy pierwsze, drugie i\u00a0trzecie wraz z\u00a0wychowawcami przyby\u0142y do Centrum [&hellip;]<\/p>\n","protected":false},"author":13,"featured_media":6353,"comment_status":"closed","ping_status":"open","sticky":false,"template":"","format":"standard","meta":{"footnotes":""},"categories":[3],"tags":[108],"class_list":["post-6352","post","type-post","status-publish","format-standard","has-post-thumbnail","hentry","category-wycieczki","tag-wyjscia-szkolne"],"_links":{"self":[{"href":"https:\/\/sp1.kielce.eu\/index.php\/wp-json\/wp\/v2\/posts\/6352","targetHints":{"allow":["GET"]}}],"collection":[{"href":"https:\/\/sp1.kielce.eu\/index.php\/wp-json\/wp\/v2\/posts"}],"about":[{"href":"https:\/\/sp1.kielce.eu\/index.php\/wp-json\/wp\/v2\/types\/post"}],"author":[{"embeddable":true,"href":"https:\/\/sp1.kielce.eu\/index.php\/wp-json\/wp\/v2\/users\/13"}],"replies":[{"embeddable":true,"href":"https:\/\/sp1.kielce.eu\/index.php\/wp-json\/wp\/v2\/comments?post=6352"}],"version-history":[{"count":1,"href":"https:\/\/sp1.kielce.eu\/index.php\/wp-json\/wp\/v2\/posts\/6352\/revisions"}],"predecessor-version":[{"id":6354,"href":"https:\/\/sp1.kielce.eu\/index.php\/wp-json\/wp\/v2\/posts\/6352\/revisions\/6354"}],"wp:featuredmedia":[{"embeddable":true,"href":"https:\/\/sp1.kielce.eu\/index.php\/wp-json\/wp\/v2\/media\/6353"}],"wp:attachment":[{"href":"https:\/\/sp1.kielce.eu\/index.php\/wp-json\/wp\/v2\/media?parent=6352"}],"wp:term":[{"taxonomy":"category","embeddable":true,"href":"https:\/\/sp1.kielce.eu\/index.php\/wp-json\/wp\/v2\/categories?post=6352"},{"taxonomy":"post_tag","embeddable":true,"href":"https:\/\/sp1.kielce.eu\/index.php\/wp-json\/wp\/v2\/tags?post=6352"}],"curies":[{"name":"wp","href":"https:\/\/api.w.org\/{rel}","templated":true}]}}