{"id":6282,"date":"2019-02-26T09:34:05","date_gmt":"2019-02-26T08:34:05","guid":{"rendered":"http:\/\/sp1.kielce.eu\/?p=6282"},"modified":"2019-02-26T09:34:51","modified_gmt":"2019-02-26T08:34:51","slug":"miedzyszkolny-2","status":"publish","type":"post","link":"https:\/\/sp1.kielce.eu\/index.php\/2019\/02\/26\/miedzyszkolny-2\/","title":{"rendered":"Mi\u0119dzyszkolny Konkurs ,,Literackie Melodie- na patriotyczn\u0105 nut\u0119\u201d"},"content":{"rendered":"<p style=\"text-align: justify\">W dniu 18 lutego 2019 r. w Szkole Muzycznej w Kielcach odby\u0142o si\u0119 uroczyste podsumowanie Mi\u0119dzyszkolnego Konkursu ,,Literackie Melodie &#8211; na patriotyczn\u0105 nut\u0119\u201d. Zadanie konkursowe polega\u0142o na napisaniu wiersza o tematyce patriotycznej, zwi\u0105zanej z setn\u0105 rocznic\u0105 odzyskania przez Polsk\u0119 niepodleg\u0142o\u015bci. Nasi uczniowie zaj\u0119li miejsca na podium:<\/p>\n<p>Anna Ko\u0142ton, kl 8a- II miejsce w\u00a0 kategorii klas \u00f3smych<\/p>\n<p>Hanna Kwieci\u0144ska , kl . 8c \u2013 III miejsce w kategorii klas \u00f3smych<\/p>\n<p>Mi\u0142a Starodub, kl. 7a- II miejsce w kategorii klas si\u00f3dmych<\/p>\n<p>Eryk Kubicki, kl. 5b- II miejsce w kategorii klas IV- V.<\/p>\n<p>Zwyci\u0119zcy w nagrod\u0119 otrzymali pami\u0105tkowe dyplomy oraz ksi\u0105\u017cki.<\/p>\n<p>Gratulujemy!<\/p>\n<p>Dorota Broni\u015b<\/p>\n<p>&nbsp;<\/p>\n<div id='gallery-1' class='gallery galleryid-6282 gallery-columns-3 gallery-size-thumbnail'><figure class='gallery-item'>\n\t\t\t<div class='gallery-icon portrait'>\n\t\t\t\t<a href='https:\/\/sp1.kielce.eu\/wp-content\/uploads\/2019\/02\/XxY-m-Medium.jpg'><img loading=\"lazy\" decoding=\"async\" width=\"150\" height=\"150\" src=\"https:\/\/sp1.kielce.eu\/wp-content\/uploads\/2019\/02\/XxY-m-Medium-150x150.jpg\" class=\"attachment-thumbnail size-thumbnail\" alt=\"\" aria-describedby=\"gallery-1-6287\" \/><\/a>\n\t\t\t<\/div>\n\t\t\t\t<figcaption class='wp-caption-text gallery-caption' id='gallery-1-6287'>\n\t\t\t\t1\n\t\t\t\t<\/figcaption><\/figure><figure class='gallery-item'>\n\t\t\t<div class='gallery-icon portrait'>\n\t\t\t\t<a href='https:\/\/sp1.kielce.eu\/wp-content\/uploads\/2019\/02\/Resized_20190220_095250_8531.jpeg'><img loading=\"lazy\" decoding=\"async\" width=\"150\" height=\"150\" src=\"https:\/\/sp1.kielce.eu\/wp-content\/uploads\/2019\/02\/Resized_20190220_095250_8531-150x150.jpeg\" class=\"attachment-thumbnail size-thumbnail\" alt=\"\" aria-describedby=\"gallery-1-6284\" \/><\/a>\n\t\t\t<\/div>\n\t\t\t\t<figcaption class='wp-caption-text gallery-caption' id='gallery-1-6284'>\n\t\t\t\t2\n\t\t\t\t<\/figcaption><\/figure><figure class='gallery-item'>\n\t\t\t<div class='gallery-icon portrait'>\n\t\t\t\t<a href='https:\/\/sp1.kielce.eu\/wp-content\/uploads\/2019\/02\/XxY-Medium.jpg'><img loading=\"lazy\" decoding=\"async\" width=\"150\" height=\"150\" src=\"https:\/\/sp1.kielce.eu\/wp-content\/uploads\/2019\/02\/XxY-Medium-150x150.jpg\" class=\"attachment-thumbnail size-thumbnail\" alt=\"\" aria-describedby=\"gallery-1-6285\" \/><\/a>\n\t\t\t<\/div>\n\t\t\t\t<figcaption class='wp-caption-text gallery-caption' id='gallery-1-6285'>\n\t\t\t\t3\n\t\t\t\t<\/figcaption><\/figure><figure class='gallery-item'>\n\t\t\t<div class='gallery-icon portrait'>\n\t\t\t\t<a href='https:\/\/sp1.kielce.eu\/wp-content\/uploads\/2019\/02\/XxY-a-Medium.jpg'><img loading=\"lazy\" decoding=\"async\" width=\"150\" height=\"150\" src=\"https:\/\/sp1.kielce.eu\/wp-content\/uploads\/2019\/02\/XxY-a-Medium-150x150.jpg\" class=\"attachment-thumbnail size-thumbnail\" alt=\"\" aria-describedby=\"gallery-1-6286\" \/><\/a>\n\t\t\t<\/div>\n\t\t\t\t<figcaption class='wp-caption-text gallery-caption' id='gallery-1-6286'>\n\t\t\t\t4\n\t\t\t\t<\/figcaption><\/figure><figure class='gallery-item'>\n\t\t\t<div class='gallery-icon landscape'>\n\t\t\t\t<a href='https:\/\/sp1.kielce.eu\/wp-content\/uploads\/2019\/02\/20190218_121811-Medium.jpeg'><img loading=\"lazy\" decoding=\"async\" width=\"150\" height=\"150\" src=\"https:\/\/sp1.kielce.eu\/wp-content\/uploads\/2019\/02\/20190218_121811-Medium-150x150.jpeg\" class=\"attachment-thumbnail size-thumbnail\" alt=\"\" aria-describedby=\"gallery-1-6283\" \/><\/a>\n\t\t\t<\/div>\n\t\t\t\t<figcaption class='wp-caption-text gallery-caption' id='gallery-1-6283'>\n\t\t\t\t5\n\t\t\t\t<\/figcaption><\/figure>\n\t\t<\/div>\n\n","protected":false},"excerpt":{"rendered":"<p>W dniu 18 lutego 2019 r. w Szkole Muzycznej w Kielcach odby\u0142o si\u0119 uroczyste podsumowanie [&hellip;]<\/p>\n","protected":false},"author":5,"featured_media":6289,"comment_status":"closed","ping_status":"open","sticky":false,"template":"","format":"standard","meta":{"footnotes":""},"categories":[1],"tags":[],"class_list":["post-6282","post","type-post","status-publish","format-standard","has-post-thumbnail","hentry","category-bez-kategorii"],"_links":{"self":[{"href":"https:\/\/sp1.kielce.eu\/index.php\/wp-json\/wp\/v2\/posts\/6282","targetHints":{"allow":["GET"]}}],"collection":[{"href":"https:\/\/sp1.kielce.eu\/index.php\/wp-json\/wp\/v2\/posts"}],"about":[{"href":"https:\/\/sp1.kielce.eu\/index.php\/wp-json\/wp\/v2\/types\/post"}],"author":[{"embeddable":true,"href":"https:\/\/sp1.kielce.eu\/index.php\/wp-json\/wp\/v2\/users\/5"}],"replies":[{"embeddable":true,"href":"https:\/\/sp1.kielce.eu\/index.php\/wp-json\/wp\/v2\/comments?post=6282"}],"version-history":[{"count":2,"href":"https:\/\/sp1.kielce.eu\/index.php\/wp-json\/wp\/v2\/posts\/6282\/revisions"}],"predecessor-version":[{"id":6291,"href":"https:\/\/sp1.kielce.eu\/index.php\/wp-json\/wp\/v2\/posts\/6282\/revisions\/6291"}],"wp:featuredmedia":[{"embeddable":true,"href":"https:\/\/sp1.kielce.eu\/index.php\/wp-json\/wp\/v2\/media\/6289"}],"wp:attachment":[{"href":"https:\/\/sp1.kielce.eu\/index.php\/wp-json\/wp\/v2\/media?parent=6282"}],"wp:term":[{"taxonomy":"category","embeddable":true,"href":"https:\/\/sp1.kielce.eu\/index.php\/wp-json\/wp\/v2\/categories?post=6282"},{"taxonomy":"post_tag","embeddable":true,"href":"https:\/\/sp1.kielce.eu\/index.php\/wp-json\/wp\/v2\/tags?post=6282"}],"curies":[{"name":"wp","href":"https:\/\/api.w.org\/{rel}","templated":true}]}}