{"id":6235,"date":"2019-02-19T09:30:45","date_gmt":"2019-02-19T08:30:45","guid":{"rendered":"http:\/\/sp1.kielce.eu\/?p=6235"},"modified":"2019-02-19T09:30:45","modified_gmt":"2019-02-19T08:30:45","slug":"konkurs-plastyczny-barwy-jesieni-2","status":"publish","type":"post","link":"https:\/\/sp1.kielce.eu\/index.php\/2019\/02\/19\/konkurs-plastyczny-barwy-jesieni-2\/","title":{"rendered":"Konkurs plastyczny \u201eBarwy jesieni\u201d."},"content":{"rendered":"<p>W listopadzie 2019r. odby\u0142 si\u0119 wewn\u0105trzszkolny konkurs plastyczny pt.: \u201eBarwy jesieni\u201d. Do udzia\u0142u w nim przyst\u0105pili uczniowie klas I \u2013 III.<\/p>\n<p>G\u0142\u00f3wnymi celami konkursu by\u0142o zach\u0119cenie dzieci i m\u0142odzie\u017cy do tw\u00f3rczego dzia\u0142ania na miar\u0119 ich mo\u017cliwo\u015bci i umiej\u0119tno\u015bci, rozwoju ich zainteresowa\u0144 i zaspokojenia potrzeby ekspresji oraz umo\u017cliwienia im osi\u0105gni\u0119cia sukcesu.<\/p>\n<p>Uczniowie dostarczyli prace wykonane rozmaitymi, cz\u0119sto innowacyjnymi technikami plastycznymi z wykorzystaniem r\u00f3\u017cnych materia\u0142\u00f3w, w tym suszu jesiennego.<\/p>\n<p>Wy\u0142onienie zwyci\u0119zc\u00f3w by\u0142o bardzo trudne, wi\u0119c jury zdecydowa\u0142o nagrodzi\u0107 prace odznaczaj\u0105ce si\u0119 szczeg\u00f3ln\u0105 pomys\u0142owo\u015bci\u0105. Podczas oceny uwag\u0119 zwracano na poziom aktywno\u015bci tw\u00f3rczej oraz umiej\u0119tno\u015b\u0107 \u0142\u0105czenia ze sob\u0105 r\u00f3\u017cnych technik, oryginalne uj\u0119cie tematu, form\u0119 i ilo\u015b\u0107 w\u0142o\u017conej pracy.<\/p>\n<p>&nbsp;<\/p>\n<p><strong>Laureatami konkursu zostali :<\/strong><\/p>\n<p>W kategorii klas I<\/p>\n<p>I miejsce \u2013\u00a0 Zofia Wiatkowska\u00a0 &#8211; klasa 1a<\/p>\n<p>II miejsce \u2013 Oskar Podkowa \u2013 klasa 1b<\/p>\n<p>III miejsce \u2013 Julia \u017b\u0105d\u0142o klasa \u2013 1a<\/p>\n<p>&nbsp;<\/p>\n<p>W kategorii klas II<\/p>\n<p>I miejsce \u2013 Alicja Zago\u017adzi\u0144ska \u2013 klasa 2a<\/p>\n<p>II miejsce \u2013 Kinga Ko\u017cuch \u2013 klasa 2a<\/p>\n<p>III miejsce \u2013 Aleksander Piskorzewski\u2013 klasa 2d<\/p>\n<p>&nbsp;<\/p>\n<p>W kategorii klas III<\/p>\n<p>I miejsce \u2013 Agata Durlik \u2013 klasa 3a<\/p>\n<p>II miejsce \u2013\u00a0 Kinga Wypych \u2013 klasa 3a<\/p>\n<p>III miejsce \u2013 Natasza Materek \u2013 klasa 3b<\/p>\n<p>&nbsp;<\/p>\n<p>&nbsp;<\/p>\n<p>Organizator \u2013 p. Marta Okopie\u0144<\/p>\n<p><u>Sk\u0142ad jury:<\/u><\/p>\n<ol>\n<li>Marta Okopie\u0144<\/li>\n<li>Agnieszka D\u0142ugosz<\/li>\n<li>Iwona Ko\u015bcielecka<div id='gallery-1' class='gallery galleryid-6235 gallery-columns-3 gallery-size-thumbnail'><figure class='gallery-item'>\n\t\t\t<div class='gallery-icon portrait'>\n\t\t\t\t<a href='https:\/\/sp1.kielce.eu\/wp-content\/uploads\/2019\/02\/IMG_20181213_103417-Medium.jpg'><img loading=\"lazy\" decoding=\"async\" width=\"150\" height=\"150\" src=\"https:\/\/sp1.kielce.eu\/wp-content\/uploads\/2019\/02\/IMG_20181213_103417-Medium-150x150.jpg\" class=\"attachment-thumbnail size-thumbnail\" alt=\"\" aria-describedby=\"gallery-1-6236\" \/><\/a>\n\t\t\t<\/div>\n\t\t\t\t<figcaption class='wp-caption-text gallery-caption' id='gallery-1-6236'>\n\t\t\t\t1\n\t\t\t\t<\/figcaption><\/figure><figure class='gallery-item'>\n\t\t\t<div class='gallery-icon portrait'>\n\t\t\t\t<a href='https:\/\/sp1.kielce.eu\/wp-content\/uploads\/2019\/02\/IMG_20181217_095604-Medium.jpg'><img loading=\"lazy\" decoding=\"async\" width=\"150\" height=\"150\" src=\"https:\/\/sp1.kielce.eu\/wp-content\/uploads\/2019\/02\/IMG_20181217_095604-Medium-150x150.jpg\" class=\"attachment-thumbnail size-thumbnail\" alt=\"\" aria-describedby=\"gallery-1-6237\" \/><\/a>\n\t\t\t<\/div>\n\t\t\t\t<figcaption class='wp-caption-text gallery-caption' id='gallery-1-6237'>\n\t\t\t\t2\n\t\t\t\t<\/figcaption><\/figure><figure class='gallery-item'>\n\t\t\t<div class='gallery-icon portrait'>\n\t\t\t\t<a href='https:\/\/sp1.kielce.eu\/wp-content\/uploads\/2019\/02\/IMG_20181217_111256-Medium.jpg'><img loading=\"lazy\" decoding=\"async\" width=\"150\" height=\"150\" src=\"https:\/\/sp1.kielce.eu\/wp-content\/uploads\/2019\/02\/IMG_20181217_111256-Medium-150x150.jpg\" class=\"attachment-thumbnail size-thumbnail\" alt=\"\" aria-describedby=\"gallery-1-6238\" \/><\/a>\n\t\t\t<\/div>\n\t\t\t\t<figcaption class='wp-caption-text gallery-caption' id='gallery-1-6238'>\n\t\t\t\t3\n\t\t\t\t<\/figcaption><\/figure><figure class='gallery-item'>\n\t\t\t<div class='gallery-icon portrait'>\n\t\t\t\t<a href='https:\/\/sp1.kielce.eu\/wp-content\/uploads\/2019\/02\/IMG_20181217_111422-Medium.jpg'><img loading=\"lazy\" decoding=\"async\" width=\"150\" height=\"150\" src=\"https:\/\/sp1.kielce.eu\/wp-content\/uploads\/2019\/02\/IMG_20181217_111422-Medium-150x150.jpg\" class=\"attachment-thumbnail size-thumbnail\" alt=\"\" aria-describedby=\"gallery-1-6239\" \/><\/a>\n\t\t\t<\/div>\n\t\t\t\t<figcaption class='wp-caption-text gallery-caption' id='gallery-1-6239'>\n\t\t\t\t4\n\t\t\t\t<\/figcaption><\/figure><figure class='gallery-item'>\n\t\t\t<div class='gallery-icon portrait'>\n\t\t\t\t<a href='https:\/\/sp1.kielce.eu\/wp-content\/uploads\/2019\/02\/IMG_20181217_111549-Medium.jpg'><img loading=\"lazy\" decoding=\"async\" width=\"150\" height=\"150\" src=\"https:\/\/sp1.kielce.eu\/wp-content\/uploads\/2019\/02\/IMG_20181217_111549-Medium-150x150.jpg\" class=\"attachment-thumbnail size-thumbnail\" alt=\"\" aria-describedby=\"gallery-1-6240\" \/><\/a>\n\t\t\t<\/div>\n\t\t\t\t<figcaption class='wp-caption-text gallery-caption' id='gallery-1-6240'>\n\t\t\t\t5\n\t\t\t\t<\/figcaption><\/figure><figure class='gallery-item'>\n\t\t\t<div class='gallery-icon portrait'>\n\t\t\t\t<a href='https:\/\/sp1.kielce.eu\/wp-content\/uploads\/2019\/02\/IMG_20181217_111946-Medium.jpg'><img loading=\"lazy\" decoding=\"async\" width=\"150\" height=\"150\" src=\"https:\/\/sp1.kielce.eu\/wp-content\/uploads\/2019\/02\/IMG_20181217_111946-Medium-150x150.jpg\" class=\"attachment-thumbnail size-thumbnail\" alt=\"\" aria-describedby=\"gallery-1-6241\" \/><\/a>\n\t\t\t<\/div>\n\t\t\t\t<figcaption class='wp-caption-text gallery-caption' id='gallery-1-6241'>\n\t\t\t\t6\n\t\t\t\t<\/figcaption><\/figure><figure class='gallery-item'>\n\t\t\t<div class='gallery-icon portrait'>\n\t\t\t\t<a href='https:\/\/sp1.kielce.eu\/wp-content\/uploads\/2019\/02\/IMG_20190108_102802-Medium.jpg'><img loading=\"lazy\" decoding=\"async\" width=\"150\" height=\"150\" src=\"https:\/\/sp1.kielce.eu\/wp-content\/uploads\/2019\/02\/IMG_20190108_102802-Medium-150x150.jpg\" class=\"attachment-thumbnail size-thumbnail\" alt=\"\" aria-describedby=\"gallery-1-6242\" \/><\/a>\n\t\t\t<\/div>\n\t\t\t\t<figcaption class='wp-caption-text gallery-caption' id='gallery-1-6242'>\n\t\t\t\t7\n\t\t\t\t<\/figcaption><\/figure><figure class='gallery-item'>\n\t\t\t<div class='gallery-icon portrait'>\n\t\t\t\t<a href='https:\/\/sp1.kielce.eu\/wp-content\/uploads\/2019\/02\/IMG_20190108_114652-Medium.jpg'><img loading=\"lazy\" decoding=\"async\" width=\"150\" height=\"150\" src=\"https:\/\/sp1.kielce.eu\/wp-content\/uploads\/2019\/02\/IMG_20190108_114652-Medium-150x150.jpg\" class=\"attachment-thumbnail size-thumbnail\" alt=\"\" aria-describedby=\"gallery-1-6243\" \/><\/a>\n\t\t\t<\/div>\n\t\t\t\t<figcaption class='wp-caption-text gallery-caption' id='gallery-1-6243'>\n\t\t\t\t8\n\t\t\t\t<\/figcaption><\/figure><figure class='gallery-item'>\n\t\t\t<div class='gallery-icon portrait'>\n\t\t\t\t<a href='https:\/\/sp1.kielce.eu\/wp-content\/uploads\/2019\/02\/IMG_20190204_112028-Medium.jpg'><img loading=\"lazy\" decoding=\"async\" width=\"150\" height=\"150\" src=\"https:\/\/sp1.kielce.eu\/wp-content\/uploads\/2019\/02\/IMG_20190204_112028-Medium-150x150.jpg\" class=\"attachment-thumbnail size-thumbnail\" alt=\"\" aria-describedby=\"gallery-1-6244\" \/><\/a>\n\t\t\t<\/div>\n\t\t\t\t<figcaption class='wp-caption-text gallery-caption' id='gallery-1-6244'>\n\t\t\t\t9\n\t\t\t\t<\/figcaption><\/figure>\n\t\t<\/div>\n<\/li>\n<\/ol>\n","protected":false},"excerpt":{"rendered":"<p>W listopadzie 2019r. odby\u0142 si\u0119 wewn\u0105trzszkolny konkurs plastyczny pt.: \u201eBarwy jesieni\u201d. Do udzia\u0142u w nim [&hellip;]<\/p>\n","protected":false},"author":5,"featured_media":6244,"comment_status":"closed","ping_status":"open","sticky":false,"template":"","format":"standard","meta":{"footnotes":""},"categories":[22],"tags":[],"class_list":["post-6235","post","type-post","status-publish","format-standard","has-post-thumbnail","hentry","category-konkursy-konkursy-przedmiotowe"],"_links":{"self":[{"href":"https:\/\/sp1.kielce.eu\/index.php\/wp-json\/wp\/v2\/posts\/6235","targetHints":{"allow":["GET"]}}],"collection":[{"href":"https:\/\/sp1.kielce.eu\/index.php\/wp-json\/wp\/v2\/posts"}],"about":[{"href":"https:\/\/sp1.kielce.eu\/index.php\/wp-json\/wp\/v2\/types\/post"}],"author":[{"embeddable":true,"href":"https:\/\/sp1.kielce.eu\/index.php\/wp-json\/wp\/v2\/users\/5"}],"replies":[{"embeddable":true,"href":"https:\/\/sp1.kielce.eu\/index.php\/wp-json\/wp\/v2\/comments?post=6235"}],"version-history":[{"count":1,"href":"https:\/\/sp1.kielce.eu\/index.php\/wp-json\/wp\/v2\/posts\/6235\/revisions"}],"predecessor-version":[{"id":6245,"href":"https:\/\/sp1.kielce.eu\/index.php\/wp-json\/wp\/v2\/posts\/6235\/revisions\/6245"}],"wp:featuredmedia":[{"embeddable":true,"href":"https:\/\/sp1.kielce.eu\/index.php\/wp-json\/wp\/v2\/media\/6244"}],"wp:attachment":[{"href":"https:\/\/sp1.kielce.eu\/index.php\/wp-json\/wp\/v2\/media?parent=6235"}],"wp:term":[{"taxonomy":"category","embeddable":true,"href":"https:\/\/sp1.kielce.eu\/index.php\/wp-json\/wp\/v2\/categories?post=6235"},{"taxonomy":"post_tag","embeddable":true,"href":"https:\/\/sp1.kielce.eu\/index.php\/wp-json\/wp\/v2\/tags?post=6235"}],"curies":[{"name":"wp","href":"https:\/\/api.w.org\/{rel}","templated":true}]}}