{"id":5711,"date":"2018-11-21T21:23:11","date_gmt":"2018-11-21T20:23:11","guid":{"rendered":"http:\/\/sp1.kielce.eu\/?p=5711"},"modified":"2018-11-21T21:23:11","modified_gmt":"2018-11-21T20:23:11","slug":"ogolnopolski-konkurs-geograficzny-geo-planeta-2","status":"publish","type":"post","link":"https:\/\/sp1.kielce.eu\/index.php\/2018\/11\/21\/ogolnopolski-konkurs-geograficzny-geo-planeta-2\/","title":{"rendered":"Og\u00f3lnopolski Konkurs Geograficzny &#8222;Geo-Planeta&#8221;"},"content":{"rendered":"<p style=\"text-align: justify\">Dnia 21 listopada 2018 roku nasi uczniowie wzi\u0119li udzia\u0142 w Og\u00f3lnopolskim Konkursie Geograficznym &#8222;Geo \u2013 Planeta&#8221;. Celem konkursu jest:<\/p>\n<ul style=\"text-align: justify\">\n<li>poszerzenie w\u015br\u00f3d m\u0142odzie\u017cy wiedzy o geografii Polski i \u015bwiata;<\/li>\n<li>aktywizacja mi\u0142o\u015bnik\u00f3w ojczystej przyrody poprzez prezentowanie i honorowanie ich osi\u0105gni\u0119\u0107;<\/li>\n<li>rozwijanie w\u015br\u00f3d m\u0142odzie\u017cy pasji do zwiedzania, podr\u00f3\u017cowania i odkrywania r\u00f3\u017cnorodnych miejsc (szczeg\u00f3lnie zak\u0105tk\u00f3w Polski).<\/li>\n<\/ul>\n<p style=\"text-align: justify\">Konkurs organizowany jest przez Stowarzyszenie Upowszechniania Wiedzy i Kultury Regionalnej \u201ePokolenie\u201d, przy wsp\u00f3\u0142pracy merytorycznej Wydzia\u0142u Geografii i Studi\u00f3w Regionalnych Uniwersytetu Warszawskiego.<\/p>\n<p style=\"text-align: justify\">Wszystkim uczniom bior\u0105cym udzia\u0142 w konkursie \u017cyczymy samych sukces\u00f3w.<\/p>\n<p style=\"text-align: right\">Krystyna Banasik<\/p>\n<div id='gallery-1' class='gallery galleryid-5711 gallery-columns-2 gallery-size-thumbnail'><figure class='gallery-item'>\n\t\t\t<div class='gallery-icon landscape'>\n\t\t\t\t<a href='https:\/\/sp1.kielce.eu\/wp-content\/uploads\/2018\/11\/Geo-Planeta.jpg'><img loading=\"lazy\" decoding=\"async\" width=\"150\" height=\"150\" src=\"https:\/\/sp1.kielce.eu\/wp-content\/uploads\/2018\/11\/Geo-Planeta-150x150.jpg\" class=\"attachment-thumbnail size-thumbnail\" alt=\"\" aria-describedby=\"gallery-1-5712\" \/><\/a>\n\t\t\t<\/div>\n\t\t\t\t<figcaption class='wp-caption-text gallery-caption' id='gallery-1-5712'>\n\t\t\t\tGeo &#8211; Planeta\n\t\t\t\t<\/figcaption><\/figure><figure class='gallery-item'>\n\t\t\t<div class='gallery-icon landscape'>\n\t\t\t\t<a href='https:\/\/sp1.kielce.eu\/wp-content\/uploads\/2018\/11\/Geo-Planeta-1.jpg'><img loading=\"lazy\" decoding=\"async\" width=\"150\" height=\"150\" src=\"https:\/\/sp1.kielce.eu\/wp-content\/uploads\/2018\/11\/Geo-Planeta-1-150x150.jpg\" class=\"attachment-thumbnail size-thumbnail\" alt=\"\" aria-describedby=\"gallery-1-5713\" \/><\/a>\n\t\t\t<\/div>\n\t\t\t\t<figcaption class='wp-caption-text gallery-caption' id='gallery-1-5713'>\n\t\t\t\tGeo &#8211; Planeta\n\t\t\t\t<\/figcaption><\/figure>\n\t\t<\/div>\n\n<p style=\"text-align: center\">\n","protected":false},"excerpt":{"rendered":"<p>Dnia 21 listopada 2018 roku nasi uczniowie wzi\u0119li udzia\u0142 w Og\u00f3lnopolskim Konkursie Geograficznym &#8222;Geo \u2013 [&hellip;]<\/p>\n","protected":false},"author":6,"featured_media":5714,"comment_status":"closed","ping_status":"open","sticky":false,"template":"","format":"standard","meta":{"footnotes":""},"categories":[10],"tags":[],"class_list":["post-5711","post","type-post","status-publish","format-standard","has-post-thumbnail","hentry","category-konkursy-przedmiotowe"],"_links":{"self":[{"href":"https:\/\/sp1.kielce.eu\/index.php\/wp-json\/wp\/v2\/posts\/5711","targetHints":{"allow":["GET"]}}],"collection":[{"href":"https:\/\/sp1.kielce.eu\/index.php\/wp-json\/wp\/v2\/posts"}],"about":[{"href":"https:\/\/sp1.kielce.eu\/index.php\/wp-json\/wp\/v2\/types\/post"}],"author":[{"embeddable":true,"href":"https:\/\/sp1.kielce.eu\/index.php\/wp-json\/wp\/v2\/users\/6"}],"replies":[{"embeddable":true,"href":"https:\/\/sp1.kielce.eu\/index.php\/wp-json\/wp\/v2\/comments?post=5711"}],"version-history":[{"count":1,"href":"https:\/\/sp1.kielce.eu\/index.php\/wp-json\/wp\/v2\/posts\/5711\/revisions"}],"predecessor-version":[{"id":5715,"href":"https:\/\/sp1.kielce.eu\/index.php\/wp-json\/wp\/v2\/posts\/5711\/revisions\/5715"}],"wp:featuredmedia":[{"embeddable":true,"href":"https:\/\/sp1.kielce.eu\/index.php\/wp-json\/wp\/v2\/media\/5714"}],"wp:attachment":[{"href":"https:\/\/sp1.kielce.eu\/index.php\/wp-json\/wp\/v2\/media?parent=5711"}],"wp:term":[{"taxonomy":"category","embeddable":true,"href":"https:\/\/sp1.kielce.eu\/index.php\/wp-json\/wp\/v2\/categories?post=5711"},{"taxonomy":"post_tag","embeddable":true,"href":"https:\/\/sp1.kielce.eu\/index.php\/wp-json\/wp\/v2\/tags?post=5711"}],"curies":[{"name":"wp","href":"https:\/\/api.w.org\/{rel}","templated":true}]}}