{"id":567,"date":"2017-03-18T23:43:34","date_gmt":"2017-03-18T22:43:34","guid":{"rendered":"http:\/\/sp1.kielce.eu\/?p=567"},"modified":"2017-04-04T08:03:27","modified_gmt":"2017-04-04T06:03:27","slug":"wyborysu","status":"publish","type":"post","link":"https:\/\/sp1.kielce.eu\/index.php\/2017\/03\/18\/wyborysu\/","title":{"rendered":"Wybory Rady Samorz\u0105du Uczniowskiego"},"content":{"rendered":"<p style=\"text-align: justify;\">19.09.2016<\/p>\n<p style=\"text-align: justify;\">W tym roku szkolnym w sk\u0142ad Rady Samorz\u0105du Uczniowskiego wchodz\u0105:<br \/>\n&#8211; przewodnicz\u0105ca-\u00a0 Anna Koz\u0142owska z kl. 5a,<br \/>\n&#8211; zast\u0119pca przewodnicz\u0105cej\u00a0 \u2013 Julia Stycze\u0144 z klasy 5b,<br \/>\n&#8211; sekretarz &#8211; Jakub Malczewski z kl. 4a,<br \/>\n&#8211; skarbnik &#8211; Anna Wiktor z kl. 6a.<\/p>\n<p>\u017byczymy owocnej pracy.<\/p>\n<p>Samorz\u0105d Uczniowski to wszyscy uczniowie naszej szko\u0142y. Dlatego zach\u0119camy do czynnego udzia\u0142u we wszystkich akcjach i dzia\u0142aniach podejmowanych w ramach pracy samorz\u0105du.<\/p>\n<div style=\"text-align: right;\">Opiekunowie: R. Kozie\u0142, E. W\u00f3jcik, K.Szostak<\/div>\n<div style=\"text-align: left;\">\n<div id='gallery-1' class='gallery galleryid-567 gallery-columns-4 gallery-size-thumbnail'><figure class='gallery-item'>\n\t\t\t<div class='gallery-icon portrait'>\n\t\t\t\t<a href='https:\/\/sp1.kielce.eu\/index.php\/2017\/03\/18\/wyborysu\/su2\/'><img loading=\"lazy\" decoding=\"async\" width=\"150\" height=\"150\" src=\"https:\/\/sp1.kielce.eu\/wp-content\/uploads\/2017\/03\/su2-150x150.jpg\" class=\"attachment-thumbnail size-thumbnail\" alt=\"\" \/><\/a>\n\t\t\t<\/div><\/figure><figure class='gallery-item'>\n\t\t\t<div class='gallery-icon portrait'>\n\t\t\t\t<a href='https:\/\/sp1.kielce.eu\/index.php\/2017\/03\/18\/wyborysu\/su3\/'><img loading=\"lazy\" decoding=\"async\" width=\"150\" height=\"150\" src=\"https:\/\/sp1.kielce.eu\/wp-content\/uploads\/2017\/03\/su3-150x150.jpg\" class=\"attachment-thumbnail size-thumbnail\" alt=\"\" \/><\/a>\n\t\t\t<\/div><\/figure><figure class='gallery-item'>\n\t\t\t<div class='gallery-icon portrait'>\n\t\t\t\t<a href='https:\/\/sp1.kielce.eu\/index.php\/2017\/03\/18\/wyborysu\/su4\/'><img loading=\"lazy\" decoding=\"async\" width=\"150\" height=\"150\" src=\"https:\/\/sp1.kielce.eu\/wp-content\/uploads\/2017\/03\/su4-150x150.jpg\" class=\"attachment-thumbnail size-thumbnail\" alt=\"\" \/><\/a>\n\t\t\t<\/div><\/figure><figure class='gallery-item'>\n\t\t\t<div class='gallery-icon portrait'>\n\t\t\t\t<a href='https:\/\/sp1.kielce.eu\/index.php\/2017\/03\/18\/wyborysu\/su5\/'><img loading=\"lazy\" decoding=\"async\" width=\"150\" height=\"150\" src=\"https:\/\/sp1.kielce.eu\/wp-content\/uploads\/2017\/03\/su5-150x150.jpg\" class=\"attachment-thumbnail size-thumbnail\" alt=\"\" \/><\/a>\n\t\t\t<\/div><\/figure>\n\t\t<\/div>\n\n<\/div>\n","protected":false},"excerpt":{"rendered":"<p>19.09.2016 W tym roku szkolnym w sk\u0142ad Rady Samorz\u0105du Uczniowskiego wchodz\u0105: &#8211; przewodnicz\u0105ca-\u00a0 Anna Koz\u0142owska [&hellip;]<\/p>\n","protected":false},"author":4,"featured_media":568,"comment_status":"closed","ping_status":"open","sticky":false,"template":"","format":"standard","meta":{"footnotes":""},"categories":[18],"tags":[33],"class_list":["post-567","post","type-post","status-publish","format-standard","has-post-thumbnail","hentry","category-samorzad-uczniowoski","tag-samorzad"],"_links":{"self":[{"href":"https:\/\/sp1.kielce.eu\/index.php\/wp-json\/wp\/v2\/posts\/567","targetHints":{"allow":["GET"]}}],"collection":[{"href":"https:\/\/sp1.kielce.eu\/index.php\/wp-json\/wp\/v2\/posts"}],"about":[{"href":"https:\/\/sp1.kielce.eu\/index.php\/wp-json\/wp\/v2\/types\/post"}],"author":[{"embeddable":true,"href":"https:\/\/sp1.kielce.eu\/index.php\/wp-json\/wp\/v2\/users\/4"}],"replies":[{"embeddable":true,"href":"https:\/\/sp1.kielce.eu\/index.php\/wp-json\/wp\/v2\/comments?post=567"}],"version-history":[{"count":3,"href":"https:\/\/sp1.kielce.eu\/index.php\/wp-json\/wp\/v2\/posts\/567\/revisions"}],"predecessor-version":[{"id":1487,"href":"https:\/\/sp1.kielce.eu\/index.php\/wp-json\/wp\/v2\/posts\/567\/revisions\/1487"}],"wp:featuredmedia":[{"embeddable":true,"href":"https:\/\/sp1.kielce.eu\/index.php\/wp-json\/wp\/v2\/media\/568"}],"wp:attachment":[{"href":"https:\/\/sp1.kielce.eu\/index.php\/wp-json\/wp\/v2\/media?parent=567"}],"wp:term":[{"taxonomy":"category","embeddable":true,"href":"https:\/\/sp1.kielce.eu\/index.php\/wp-json\/wp\/v2\/categories?post=567"},{"taxonomy":"post_tag","embeddable":true,"href":"https:\/\/sp1.kielce.eu\/index.php\/wp-json\/wp\/v2\/tags?post=567"}],"curies":[{"name":"wp","href":"https:\/\/api.w.org\/{rel}","templated":true}]}}