{"id":5511,"date":"2018-10-29T08:21:37","date_gmt":"2018-10-29T07:21:37","guid":{"rendered":"http:\/\/sp1.kielce.eu\/?p=5511"},"modified":"2018-10-29T08:21:37","modified_gmt":"2018-10-29T07:21:37","slug":"xviii-dzien-papieski-w-sp1","status":"publish","type":"post","link":"https:\/\/sp1.kielce.eu\/index.php\/2018\/10\/29\/xviii-dzien-papieski-w-sp1\/","title":{"rendered":"XVIII Dzie\u0144 Papieski w SP1"},"content":{"rendered":"<p style=\"text-align: justify\">Z rado\u015bci\u0105 i dum\u0105 w sercach uczcili\u015bmy dzi\u015b &#8211; 16 pa\u017adziernika 2018 r. &#8211; czterdziest\u0105 rocznic\u0119 wyboru kardyna\u0142a Karola Wojty\u0142y na papie\u017ca &#8211; Jan Paw\u0142a II.<br \/>\nNa korytarzach naszej szko\u0142y oraz w sali katechetycznej zamie\u015bcili\u015bmy okoliczno\u015bciowe gazetki, foldery, zdj\u0119cia i materia\u0142y prasowe. Dyrekcja, nauczyciele i uczniowie od\u015bwi\u0119tnym strojem, w barwach papieskich podkre\u015blili wyj\u0105tkowo\u015b\u0107 tego dnia. Przed lekcjami i na katechezie za\u015bpiewali\u015bmy &#8222;Bark\u0119&#8221; &#8211; umi\u0142owan\u0105 pie\u015b\u0144 religijn\u0105 Papie\u017ca Polaka. &#8222;Galeria my\u015bli&#8221; naszego \u015bwi\u0119tego rodaka, przygotowana przez katechet\u00f3w i uczni\u00f3w klas starszych pobudzi\u0142a nas do refleksji i g\u0142\u0119bokiej zadumy nad najwa\u017cniejszymi warto\u015bciami w \u017cyciu ka\u017cdego cz\u0142owieka. Nie zabrak\u0142o czasu na pami\u0105tkowe zdj\u0119cia.<\/p>\n<div id='gallery-1' class='gallery galleryid-5511 gallery-columns-3 gallery-size-thumbnail'><figure class='gallery-item'>\n\t\t\t<div class='gallery-icon landscape'>\n\t\t\t\t<a href='https:\/\/sp1.kielce.eu\/wp-content\/uploads\/2018\/10\/20181016_095531-Medium.jpg'><img loading=\"lazy\" decoding=\"async\" width=\"150\" height=\"150\" src=\"https:\/\/sp1.kielce.eu\/wp-content\/uploads\/2018\/10\/20181016_095531-Medium-150x150.jpg\" class=\"attachment-thumbnail size-thumbnail\" alt=\"\" aria-describedby=\"gallery-1-5512\" \/><\/a>\n\t\t\t<\/div>\n\t\t\t\t<figcaption class='wp-caption-text gallery-caption' id='gallery-1-5512'>\n\t\t\t\t01\n\t\t\t\t<\/figcaption><\/figure><figure class='gallery-item'>\n\t\t\t<div class='gallery-icon landscape'>\n\t\t\t\t<a href='https:\/\/sp1.kielce.eu\/wp-content\/uploads\/2018\/10\/IMG_20181015_101042-Medium.jpg'><img loading=\"lazy\" decoding=\"async\" width=\"150\" height=\"150\" src=\"https:\/\/sp1.kielce.eu\/wp-content\/uploads\/2018\/10\/IMG_20181015_101042-Medium-150x150.jpg\" class=\"attachment-thumbnail size-thumbnail\" alt=\"\" aria-describedby=\"gallery-1-5513\" \/><\/a>\n\t\t\t<\/div>\n\t\t\t\t<figcaption class='wp-caption-text gallery-caption' id='gallery-1-5513'>\n\t\t\t\t02\n\t\t\t\t<\/figcaption><\/figure><figure class='gallery-item'>\n\t\t\t<div class='gallery-icon landscape'>\n\t\t\t\t<a href='https:\/\/sp1.kielce.eu\/wp-content\/uploads\/2018\/10\/IMG_20181015_101434-Medium.jpg'><img loading=\"lazy\" decoding=\"async\" width=\"150\" height=\"150\" src=\"https:\/\/sp1.kielce.eu\/wp-content\/uploads\/2018\/10\/IMG_20181015_101434-Medium-150x150.jpg\" class=\"attachment-thumbnail size-thumbnail\" alt=\"\" aria-describedby=\"gallery-1-5514\" \/><\/a>\n\t\t\t<\/div>\n\t\t\t\t<figcaption class='wp-caption-text gallery-caption' id='gallery-1-5514'>\n\t\t\t\t03\n\t\t\t\t<\/figcaption><\/figure><figure class='gallery-item'>\n\t\t\t<div class='gallery-icon landscape'>\n\t\t\t\t<a href='https:\/\/sp1.kielce.eu\/wp-content\/uploads\/2018\/10\/IMG_20181015_202838-Medium.jpg'><img loading=\"lazy\" decoding=\"async\" width=\"150\" height=\"150\" src=\"https:\/\/sp1.kielce.eu\/wp-content\/uploads\/2018\/10\/IMG_20181015_202838-Medium-150x150.jpg\" class=\"attachment-thumbnail size-thumbnail\" alt=\"\" aria-describedby=\"gallery-1-5515\" \/><\/a>\n\t\t\t<\/div>\n\t\t\t\t<figcaption class='wp-caption-text gallery-caption' id='gallery-1-5515'>\n\t\t\t\t04\n\t\t\t\t<\/figcaption><\/figure><figure class='gallery-item'>\n\t\t\t<div class='gallery-icon landscape'>\n\t\t\t\t<a href='https:\/\/sp1.kielce.eu\/wp-content\/uploads\/2018\/10\/IMG_20181016_114847-Medium.jpg'><img loading=\"lazy\" decoding=\"async\" width=\"150\" height=\"150\" src=\"https:\/\/sp1.kielce.eu\/wp-content\/uploads\/2018\/10\/IMG_20181016_114847-Medium-150x150.jpg\" class=\"attachment-thumbnail size-thumbnail\" alt=\"\" aria-describedby=\"gallery-1-5516\" \/><\/a>\n\t\t\t<\/div>\n\t\t\t\t<figcaption class='wp-caption-text gallery-caption' id='gallery-1-5516'>\n\t\t\t\t05\n\t\t\t\t<\/figcaption><\/figure><figure class='gallery-item'>\n\t\t\t<div class='gallery-icon landscape'>\n\t\t\t\t<a href='https:\/\/sp1.kielce.eu\/wp-content\/uploads\/2018\/10\/IMG_20181016_115402-Medium.jpg'><img loading=\"lazy\" decoding=\"async\" width=\"150\" height=\"150\" src=\"https:\/\/sp1.kielce.eu\/wp-content\/uploads\/2018\/10\/IMG_20181016_115402-Medium-150x150.jpg\" class=\"attachment-thumbnail size-thumbnail\" alt=\"\" aria-describedby=\"gallery-1-5517\" \/><\/a>\n\t\t\t<\/div>\n\t\t\t\t<figcaption class='wp-caption-text gallery-caption' id='gallery-1-5517'>\n\t\t\t\t06\n\t\t\t\t<\/figcaption><\/figure><figure class='gallery-item'>\n\t\t\t<div class='gallery-icon landscape'>\n\t\t\t\t<a href='https:\/\/sp1.kielce.eu\/wp-content\/uploads\/2018\/10\/IMG_20181016_121713-Medium.jpg'><img loading=\"lazy\" decoding=\"async\" width=\"150\" height=\"150\" src=\"https:\/\/sp1.kielce.eu\/wp-content\/uploads\/2018\/10\/IMG_20181016_121713-Medium-150x150.jpg\" class=\"attachment-thumbnail size-thumbnail\" alt=\"\" aria-describedby=\"gallery-1-5518\" \/><\/a>\n\t\t\t<\/div>\n\t\t\t\t<figcaption class='wp-caption-text gallery-caption' id='gallery-1-5518'>\n\t\t\t\t07\n\t\t\t\t<\/figcaption><\/figure>\n\t\t<\/div>\n\n","protected":false},"excerpt":{"rendered":"<p>Z rado\u015bci\u0105 i dum\u0105 w sercach uczcili\u015bmy dzi\u015b &#8211; 16 pa\u017adziernika 2018 r. &#8211; czterdziest\u0105 [&hellip;]<\/p>\n","protected":false},"author":5,"featured_media":5512,"comment_status":"closed","ping_status":"open","sticky":false,"template":"","format":"standard","meta":{"footnotes":""},"categories":[1],"tags":[],"class_list":["post-5511","post","type-post","status-publish","format-standard","has-post-thumbnail","hentry","category-bez-kategorii"],"_links":{"self":[{"href":"https:\/\/sp1.kielce.eu\/index.php\/wp-json\/wp\/v2\/posts\/5511","targetHints":{"allow":["GET"]}}],"collection":[{"href":"https:\/\/sp1.kielce.eu\/index.php\/wp-json\/wp\/v2\/posts"}],"about":[{"href":"https:\/\/sp1.kielce.eu\/index.php\/wp-json\/wp\/v2\/types\/post"}],"author":[{"embeddable":true,"href":"https:\/\/sp1.kielce.eu\/index.php\/wp-json\/wp\/v2\/users\/5"}],"replies":[{"embeddable":true,"href":"https:\/\/sp1.kielce.eu\/index.php\/wp-json\/wp\/v2\/comments?post=5511"}],"version-history":[{"count":1,"href":"https:\/\/sp1.kielce.eu\/index.php\/wp-json\/wp\/v2\/posts\/5511\/revisions"}],"predecessor-version":[{"id":5519,"href":"https:\/\/sp1.kielce.eu\/index.php\/wp-json\/wp\/v2\/posts\/5511\/revisions\/5519"}],"wp:featuredmedia":[{"embeddable":true,"href":"https:\/\/sp1.kielce.eu\/index.php\/wp-json\/wp\/v2\/media\/5512"}],"wp:attachment":[{"href":"https:\/\/sp1.kielce.eu\/index.php\/wp-json\/wp\/v2\/media?parent=5511"}],"wp:term":[{"taxonomy":"category","embeddable":true,"href":"https:\/\/sp1.kielce.eu\/index.php\/wp-json\/wp\/v2\/categories?post=5511"},{"taxonomy":"post_tag","embeddable":true,"href":"https:\/\/sp1.kielce.eu\/index.php\/wp-json\/wp\/v2\/tags?post=5511"}],"curies":[{"name":"wp","href":"https:\/\/api.w.org\/{rel}","templated":true}]}}