{"id":4603,"date":"2018-05-07T22:11:38","date_gmt":"2018-05-07T20:11:38","guid":{"rendered":"http:\/\/sp1.kielce.eu\/?p=4603"},"modified":"2019-10-03T22:23:34","modified_gmt":"2019-10-03T20:23:34","slug":"rajd-patriotyczny-przywrocmy-pamiec-zapomnianym-bohaterom","status":"publish","type":"post","link":"https:\/\/sp1.kielce.eu\/index.php\/2018\/05\/07\/rajd-patriotyczny-przywrocmy-pamiec-zapomnianym-bohaterom\/","title":{"rendered":"Rajd Patriotyczny \u201ePrzywr\u00f3\u0107my pami\u0119\u0107 zapomnianym Bohaterom\u201d"},"content":{"rendered":"<p style=\"text-align: justify\">Dnia 26 kwietnia 2018 roku dru\u017cyna&nbsp; z klas&nbsp; si\u00f3dmych w sk\u0142adzie:<\/p>\n<p style=\"text-align: justify\">Kasia Ko\u0142kiewicz, Hania Kwieci\u0144ska, Ma\u0142gosia Pietrzyk, Mateusz Walasek, Olgierd Lipiec, Krzysiek Lisowski, Wiktor Bartosik wzi\u0119\u0142a udzia\u0142 w Szkolnym Rajdzie Patriotycznym \u201ePrzywr\u00f3\u0107my pami\u0119\u0107 zapomnianym Bohaterom\u201d.<\/p>\n<p style=\"text-align: justify\">Uczniowie pokonywali tras\u0119 ok. 6km, wykonuj\u0105c r\u00f3\u017cne zadania: rozwi\u0105zywali rebusy, odszyfrowywali tekst, rozwi\u0105zywali sudoku, jak r\u00f3wnie\u017c odnajdowali cytaty znanych pisarzy. Dzi\u0119ki wspania\u0142ej zabawie mogli&nbsp; pozna\u0107 i przybli\u017cy\u0107&nbsp; histori\u0119 bohater\u00f3w z II wojny \u015bwiatowej, kt\u00f3rzy cz\u0119sto w ich wieku gin\u0119li za ojczyzn\u0119. Rajd zako\u0144czy\u0142 si\u0119 ogniskiem i pocz\u0119stunkiem na Karcz\u00f3wce.<\/p>\n<p style=\"text-align: right\">&nbsp;&nbsp;&nbsp;&nbsp;&nbsp;&nbsp;&nbsp;&nbsp;&nbsp;&nbsp;&nbsp;&nbsp;&nbsp;&nbsp;&nbsp;&nbsp;&nbsp;&nbsp;&nbsp;&nbsp;&nbsp;&nbsp;&nbsp;&nbsp;&nbsp;&nbsp;&nbsp;&nbsp;&nbsp;&nbsp;&nbsp;&nbsp;&nbsp;&nbsp;&nbsp;&nbsp;&nbsp;&nbsp;&nbsp;&nbsp;&nbsp;&nbsp;&nbsp;&nbsp;&nbsp;&nbsp;&nbsp;&nbsp;&nbsp;&nbsp;&nbsp;&nbsp;&nbsp;&nbsp;&nbsp;&nbsp;&nbsp;&nbsp;&nbsp;&nbsp;&nbsp;&nbsp;&nbsp;&nbsp;&nbsp;&nbsp;&nbsp;&nbsp;&nbsp;&nbsp;&nbsp;&nbsp;&nbsp;&nbsp;&nbsp;&nbsp;&nbsp;&nbsp;&nbsp;&nbsp;&nbsp; Opiekun Urszula Sodel<\/p>\n<div id='gallery-1' class='gallery galleryid-4603 gallery-columns-4 gallery-size-thumbnail'><figure class='gallery-item'>\n\t\t\t<div class='gallery-icon landscape'>\n\t\t\t\t<a href='https:\/\/sp1.kielce.eu\/wp-content\/uploads\/2018\/05\/Rajd.jpg'><img loading=\"lazy\" decoding=\"async\" width=\"150\" height=\"150\" src=\"https:\/\/sp1.kielce.eu\/wp-content\/uploads\/2018\/05\/Rajd-150x150.jpg\" class=\"attachment-thumbnail size-thumbnail\" alt=\"\" aria-describedby=\"gallery-1-4607\" \/><\/a>\n\t\t\t<\/div>\n\t\t\t\t<figcaption class='wp-caption-text gallery-caption' id='gallery-1-4607'>\n\t\t\t\tRajd\n\t\t\t\t<\/figcaption><\/figure><figure class='gallery-item'>\n\t\t\t<div class='gallery-icon landscape'>\n\t\t\t\t<a href='https:\/\/sp1.kielce.eu\/wp-content\/uploads\/2018\/05\/Rajd-2.jpg'><img loading=\"lazy\" decoding=\"async\" width=\"150\" height=\"150\" src=\"https:\/\/sp1.kielce.eu\/wp-content\/uploads\/2018\/05\/Rajd-2-150x150.jpg\" class=\"attachment-thumbnail size-thumbnail\" alt=\"\" aria-describedby=\"gallery-1-4604\" \/><\/a>\n\t\t\t<\/div>\n\t\t\t\t<figcaption class='wp-caption-text gallery-caption' id='gallery-1-4604'>\n\t\t\t\tRajd 2\n\t\t\t\t<\/figcaption><\/figure><figure class='gallery-item'>\n\t\t\t<div class='gallery-icon landscape'>\n\t\t\t\t<a href='https:\/\/sp1.kielce.eu\/wp-content\/uploads\/2018\/05\/Rajd-3.jpg'><img loading=\"lazy\" decoding=\"async\" width=\"150\" height=\"150\" src=\"https:\/\/sp1.kielce.eu\/wp-content\/uploads\/2018\/05\/Rajd-3-150x150.jpg\" class=\"attachment-thumbnail size-thumbnail\" alt=\"\" aria-describedby=\"gallery-1-4605\" \/><\/a>\n\t\t\t<\/div>\n\t\t\t\t<figcaption class='wp-caption-text gallery-caption' id='gallery-1-4605'>\n\t\t\t\tRajd 3\n\t\t\t\t<\/figcaption><\/figure><figure class='gallery-item'>\n\t\t\t<div class='gallery-icon landscape'>\n\t\t\t\t<a href='https:\/\/sp1.kielce.eu\/wp-content\/uploads\/2018\/05\/Rajd-4.jpg'><img loading=\"lazy\" decoding=\"async\" width=\"150\" height=\"150\" src=\"https:\/\/sp1.kielce.eu\/wp-content\/uploads\/2018\/05\/Rajd-4-150x150.jpg\" class=\"attachment-thumbnail size-thumbnail\" alt=\"\" aria-describedby=\"gallery-1-4606\" \/><\/a>\n\t\t\t<\/div>\n\t\t\t\t<figcaption class='wp-caption-text gallery-caption' id='gallery-1-4606'>\n\t\t\t\tRajd 4\n\t\t\t\t<\/figcaption><\/figure>\n\t\t<\/div>\n\n","protected":false},"excerpt":{"rendered":"<p>Dnia 26 kwietnia 2018 roku dru\u017cyna&nbsp; z klas&nbsp; si\u00f3dmych w sk\u0142adzie: Kasia Ko\u0142kiewicz, Hania Kwieci\u0144ska, [&hellip;]<\/p>\n","protected":false},"author":6,"featured_media":4604,"comment_status":"closed","ping_status":"open","sticky":false,"template":"","format":"standard","meta":{"footnotes":""},"categories":[3],"tags":[],"class_list":["post-4603","post","type-post","status-publish","format-standard","has-post-thumbnail","hentry","category-wycieczki"],"_links":{"self":[{"href":"https:\/\/sp1.kielce.eu\/index.php\/wp-json\/wp\/v2\/posts\/4603","targetHints":{"allow":["GET"]}}],"collection":[{"href":"https:\/\/sp1.kielce.eu\/index.php\/wp-json\/wp\/v2\/posts"}],"about":[{"href":"https:\/\/sp1.kielce.eu\/index.php\/wp-json\/wp\/v2\/types\/post"}],"author":[{"embeddable":true,"href":"https:\/\/sp1.kielce.eu\/index.php\/wp-json\/wp\/v2\/users\/6"}],"replies":[{"embeddable":true,"href":"https:\/\/sp1.kielce.eu\/index.php\/wp-json\/wp\/v2\/comments?post=4603"}],"version-history":[{"count":2,"href":"https:\/\/sp1.kielce.eu\/index.php\/wp-json\/wp\/v2\/posts\/4603\/revisions"}],"predecessor-version":[{"id":7828,"href":"https:\/\/sp1.kielce.eu\/index.php\/wp-json\/wp\/v2\/posts\/4603\/revisions\/7828"}],"wp:featuredmedia":[{"embeddable":true,"href":"https:\/\/sp1.kielce.eu\/index.php\/wp-json\/wp\/v2\/media\/4604"}],"wp:attachment":[{"href":"https:\/\/sp1.kielce.eu\/index.php\/wp-json\/wp\/v2\/media?parent=4603"}],"wp:term":[{"taxonomy":"category","embeddable":true,"href":"https:\/\/sp1.kielce.eu\/index.php\/wp-json\/wp\/v2\/categories?post=4603"},{"taxonomy":"post_tag","embeddable":true,"href":"https:\/\/sp1.kielce.eu\/index.php\/wp-json\/wp\/v2\/tags?post=4603"}],"curies":[{"name":"wp","href":"https:\/\/api.w.org\/{rel}","templated":true}]}}